{"id":179920,"date":"2025-08-20T18:00:29","date_gmt":"2025-08-20T21:00:29","guid":{"rendered":"https:\/\/cdnoticias.com\/?p=179920"},"modified":"2025-08-20T18:00:31","modified_gmt":"2025-08-20T21:00:31","slug":"material-educativo-promueve-la-visibilizacion-de-las-corporalidades-diversas","status":"publish","type":"post","link":"https:\/\/cdnoticias.com\/index.php\/2025\/08\/20\/material-educativo-promueve-la-visibilizacion-de-las-corporalidades-diversas\/","title":{"rendered":"Material educativo promueve la visibilizaci\u00f3n de las corporalidades diversas"},"content":{"rendered":"\n<p>\u201cInfancias y Corporalidades\u201d es un recurso para el nivel primario que invita a reconocer la existencia de diversos cuerpos y sexualidades. Fue elaborado por el Observatorio de la Ni\u00f1ez y Adolescencia de FACSO junto con instituciones educativas y organizaciones de la comunidad.<\/p>\n\n\n\n<hr class=\"wp-block-separator has-alpha-channel-opacity\"\/>\n\n\n\n<p>Con la<strong> Ley Nacional de Educaci\u00f3n Sexual Integral N\u00ba 26.150 <\/strong>como disparador,<strong> entre el 2022 y el 2025 el Observatorio de la Ni\u00f1ez y Adolescencia de la Facultad de Ciencias Sociales (UNICEN), llev\u00f3 adelante el desarrollo del material educativo \u201cInfancias y Corporalidades\u201d<\/strong>, una propuesta que<strong> busca superar las limitaciones de la ESI.<\/strong><\/p>\n\n\n\n<p><\/p>\n\n\n\n<p>Los recursos educativos fueron presentados d\u00edas atr\u00e1s en el Centro Cultural Universitario de Olavarr\u00eda, encuentro en el que <strong>participaron docentes de distintos niveles, estudiantes, autoridades de FACSO y p\u00fablico interesado en la tem\u00e1tica.<\/strong> La iniciativa se desprende del proyecto \u201cDiversidad, infancias y corporalidades: materiales educativos donde quepan todes\u201d, presentado en la 8\u00aa Convocatoria de Extensi\u00f3n de la Universidad Nacional del Centro de la Provincia de Buenos Aires, a trav\u00e9s de la Secretar\u00eda de Extensi\u00f3n de Rectorado, que dirigieron Laura Hoffmann y Gabriela Casenave.<\/p>\n\n\n\n<p><\/p>\n\n\n\n<p>La presentaci\u00f3n la coordinaron<strong> Laura Hoffmann y Laura Casamayou,<\/strong> por el Observatorio de la Ni\u00f1ez y Adolescencia (FACSO-UNICEN), <strong>Coty Probanza <\/strong>de la Asociaci\u00f3n Civil Criar con Alas y <strong>Victoria Altavista<\/strong>, por el Espacio de Diversidad Sexual y Disidencias del Sindicato de Trabajadores Municipales. En el desarrollo del proyecto, adem\u00e1s de las instituciones mencionadas participaron la Escuela Primaria N.\u00ba 49 y la Escuela de Artes Visuales \u201cMiguel \u00c1ngel Galgano\u201d.<\/p>\n\n\n\n<p><\/p>\n\n\n\n<blockquote class=\"wp-block-quote is-layout-flow wp-block-quote-is-layout-flow\">\n<p>La generaci\u00f3n de estos materiales educativos tiene como objetivo <strong>superar el modelo binario y biologicista<\/strong> y proponer la<strong> construcci\u00f3n de corporalidades desde la diversidad y subjetividad humana.<\/strong><\/p>\n<\/blockquote>\n\n\n\n<p><\/p>\n\n\n\n<p>\u201cEstoy muy emocionada por poder participar de este proyecto. <strong>Visibilizar las corporalidades trans es una lucha hist\u00f3rica, a\u00fan m\u00e1s en las escuelas, pero este un proyecto para toda la sociedad. <\/strong>Desde nivel inicial tenemos que saber que <strong>todas las corporalidades existen. <\/strong>Sin dudas esto va a llevar a una sociedad mejor e igualitaria\u201d, indic\u00f3 <strong>Coty Probanza.<\/strong><\/p>\n\n\n\n<p><\/p>\n\n\n\n<p>En similar sentido, <strong>Victoria Altavista <\/strong>reflexion\u00f3 que \u201c<strong>este es un ejemplo de que la lucha que venimos sosteniendo hace tantos a\u00f1os vale la pena. <\/strong>Esto habla de cambios positivos\u201d.<\/p>\n\n\n\n<p><\/p>\n\n\n\n<p>En el encuentro se escucharon los <strong>mensajes de Mar\u00eda Rachid, presidenta de la Federaci\u00f3n Argentina LGTB, y de Fabiana Reina y Mar\u00eda Laura Quintana, integrantes de la Fundaci\u00f3n Transformando Familias<\/strong>, quienes celebraron el desarrollo de esta propuesta que invita a superar las limitaciones de las herramientas que propone la Ley ESI y superar el modelo binario y biologicista, para construir corporalidades desde la diversidad y la subjetividad humana. En el encuentro se inform\u00f3 que el material educativo tambi\u00e9n se distribuir\u00e1 en la provincia de Tucum\u00e1n, donde tiene sede la Fundaci\u00f3n Transformando Familias.<\/p>\n\n\n\n<p><\/p>\n\n\n\n<figure class=\"wp-block-image size-full\"><img data-recalc-dims=\"1\" loading=\"lazy\" decoding=\"async\" width=\"800\" height=\"445\" src=\"https:\/\/i0.wp.com\/cdnoticias.com\/wp-content\/uploads\/2025\/08\/manual-infancias-corporalidades-02.png?resize=800%2C445&#038;ssl=1\" alt=\"\" class=\"wp-image-179921\" srcset=\"https:\/\/i0.wp.com\/cdnoticias.com\/wp-content\/uploads\/2025\/08\/manual-infancias-corporalidades-02.png?w=800&amp;ssl=1 800w, https:\/\/i0.wp.com\/cdnoticias.com\/wp-content\/uploads\/2025\/08\/manual-infancias-corporalidades-02.png?resize=300%2C167&amp;ssl=1 300w, https:\/\/i0.wp.com\/cdnoticias.com\/wp-content\/uploads\/2025\/08\/manual-infancias-corporalidades-02.png?resize=768%2C427&amp;ssl=1 768w\" sizes=\"auto, (max-width: 800px) 100vw, 800px\" \/><\/figure>\n\n\n\n<p><\/p>\n\n\n\n<p><strong>Transformando las aulas<\/strong><\/p>\n\n\n\n<p><\/p>\n\n\n\n<p>\u201cInfancias y Corporalidades\u201d es un <strong>breve manual <\/strong>cuyo objetivo es propiciar experiencias \u00e1ulicas que incorporen la multiplicidad de cuerpos, g\u00e9nero e identidades en la infancia.<\/p>\n\n\n\n<p><\/p>\n\n\n\n<p>Desde que se gest\u00f3 el proyecto, en el a\u00f1o 2022, el Observatorio de la Ni\u00f1ez y Adolescencia se vincul\u00f3 con distintas organizaciones sociales e instituciones educativas para desarrollar un producto que <strong>supere la representaci\u00f3n de cuerpos binarios y hegem\u00f3nicos en las l\u00e1minas y manuales educativos e incorpore las corporalidades travesti-trans.<\/strong><\/p>\n\n\n\n<p><\/p>\n\n\n\n<p>Este material educativo, destinado para el nivel primario, <strong>contiene cinco l\u00e1minas con la representaci\u00f3n de distintos cuerpos<\/strong>, adem\u00e1s de una cartilla con orientaciones para los\/as docentes, un glosario y diversas actividades.<\/p>\n\n\n\n<p><\/p>\n\n\n\n<p>Tal como se expres\u00f3 en la presentaci\u00f3n, <strong>\u201cInfancias y corporalidades\u201d <\/strong>no s\u00f3lo se propone que los\/as estudiantes reconozcan la diversidad de g\u00e9nero y de corporalidades, sino que esto les permita problematizar y reflexionar sobre las representaciones corporales binarias y hegem\u00f3nicas a trav\u00e9s de distintas im\u00e1genes y mantengan \u201cactitudes no discriminatorias y de respeto hacia sus pares abrazando la diversidad en todas sus formas\u201d.<\/p>\n\n\n\n<p><\/p>\n\n\n\n<p><strong>C\u00f3mo acceder<\/strong><\/p>\n\n\n\n<p><\/p>\n\n\n\n<p>El material educativo se encuentra en el link <a href=\"http:\/\/chrome-extension:\/\/efaidnbmnnnibpcajpcglclefindmkaj\/https:\/\/www.soc.unicen.edu.ar\/images\/M_images\/2025\/PDF\/Extension\/Material_Educativo_Infancias_y_Corporalidades.pdf\" data-type=\"link\" data-id=\"chrome-extension:\/\/efaidnbmnnnibpcajpcglclefindmkaj\/https:\/\/www.soc.unicen.edu.ar\/images\/M_images\/2025\/PDF\/Extension\/Material_Educativo_Infancias_y_Corporalidades.pdf\">disponible aqu\u00ed.<\/a><\/p>\n","protected":false},"excerpt":{"rendered":"<p>\u201cInfancias y Corporalidades\u201d es un recurso para el nivel primario que invita a reconocer la existencia de diversos cuerpos y<\/p>\n","protected":false},"author":5,"featured_media":179922,"comment_status":"closed","ping_status":"closed","sticky":false,"template":"","format":"standard","meta":{"_jetpack_memberships_contains_paid_content":false,"footnotes":""},"categories":[5,1],"tags":[],"class_list":["post-179920","post","type-post","status-publish","format-standard","has-post-thumbnail","hentry","category-informacion-general","category-portada"],"jetpack_featured_media_url":"https:\/\/i0.wp.com\/cdnoticias.com\/wp-content\/uploads\/2025\/08\/manual-infancias-corporalidades-01.png?fit=800%2C445&ssl=1","jetpack_sharing_enabled":true,"_links":{"self":[{"href":"https:\/\/cdnoticias.com\/index.php\/wp-json\/wp\/v2\/posts\/179920","targetHints":{"allow":["GET"]}}],"collection":[{"href":"https:\/\/cdnoticias.com\/index.php\/wp-json\/wp\/v2\/posts"}],"about":[{"href":"https:\/\/cdnoticias.com\/index.php\/wp-json\/wp\/v2\/types\/post"}],"author":[{"embeddable":true,"href":"https:\/\/cdnoticias.com\/index.php\/wp-json\/wp\/v2\/users\/5"}],"replies":[{"embeddable":true,"href":"https:\/\/cdnoticias.com\/index.php\/wp-json\/wp\/v2\/comments?post=179920"}],"version-history":[{"count":0,"href":"https:\/\/cdnoticias.com\/index.php\/wp-json\/wp\/v2\/posts\/179920\/revisions"}],"wp:featuredmedia":[{"embeddable":true,"href":"https:\/\/cdnoticias.com\/index.php\/wp-json\/wp\/v2\/media\/179922"}],"wp:attachment":[{"href":"https:\/\/cdnoticias.com\/index.php\/wp-json\/wp\/v2\/media?parent=179920"}],"wp:term":[{"taxonomy":"category","embeddable":true,"href":"https:\/\/cdnoticias.com\/index.php\/wp-json\/wp\/v2\/categories?post=179920"},{"taxonomy":"post_tag","embeddable":true,"href":"https:\/\/cdnoticias.com\/index.php\/wp-json\/wp\/v2\/tags?post=179920"}],"curies":[{"name":"wp","href":"https:\/\/api.w.org\/{rel}","templated":true}]}}