{"id":179913,"date":"2025-08-19T11:04:08","date_gmt":"2025-08-19T14:04:08","guid":{"rendered":"https:\/\/cdnoticias.com\/?p=179913"},"modified":"2025-08-20T08:28:41","modified_gmt":"2025-08-20T11:28:41","slug":"el-trabajador-tiene-que-hacer-peripecias-para-estirar-su-dinero","status":"publish","type":"post","link":"https:\/\/cdnoticias.com\/index.php\/2025\/08\/19\/el-trabajador-tiene-que-hacer-peripecias-para-estirar-su-dinero\/","title":{"rendered":"\u201cEl trabajador tiene que hacer peripecias para estirar su dinero\u201d"},"content":{"rendered":"\n<p>Lo dijo el comerciante Mario Lurbet, de Supermercado El Imparcial. Los precios de los productos y los cambios en el consumo. Advirti\u00f3 por el incremento del uso de tarjetas de cr\u00e9dito.<\/p>\n\n\n\n<hr class=\"wp-block-separator has-alpha-channel-opacity\"\/>\n\n\n\n<p><strong>Mario Lurbet, titular de Supermercado El Imparcial <\/strong>se refiri\u00f3 a la situaci\u00f3n de los<strong> precios de los alimentos en la actualidad y al cambio en el h\u00e1bito de consumo <\/strong>de los clientes debido al aumento del costo de vida.<\/p>\n\n\n\n<p><\/p>\n\n\n\n<p>En primer lugar, remarc\u00f3 que \u201chubo un<strong> cambio importante a partir de diciembre a la fecha con el tema del freno que se le puso a la inflaci\u00f3n. <\/strong>Eso ayud\u00f3 un mont\u00f3n al comercio porque ven\u00edamos de una remarcaci\u00f3n permanente\u201d.<\/p>\n\n\n\n<p><\/p>\n\n\n\n<p>Advirti\u00f3 una modificaci\u00f3n rotunda para los titulares de los comercios ya que \u201c<strong>ahora las empresas son las que tienen que vender. <\/strong>Hay un abanico muy importante de empresas que salen a ofrecer mercader\u00eda\u201d y agreg\u00f3 en di\u00e1logo con el programa <strong>Levantate por Radio Sapiens <\/strong>que \u201cen los \u00faltimos d\u00edas hubo un retoque entre algunas empresas de <strong>algunos art\u00edculos puntuales de un 2% o 3%. En otros art\u00edculos comestibles lleg\u00f3 entre un 5% y un 7%<\/strong>\u201d.<\/p>\n\n\n\n<p><\/p>\n\n\n\n<p>El comerciante atribuy\u00f3 este incremento del precio a lo sucedido con el <strong>aumento del valor del d\u00f3lar<\/strong>: \u201cno hay otro motivo, vengo observando el abanico que hay de oferentes, pero en empresas que son formadoras de precio, que son fabricantes, ah\u00ed es el precio que te ponen y te designan\u201d.<\/p>\n\n\n\n<p><\/p>\n\n\n\n<p><strong>Los h\u00e1bitos de consumo y los pagos de mercader\u00eda con tarjeta de cr\u00e9dito<\/strong><\/p>\n\n\n\n<p><\/p>\n\n\n\n<blockquote class=\"wp-block-quote is-layout-flow wp-block-quote-is-layout-flow\">\n<p>Otro de los puntos de an\u00e1lisis fueron los cambios en el comportamiento de los clientes al momento de hacer una compra. \u201cLos sueldos se han quedado entonces el trabajador tiene que hacer peripecias para estirar su dinero\u201d, afirm\u00f3.<\/p>\n<\/blockquote>\n\n\n\n<p><\/p>\n\n\n\n<p>\u201cFijate que los d\u00edas lunes ten\u00e9s descuento con una tarjeta, el martes con la Cuenta DNI, el mi\u00e9rcoles otro banco en tal cadena grande y as\u00ed sucesivamente\u201d, agreg\u00f3 Lurbet. <strong>\u201cTratan de aprovechar esos descuentos porque tienen que estirar el sueldo a m\u00e1s no poder\u201d.<\/strong><\/p>\n\n\n\n<p><\/p>\n\n\n\n<p>Uno de los rasgos distintivos que marc\u00f3 Lurbet en relaci\u00f3n a su experiencia en comercio de barrio, tiene que ver con la<strong> implementaci\u00f3n de pagos con tarjeta de cr\u00e9dito. <\/strong>\u201cNo ven\u00eda sucediendo, se ven\u00eda usando mucho la Cuenta DNI con la toma de los descuentos y despu\u00e9s el d\u00e9bito. Hace m\u00e1s o menos un mes y pico, dos meses, que <strong>se empez\u00f3 a utilizar la tarjeta de cr\u00e9dito como medio de pago<\/strong>\u201d.<\/p>\n\n\n\n<p><\/p>\n\n\n\n<p>Por \u00faltimo, se\u00f1al\u00f3 que \u201cla gente hoy tiene la posibilidad de estar muy informada, hoy casi todo el mundo sabe los precios porque hay muchas v\u00edas para poder consultar. <strong>Nosotros lo que tenemos que hacer es estar muy variado, surtido, competitivo como para atraer al cliente<\/strong>\u201d.<\/p>\n","protected":false},"excerpt":{"rendered":"<p>Lo dijo el comerciante Mario Lurbet, de Supermercado El Imparcial. Los precios de los productos y los cambios en el<\/p>\n","protected":false},"author":5,"featured_media":133325,"comment_status":"closed","ping_status":"closed","sticky":false,"template":"","format":"standard","meta":{"_jetpack_memberships_contains_paid_content":false,"footnotes":""},"categories":[5,1],"tags":[],"class_list":["post-179913","post","type-post","status-publish","format-standard","has-post-thumbnail","hentry","category-informacion-general","category-portada"],"jetpack_featured_media_url":"https:\/\/i0.wp.com\/cdnoticias.com\/wp-content\/uploads\/2024\/12\/mario-lurbe-el-imparcial-00.jpg?fit=1000%2C556&ssl=1","jetpack_sharing_enabled":true,"_links":{"self":[{"href":"https:\/\/cdnoticias.com\/index.php\/wp-json\/wp\/v2\/posts\/179913","targetHints":{"allow":["GET"]}}],"collection":[{"href":"https:\/\/cdnoticias.com\/index.php\/wp-json\/wp\/v2\/posts"}],"about":[{"href":"https:\/\/cdnoticias.com\/index.php\/wp-json\/wp\/v2\/types\/post"}],"author":[{"embeddable":true,"href":"https:\/\/cdnoticias.com\/index.php\/wp-json\/wp\/v2\/users\/5"}],"replies":[{"embeddable":true,"href":"https:\/\/cdnoticias.com\/index.php\/wp-json\/wp\/v2\/comments?post=179913"}],"version-history":[{"count":0,"href":"https:\/\/cdnoticias.com\/index.php\/wp-json\/wp\/v2\/posts\/179913\/revisions"}],"wp:featuredmedia":[{"embeddable":true,"href":"https:\/\/cdnoticias.com\/index.php\/wp-json\/wp\/v2\/media\/133325"}],"wp:attachment":[{"href":"https:\/\/cdnoticias.com\/index.php\/wp-json\/wp\/v2\/media?parent=179913"}],"wp:term":[{"taxonomy":"category","embeddable":true,"href":"https:\/\/cdnoticias.com\/index.php\/wp-json\/wp\/v2\/categories?post=179913"},{"taxonomy":"post_tag","embeddable":true,"href":"https:\/\/cdnoticias.com\/index.php\/wp-json\/wp\/v2\/tags?post=179913"}],"curies":[{"name":"wp","href":"https:\/\/api.w.org\/{rel}","templated":true}]}}