{"id":1799,"date":"2020-09-18T08:34:25","date_gmt":"2020-09-18T11:34:25","guid":{"rendered":"http:\/\/www.centraldenoticias.com.ar\/?p=1799"},"modified":"2020-09-18T09:12:38","modified_gmt":"2020-09-18T12:12:38","slug":"cuarentena-y-reunion-galli-repudio-el-allanamiento-a-macri","status":"publish","type":"post","link":"https:\/\/cdnoticias.com\/index.php\/2020\/09\/18\/cuarentena-y-reunion-galli-repudio-el-allanamiento-a-macri\/","title":{"rendered":"Cuarentena y reuni\u00f3n: Galli repudi\u00f3 el allanamiento a Macri"},"content":{"rendered":"<p>Denunci\u00f3 que el procedimiento realizado por efectivos de fuerzas federales \u201ces una provocaci\u00f3n\u201d y que en paralelo \u201chay una Argentina que nos reclama soluciones ante los graves problemas que estamos atravesando\u201d. Martin Yeza tambi\u00e9n repudi\u00f3: los dos estuvieron presentes en un encuentro con el ex Presidente.<!--more--><\/p>\n<hr \/>\n<p>Tras el <a href=\"https:\/\/cdnoticias.com\/index.php\/2020\/09\/17\/allanan-la-quinta-de-mauricio-macri-por-el-encuentro-con-ezequiel-galli\/\">allanamiento a la quinta del ex presidente Mauricio Macri por romper el aislamient<\/a>o y mantener una reuni\u00f3n con intendentes, <strong>el jefe comunal Ezequiel Galli repudi\u00f3 los hechos y se\u00f1al\u00f3 que se trat\u00f3 de \u201cuna provocaci\u00f3n\u201d.<\/strong><\/p>\n<p>&nbsp;<\/p>\n<p><strong>Galli fue uno de los participantes del <a href=\"https:\/\/cdnoticias.com\/index.php\/2020\/09\/11\/galli-con-macri-era-una-reunion-necesaria\/\">encuentro que encabez\u00f3 el ex mandatario nacional<\/a> y en el que tambi\u00e9n estuvieron Mart\u00edn Yeza (Pinamar) y Francisco Ratto (San Antonio de Areco).<\/strong> El cuestionamiento estuvo en que Macri hab\u00eda vuelto de Europa y estaba realizando el aislamiento preventivo. Los jefes comunales se defendieron al afirmar que fue una reuni\u00f3n \u201cal aire libre\u201d y bajo normativas sanitarias vigentes. <strong>En el allanamiento, buscaron corroborar dicha situaci\u00f3n.<\/strong><\/p>\n<p>&nbsp;<\/p>\n<p>Luego del procedimiento realizado por Polic\u00eda Federal, Galli tuite\u00f3 en horas de la noche que <em>\u201chay una Argentina que nos reclama soluciones ante los graves problemas que estamos atravesando\u201d<\/em>. Tras efectuar el correspondiente repudio, catalog\u00f3 los hechos como <strong><em>\u201cuna provocaci\u00f3n\u201d<\/em><\/strong>. <em>\u201cEse no es el camino\u201d<\/em> a\u00f1adi\u00f3.<\/p>\n<p>&nbsp;<\/p>\n<blockquote class=\"twitter-tweet\">\n<p dir=\"ltr\" lang=\"es\">Mi total repudio al allanamiento de la quinta donde nos reunimos con <a href=\"https:\/\/twitter.com\/mauriciomacri?ref_src=twsrc%5Etfw\">@mauriciomacri<\/a> .<\/p>\n<p>Hay una Argentina que nos reclama soluciones ante los graves problemas que estamos atravesando. Lo de hoy fue una provocaci\u00f3n y ese no es el camino.<\/p>\n<p>\u2014 Ezequiel Galli (@ezequielgalli) <a href=\"https:\/\/twitter.com\/ezequielgalli\/status\/1306760912125284352?ref_src=twsrc%5Etfw\">September 18, 2020<\/a><\/p><\/blockquote>\n<p><script async src=\"https:\/\/platform.twitter.com\/widgets.js\" charset=\"utf-8\"><\/script><\/p>\n<p>&nbsp;<\/p>\n<blockquote><p>Quien fue m\u00e1s profundo en sus declaraciones fue Yeza, que tambi\u00e9n utiliz\u00f3 las redes sociales para repudiar el allanamiento: \u201cEl domingo public\u00f3 una carta, preocupado por el avance del autoritarismo, \u00bfcu\u00e1l fue la respuesta? Le allanaron la casa para intimidarlo\/nos a todos\u201d.<\/p><\/blockquote>\n<p>&nbsp;<\/p>\n<p>Tras denunciar que el actual presidente Fern\u00e1ndez <em>\u201cse junta a comer asado y dice que no hay cuarentena en Argentina\u201d, \u201csomos muchos los argentinos que no vamos a permitir el avance del autoritarismo en Argentina. Allanarle la casa al ex presidente por juntarse a conversar, basado en un decreto nacional, no es grieta, es autoritarismo\u201d<\/em> cerr\u00f3.<\/p>\n","protected":false},"excerpt":{"rendered":"<p>Denunci\u00f3 que el procedimiento realizado por efectivos de fuerzas federales \u201ces una provocaci\u00f3n\u201d y que en paralelo \u201chay una Argentina<\/p>\n","protected":false},"author":2,"featured_media":1800,"comment_status":"closed","ping_status":"closed","sticky":false,"template":"","format":"standard","meta":{"_jetpack_memberships_contains_paid_content":false,"footnotes":""},"categories":[4,1],"tags":[],"class_list":["post-1799","post","type-post","status-publish","format-standard","has-post-thumbnail","hentry","category-politica","category-portada"],"jetpack_featured_media_url":"https:\/\/i0.wp.com\/cdnoticias.com\/wp-content\/uploads\/2020\/09\/Galli-Macri.jpg?fit=512%2C341&ssl=1","jetpack_sharing_enabled":true,"_links":{"self":[{"href":"https:\/\/cdnoticias.com\/index.php\/wp-json\/wp\/v2\/posts\/1799","targetHints":{"allow":["GET"]}}],"collection":[{"href":"https:\/\/cdnoticias.com\/index.php\/wp-json\/wp\/v2\/posts"}],"about":[{"href":"https:\/\/cdnoticias.com\/index.php\/wp-json\/wp\/v2\/types\/post"}],"author":[{"embeddable":true,"href":"https:\/\/cdnoticias.com\/index.php\/wp-json\/wp\/v2\/users\/2"}],"replies":[{"embeddable":true,"href":"https:\/\/cdnoticias.com\/index.php\/wp-json\/wp\/v2\/comments?post=1799"}],"version-history":[{"count":0,"href":"https:\/\/cdnoticias.com\/index.php\/wp-json\/wp\/v2\/posts\/1799\/revisions"}],"wp:featuredmedia":[{"embeddable":true,"href":"https:\/\/cdnoticias.com\/index.php\/wp-json\/wp\/v2\/media\/1800"}],"wp:attachment":[{"href":"https:\/\/cdnoticias.com\/index.php\/wp-json\/wp\/v2\/media?parent=1799"}],"wp:term":[{"taxonomy":"category","embeddable":true,"href":"https:\/\/cdnoticias.com\/index.php\/wp-json\/wp\/v2\/categories?post=1799"},{"taxonomy":"post_tag","embeddable":true,"href":"https:\/\/cdnoticias.com\/index.php\/wp-json\/wp\/v2\/tags?post=1799"}],"curies":[{"name":"wp","href":"https:\/\/api.w.org\/{rel}","templated":true}]}}