{"id":179881,"date":"2025-08-20T17:32:54","date_gmt":"2025-08-20T20:32:54","guid":{"rendered":"https:\/\/cdnoticias.com\/?p=179881"},"modified":"2025-08-20T17:32:56","modified_gmt":"2025-08-20T20:32:56","slug":"la-artista-angu-vazquez-dara-un-conversatorio-en-olavarria","status":"publish","type":"post","link":"https:\/\/cdnoticias.com\/index.php\/2025\/08\/20\/la-artista-angu-vazquez-dara-un-conversatorio-en-olavarria\/","title":{"rendered":"La artista Ang\u00fa Vazquez dar\u00e1 un conversatorio en Olavarr\u00eda"},"content":{"rendered":"\n<p>La actividad se da en el marco de su muestra \u201cSudestada\u201d la cual se encuentra en el Centro Cultural San Jos\u00e9.<\/p>\n\n\n\n<hr class=\"wp-block-separator aligncenter has-alpha-channel-opacity\"\/>\n\n\n\n<p>El pr\u00f3ximo<strong> s\u00e1bado 23 <\/strong>se llevar\u00e1 a cabo un<strong> conversatorio con la artista Ang\u00fa V\u00e1zquez<\/strong> en el marco de su<strong> muestra &#8220;Sudestada<\/strong>&#8221; que se expone en el <strong>Centro Cultural Municipal \u201cSan Jos\u00e9\u201d.<\/strong><\/p>\n\n\n\n<p><\/p>\n\n\n\n<blockquote class=\"wp-block-quote is-layout-flow wp-block-quote-is-layout-flow\">\n<p>El encuentro ser\u00e1 a las 15:30 horas, en Sala 1. En la oportunidad, la artista oriunda de Capital Federal compartir\u00e1 su proceso creativo, influencias y t\u00e9cnicas utilizadas en sus obras.<\/p>\n<\/blockquote>\n\n\n\n<p><\/p>\n\n\n\n<p>La muestra que contiene las<strong> obras de tres artistas m\u00e1s<\/strong> en simult\u00e1neo <a href=\"https:\/\/cdnoticias.com\/index.php\/2025\/07\/12\/silvio-oliva-drys-pensamos-la-muestra-en-pos-de-lo-social-que-cumple-ese-centro-cultural\/\" target=\"_blank\" rel=\"noreferrer noopener\">se inaugur\u00f3 el pasado 12 de julio y lleva la curadur\u00eda de Silvio Oliva Drys.<\/a><\/p>\n\n\n\n<p><\/p>\n\n\n\n<p>La actividad propone un <strong>espacio para el di\u00e1logo<\/strong>, donde se podr\u00e1n hacer preguntas, comentar y establecer una conexi\u00f3n m\u00e1s directa con el artista y su trabajo.<\/p>\n\n\n\n<p><\/p>\n","protected":false},"excerpt":{"rendered":"<p>La actividad se da en el marco de su muestra \u201cSudestada\u201d la cual se encuentra en el Centro Cultural San<\/p>\n","protected":false},"author":6,"featured_media":176829,"comment_status":"closed","ping_status":"closed","sticky":false,"template":"","format":"standard","meta":{"_jetpack_memberships_contains_paid_content":false,"footnotes":""},"categories":[9,1],"tags":[],"class_list":["post-179881","post","type-post","status-publish","format-standard","has-post-thumbnail","hentry","category-cultura","category-portada"],"jetpack_featured_media_url":"https:\/\/i0.wp.com\/cdnoticias.com\/wp-content\/uploads\/2025\/07\/nueva-muestra-sanjose4.jpg?fit=900%2C506&ssl=1","jetpack_sharing_enabled":true,"_links":{"self":[{"href":"https:\/\/cdnoticias.com\/index.php\/wp-json\/wp\/v2\/posts\/179881","targetHints":{"allow":["GET"]}}],"collection":[{"href":"https:\/\/cdnoticias.com\/index.php\/wp-json\/wp\/v2\/posts"}],"about":[{"href":"https:\/\/cdnoticias.com\/index.php\/wp-json\/wp\/v2\/types\/post"}],"author":[{"embeddable":true,"href":"https:\/\/cdnoticias.com\/index.php\/wp-json\/wp\/v2\/users\/6"}],"replies":[{"embeddable":true,"href":"https:\/\/cdnoticias.com\/index.php\/wp-json\/wp\/v2\/comments?post=179881"}],"version-history":[{"count":0,"href":"https:\/\/cdnoticias.com\/index.php\/wp-json\/wp\/v2\/posts\/179881\/revisions"}],"wp:featuredmedia":[{"embeddable":true,"href":"https:\/\/cdnoticias.com\/index.php\/wp-json\/wp\/v2\/media\/176829"}],"wp:attachment":[{"href":"https:\/\/cdnoticias.com\/index.php\/wp-json\/wp\/v2\/media?parent=179881"}],"wp:term":[{"taxonomy":"category","embeddable":true,"href":"https:\/\/cdnoticias.com\/index.php\/wp-json\/wp\/v2\/categories?post=179881"},{"taxonomy":"post_tag","embeddable":true,"href":"https:\/\/cdnoticias.com\/index.php\/wp-json\/wp\/v2\/tags?post=179881"}],"curies":[{"name":"wp","href":"https:\/\/api.w.org\/{rel}","templated":true}]}}