{"id":179874,"date":"2025-08-18T17:31:23","date_gmt":"2025-08-18T20:31:23","guid":{"rendered":"https:\/\/cdnoticias.com\/?p=179874"},"modified":"2025-08-18T20:13:46","modified_gmt":"2025-08-18T23:13:46","slug":"desde-que-asumio-milei-se-perdieron-223-537-puestos-de-trabajo-registrados","status":"publish","type":"post","link":"https:\/\/cdnoticias.com\/index.php\/2025\/08\/18\/desde-que-asumio-milei-se-perdieron-223-537-puestos-de-trabajo-registrados\/","title":{"rendered":"Desde que asumi\u00f3 Milei se perdieron 223.537 puestos de trabajo registrados"},"content":{"rendered":"\n<p>As\u00ed se desprende de datos de la Superintendencia de Riesgos del Trabajo, analizados por CEPA.&nbsp;<\/p>\n\n\n\n<hr class=\"wp-block-separator aligncenter has-alpha-channel-opacity\"\/>\n\n\n\n<p>M\u00e1s all\u00e1 de cierta estabilidad inflacionaria, la<strong> crisis en el mercado laboral <\/strong>sigue siendo una <strong>preocupaci\u00f3n de los argentinos.\u00a0<\/strong>En datos y cifras, <strong>desde que asumi\u00f3 el Gobierno Javier Milei,<\/strong> se redujo en 15.564 la cantidad de empleadores y <strong>se perdieron 223.537 puestos de trabajo registrados.<\/strong><\/p>\n\n\n\n<p><\/p>\n\n\n\n<p>As\u00ed lo reflej\u00f3 un estudio del <strong>Centro de Econom\u00eda Pol\u00edtica Argentina <\/strong>(CEPA), basado en datos de la Superintendencia de Riesgos del Trabajo (SRT), que toma cifras del per\u00edodo que va de noviembre de 2023 a mayo de 2025 y marca que la cantidad de empresas con empleados registrados cay\u00f3 de 512.357 a 496.793, lo que representa 15.564 firmas menos.<\/p>\n\n\n\n<p><\/p>\n\n\n\n<blockquote class=\"wp-block-quote is-layout-flow wp-block-quote-is-layout-flow\">\n<p>Seg\u00fan CEPA, los sectores m\u00e1s afectados en t\u00e9rminos absolutos fueron Transporte y almacenamiento (-4.094 empleadores), Servicios inmobiliarios (-2.617), Comercio (-2.387), Servicios profesionales, cient\u00edficos y t\u00e9cnicos (-1.783) y Construcci\u00f3n (-1.669).\u00a0<\/p>\n<\/blockquote>\n\n\n\n<p><\/p>\n\n\n\n<p>En t\u00e9rminos relativos, Transporte y almacenamiento lider\u00f3 la ca\u00edda con un -10,4%, seguido por Servicios de organizaciones y \u00f3rganos extraterritoriales (-9,5%) y Servicios inmobiliarios (-8,8%).&nbsp;<\/p>\n\n\n\n<p><\/p>\n\n\n\n<p>En este sentido, se destaca un dato: al analizar el cierre de empresas, se observa que<strong> los principales afectados son las de hasta 500 trabajadores:<\/strong> 99,69% del total de los casos (15.515 empresas menos).<\/p>\n\n\n\n<p><\/p>\n\n\n\n<blockquote class=\"wp-block-quote is-layout-flow wp-block-quote-is-layout-flow\">\n<p>Sobre la p\u00e9rdida de empleo registrado seg\u00fan el tama\u00f1o de las compa\u00f1\u00edas, se desprende que la mayor expulsi\u00f3n de empleados se concentr\u00f3 en las firmas de gran porte.<\/p>\n<\/blockquote>\n\n\n\n<p><\/p>\n\n\n\n<p>Por otro lado, en el mismo per\u00edodo, <strong>la cantidad de trabajadores registrados en unidades productivas se redujo un 2,27%<\/strong>, lo que representa una p\u00e9rdida de <strong>223.537 puestos<\/strong>, al pasar de 9.857.173 en noviembre de 2023 a 9.633.636 en mayo de 2025.<\/p>\n\n\n\n<p><\/p>\n\n\n\n<p>El sector m\u00e1s afectado en t\u00e9rminos de p\u00e9rdida de puestos de trabajo fue el de<strong> Administraci\u00f3n p\u00fablica, defensa y seguridad social obligatoria,<\/strong> con una<strong> reducci\u00f3n de 98.653 trabajadores entre noviembre de 2023 y mayo de 2025.\u00a0<\/strong><\/p>\n\n\n\n<p><\/p>\n\n\n\n<p>Le sigue el<strong> sector de Construcci\u00f3n,<\/strong> que perdi\u00f3 80.873 puestos en el mismo per\u00edodo. Tambi\u00e9n registraron ca\u00eddas significativas los sectores de<strong> Servicios de transporte y almacenamiento,<\/strong> con 54.935 empleos menos, y la <strong>Industria manufacturera,<\/strong> con una p\u00e9rdida de 39.016 puestos de trabajo.\u00a0<\/p>\n\n\n\n<p><\/p>\n\n\n\n<p><em>Fuente: DIB\u00a0<\/em><\/p>\n","protected":false},"excerpt":{"rendered":"<p>As\u00ed se desprende de datos de la Superintendencia de Riesgos del Trabajo, analizados por CEPA.&nbsp; M\u00e1s all\u00e1 de cierta estabilidad<\/p>\n","protected":false},"author":6,"featured_media":123813,"comment_status":"closed","ping_status":"closed","sticky":false,"template":"","format":"standard","meta":{"_jetpack_memberships_contains_paid_content":false,"footnotes":""},"categories":[6,1],"tags":[],"class_list":["post-179874","post","type-post","status-publish","format-standard","has-post-thumbnail","hentry","category-nacionales","category-portada"],"jetpack_featured_media_url":"https:\/\/i0.wp.com\/cdnoticias.com\/wp-content\/uploads\/2024\/08\/DIB-industria-trabajo.jpg?fit=1000%2C563&ssl=1","jetpack_sharing_enabled":true,"_links":{"self":[{"href":"https:\/\/cdnoticias.com\/index.php\/wp-json\/wp\/v2\/posts\/179874","targetHints":{"allow":["GET"]}}],"collection":[{"href":"https:\/\/cdnoticias.com\/index.php\/wp-json\/wp\/v2\/posts"}],"about":[{"href":"https:\/\/cdnoticias.com\/index.php\/wp-json\/wp\/v2\/types\/post"}],"author":[{"embeddable":true,"href":"https:\/\/cdnoticias.com\/index.php\/wp-json\/wp\/v2\/users\/6"}],"replies":[{"embeddable":true,"href":"https:\/\/cdnoticias.com\/index.php\/wp-json\/wp\/v2\/comments?post=179874"}],"version-history":[{"count":0,"href":"https:\/\/cdnoticias.com\/index.php\/wp-json\/wp\/v2\/posts\/179874\/revisions"}],"wp:featuredmedia":[{"embeddable":true,"href":"https:\/\/cdnoticias.com\/index.php\/wp-json\/wp\/v2\/media\/123813"}],"wp:attachment":[{"href":"https:\/\/cdnoticias.com\/index.php\/wp-json\/wp\/v2\/media?parent=179874"}],"wp:term":[{"taxonomy":"category","embeddable":true,"href":"https:\/\/cdnoticias.com\/index.php\/wp-json\/wp\/v2\/categories?post=179874"},{"taxonomy":"post_tag","embeddable":true,"href":"https:\/\/cdnoticias.com\/index.php\/wp-json\/wp\/v2\/tags?post=179874"}],"curies":[{"name":"wp","href":"https:\/\/api.w.org\/{rel}","templated":true}]}}