{"id":179852,"date":"2025-08-18T14:54:08","date_gmt":"2025-08-18T17:54:08","guid":{"rendered":"https:\/\/cdnoticias.com\/?p=179852"},"modified":"2025-08-27T10:31:48","modified_gmt":"2025-08-27T13:31:48","slug":"legislativas-nacionales-la-provincia-tiene-12-listas-de-candidatos-a-diputados","status":"publish","type":"post","link":"https:\/\/cdnoticias.com\/index.php\/2025\/08\/18\/legislativas-nacionales-la-provincia-tiene-12-listas-de-candidatos-a-diputados\/","title":{"rendered":"Legislativas nacionales: la Provincia tiene 12 listas de candidatos a diputados"},"content":{"rendered":"<p>Se renovar\u00e1n 35 bancas en el Congreso. La competencia central tendr\u00e1 a Jos\u00e9 Luis Espert, primero en La Libertad Avanza, y a Jorge Taiana, primero en Fuerza Patria. En las candidaturas confirmadas hay un olavarriense: en el partido Nuevo M\u00e1s.<!--more--><\/p>\n<hr \/>\n<p>Para las <strong>elecciones Legislativas nacionales<\/strong>, a celebrarse el <a href=\"https:\/\/cdnoticias.com\/index.php\/2025\/03\/15\/las-elecciones-nacionales-seran-el-26-de-octubre-la-justicia-definio-el-cronograma\/\" target=\"_blank\" rel=\"noopener\">26 de octubre<\/a>, se inscribieron <strong>12 listas para competir en la provincia de Buenos Aires<\/strong> que elegir\u00e1 <strong>35 diputados nacionales<\/strong>. El cierre de listas fue durante el fin de semana.<\/p>\n<p>La <strong>competencia central<\/strong> se dar\u00e1 entre el oficialismo nacional, <strong>La Libertad Avanza<\/strong>, y el oficialismo bonaerense, <strong>Fuerza Patria<\/strong>. Entre las candidaturas confirmadas hasta ahora, <strong>hay un olavarriense: en el partido Nuevo M\u00e1s se postul\u00f3 Alejandro Schmale.<\/strong><\/p>\n<p><strong>Jos\u00e9 Luis Espert<\/strong> encabezar\u00e1 la lista por Alianza La Libertad Avanza, secundado por la ex modelo y conductora televisiva Karen Reichardt. Diego Santilli tendr\u00e1 el tercer lugar en la lista.<\/p>\n<p>Fuerza Patria llevar\u00e1 en primer lugar a<strong> Jorge Taiana<\/strong>, ex canciller durante las presidencias de N\u00e9stor Kirchner y Cristina Fern\u00e1ndez (2005-2010). Lo siguen Jimena L\u00f3pez, referente dentro del Frente Renovador de Sergio Massa, y Juan Grabois quien fue una de las sorpresas del cierre ya que se hab\u00eda posicionado en reiteradas ocasiones en contra de la unidad.<\/p>\n<p>Por afuera de la unidad peronista se present\u00f3 <strong>Uni\u00f3n Federal con el intendente Fernando Fray<\/strong> como primer candidato. Mar\u00eda Guazzaroni y Federico Martelli completan los tres primeros lugares. En el mismo espectro ideol\u00f3gico, el <strong>Movimiento Democracia Confederal<\/strong> se present\u00f3 con Santiago C\u00faneo.<\/p>\n<p><strong>Provincias Unidas<\/strong> llevar\u00e1 a<strong> Florencio Randazzo<\/strong>, ex ministro del interior durante el gobierno de Cristina Fern\u00e1ndez de Kirchner (2012-2015), como candidato en la provincia por el frente integrado por los gobernadores Juan Schiaretti (C\u00f3rdoba), Maximiliano Pullaro (Santa Fe), Carlos Sadir (Jujuy), Ignacio Torres (Chubut) y Claudio Vidal (Santa Cruz). Estar\u00e1 acompa\u00f1ado por Margarita Stolbizer y Emilio Monz\u00f3.<\/p>\n<p>El<strong> Frente de Izquierda<\/strong> lleva como cabeza de lista a Nicol\u00e1s del Ca\u00f1o, seguido por Romina Del Pl\u00e1 y Juan Carlos Giordano.<\/p>\n<p><img data-recalc-dims=\"1\" loading=\"lazy\" decoding=\"async\" class=\"alignnone size-full wp-image-90673 aligncenter\" src=\"https:\/\/i0.wp.com\/cdnoticias.com\/wp-content\/uploads\/2023\/07\/schmale-alejandro01.jpg?resize=800%2C445&#038;ssl=1\" alt=\"\" width=\"800\" height=\"445\" srcset=\"https:\/\/i0.wp.com\/cdnoticias.com\/wp-content\/uploads\/2023\/07\/schmale-alejandro01.jpg?w=800&amp;ssl=1 800w, https:\/\/i0.wp.com\/cdnoticias.com\/wp-content\/uploads\/2023\/07\/schmale-alejandro01.jpg?resize=300%2C167&amp;ssl=1 300w, https:\/\/i0.wp.com\/cdnoticias.com\/wp-content\/uploads\/2023\/07\/schmale-alejandro01.jpg?resize=768%2C427&amp;ssl=1 768w\" sizes=\"auto, (max-width: 800px) 100vw, 800px\" \/><\/p>\n<blockquote><p>Nuevo M\u00e1s present\u00f3 a su principal figura, Manuela Casta\u00f1eira, arriba en la lista de candidatos. En esta lista est\u00e1 quien fue precandidato a intendente en Olavarr\u00eda por el espacio, Alejandro Schmale, en el lugar 34\u00ba.<\/p><\/blockquote>\n<p>El <strong>Frente Potencia<\/strong> tiene a Mar\u00eda Eugenia Talerico como cabeza de lista mientras que <strong>Propuesta Federal<\/strong> tiene a Fernando Burlando en el primer lugar y <strong>Uni\u00f3n Liberal<\/strong> lleva a Roberto Cachanosky. <strong>Proyecto Sur<\/strong> volvi\u00f3 a presentar una postulaci\u00f3n por su lado con Ricardo Alfons\u00edn como primer postulante. Tambi\u00e9n <strong>Frente Patriota Federal<\/strong> se present\u00f3 y su primer candidato es el reconocido empresario Alberto Samid.<\/p>\n","protected":false},"excerpt":{"rendered":"<p>Se renovar\u00e1n 35 bancas en el Congreso. La competencia central tendr\u00e1 a Jos\u00e9 Luis Espert, primero en La Libertad Avanza,<\/p>\n","protected":false},"author":4,"featured_media":171607,"comment_status":"closed","ping_status":"closed","sticky":false,"template":"","format":"standard","meta":{"_jetpack_memberships_contains_paid_content":false,"footnotes":""},"categories":[4,1],"tags":[],"class_list":["post-179852","post","type-post","status-publish","format-standard","has-post-thumbnail","hentry","category-politica","category-portada"],"jetpack_featured_media_url":"https:\/\/i0.wp.com\/cdnoticias.com\/wp-content\/uploads\/2025\/05\/DIB-urnas-elecciones.jpeg?fit=630%2C420&ssl=1","jetpack_sharing_enabled":true,"_links":{"self":[{"href":"https:\/\/cdnoticias.com\/index.php\/wp-json\/wp\/v2\/posts\/179852","targetHints":{"allow":["GET"]}}],"collection":[{"href":"https:\/\/cdnoticias.com\/index.php\/wp-json\/wp\/v2\/posts"}],"about":[{"href":"https:\/\/cdnoticias.com\/index.php\/wp-json\/wp\/v2\/types\/post"}],"author":[{"embeddable":true,"href":"https:\/\/cdnoticias.com\/index.php\/wp-json\/wp\/v2\/users\/4"}],"replies":[{"embeddable":true,"href":"https:\/\/cdnoticias.com\/index.php\/wp-json\/wp\/v2\/comments?post=179852"}],"version-history":[{"count":0,"href":"https:\/\/cdnoticias.com\/index.php\/wp-json\/wp\/v2\/posts\/179852\/revisions"}],"wp:featuredmedia":[{"embeddable":true,"href":"https:\/\/cdnoticias.com\/index.php\/wp-json\/wp\/v2\/media\/171607"}],"wp:attachment":[{"href":"https:\/\/cdnoticias.com\/index.php\/wp-json\/wp\/v2\/media?parent=179852"}],"wp:term":[{"taxonomy":"category","embeddable":true,"href":"https:\/\/cdnoticias.com\/index.php\/wp-json\/wp\/v2\/categories?post=179852"},{"taxonomy":"post_tag","embeddable":true,"href":"https:\/\/cdnoticias.com\/index.php\/wp-json\/wp\/v2\/tags?post=179852"}],"curies":[{"name":"wp","href":"https:\/\/api.w.org\/{rel}","templated":true}]}}