{"id":17985,"date":"2021-04-05T10:41:42","date_gmt":"2021-04-05T13:41:42","guid":{"rendered":"http:\/\/www.centraldenoticias.com.ar\/?p=17985"},"modified":"2021-04-05T10:41:42","modified_gmt":"2021-04-05T13:41:42","slug":"ines-nelly-cattolica-viuda-de-crespo-vivi-q-e-p-d","status":"publish","type":"post","link":"https:\/\/cdnoticias.com\/index.php\/2021\/04\/05\/ines-nelly-cattolica-viuda-de-crespo-vivi-q-e-p-d\/","title":{"rendered":"Ines Nelly Cattolica Viuda De Crespo &#8221;Vivi&#8221; (Q.E.P.D.)"},"content":{"rendered":"<p>Falleci\u00f3 en Bol\u00edvar el d\u00eda 5 de abril de 2021 a los 84 a\u00f1os de edad. Sus hijos Omar y M\u00f3nica, su nuera Gladys, sus nietos Facundo, Santiago, Bel\u00e9n y dem\u00e1s deudos participan su fallecimiento.<\/p>\n<p>Sin velatorio. Inhumaci\u00f3n: Cementerio Loma De Paz, lunes a las 15:30 hs. Servicio adherido a Coopelectric.<\/p>\n<p>Barrio en el que viv\u00eda: Lujan<\/p>\n<p>Lugar de nacimiento: La Plata<\/p>\n<p>Actividad que desarrollaba: Pensionada<\/p>\n","protected":false},"excerpt":{"rendered":"<p>Falleci\u00f3 en Bol\u00edvar el d\u00eda 5 de abril de 2021 a los 84 a\u00f1os de edad. Sus hijos Omar y<\/p>\n","protected":false},"author":4,"featured_media":0,"comment_status":"closed","ping_status":"closed","sticky":false,"template":"","format":"standard","meta":{"_jetpack_memberships_contains_paid_content":false,"footnotes":""},"categories":[10],"tags":[],"class_list":["post-17985","post","type-post","status-publish","format-standard","hentry","category-necrologicas"],"jetpack_featured_media_url":"","jetpack_sharing_enabled":true,"_links":{"self":[{"href":"https:\/\/cdnoticias.com\/index.php\/wp-json\/wp\/v2\/posts\/17985","targetHints":{"allow":["GET"]}}],"collection":[{"href":"https:\/\/cdnoticias.com\/index.php\/wp-json\/wp\/v2\/posts"}],"about":[{"href":"https:\/\/cdnoticias.com\/index.php\/wp-json\/wp\/v2\/types\/post"}],"author":[{"embeddable":true,"href":"https:\/\/cdnoticias.com\/index.php\/wp-json\/wp\/v2\/users\/4"}],"replies":[{"embeddable":true,"href":"https:\/\/cdnoticias.com\/index.php\/wp-json\/wp\/v2\/comments?post=17985"}],"version-history":[{"count":0,"href":"https:\/\/cdnoticias.com\/index.php\/wp-json\/wp\/v2\/posts\/17985\/revisions"}],"wp:attachment":[{"href":"https:\/\/cdnoticias.com\/index.php\/wp-json\/wp\/v2\/media?parent=17985"}],"wp:term":[{"taxonomy":"category","embeddable":true,"href":"https:\/\/cdnoticias.com\/index.php\/wp-json\/wp\/v2\/categories?post=17985"},{"taxonomy":"post_tag","embeddable":true,"href":"https:\/\/cdnoticias.com\/index.php\/wp-json\/wp\/v2\/tags?post=17985"}],"curies":[{"name":"wp","href":"https:\/\/api.w.org\/{rel}","templated":true}]}}