{"id":179848,"date":"2025-08-18T14:23:15","date_gmt":"2025-08-18T17:23:15","guid":{"rendered":"https:\/\/cdnoticias.com\/?p=179848"},"modified":"2025-08-18T14:26:19","modified_gmt":"2025-08-18T17:26:19","slug":"maria-cristina-italiani-castro-viuda-de-alfieri-maribel-q-e-p-d","status":"publish","type":"post","link":"https:\/\/cdnoticias.com\/index.php\/2025\/08\/18\/maria-cristina-italiani-castro-viuda-de-alfieri-maribel-q-e-p-d\/","title":{"rendered":"Mar\u00eda Cristina Italiani Castro viuda de Alfieri \u201cMaribel\u201d (Q.E.P.D.)"},"content":{"rendered":"<p>Falleci\u00f3 en Olavarr\u00eda el 18 de agosto de 2025 a los 94 a\u00f1os.<\/p>\n<p>Sus hijos Enrique, Mauricio, Susana y Karen; sus hijas pol\u00edticas Silvana y Silvia; sus nietos Emilio y Silvina, Luciano y Mariana, Victoria y Federico, Mar\u00eda, Bautista, Ignacia, Ferm\u00edn y Victoria; sus bisnietos Pedro, Justina y Baltazar; sus sobrinos Juan Manuel, Ricardo, Marcos, Maite y dem\u00e1s deudos participan su fallecimiento.<\/p>\n<p>Sus restos ser\u00e1n velados en la Sala de Espa\u00f1a 2942 departamento \u201cF\u201d este lunes 18 de agosto de 17:00 a 19:00 horas y reabrir\u00e1 el martes 19 de agosto de 10:00 a 11:30 horas. Previo responso en la Capilla Ardiente, ser\u00e1n inhumados en el Cementerio Loma de Paz el mismo martes a las 11:30 horas. Servicio adherido a Coopelectric.<\/p>\n<p>Nacida en Olavarr\u00eda, vecina de Microcentro, ama de casa.<\/p>\n<p>Se ruega no enviar flores y destinar su importe al Hogar de Ni\u00f1as San Jos\u00e9.<\/p>\n","protected":false},"excerpt":{"rendered":"<p>Falleci\u00f3 en Olavarr\u00eda el 18 de agosto de 2025 a los 94 a\u00f1os. Sus hijos Enrique, Mauricio, Susana y Karen;<\/p>\n","protected":false},"author":4,"featured_media":51544,"comment_status":"closed","ping_status":"closed","sticky":false,"template":"","format":"standard","meta":{"_jetpack_memberships_contains_paid_content":false,"footnotes":""},"categories":[10],"tags":[],"class_list":["post-179848","post","type-post","status-publish","format-standard","has-post-thumbnail","hentry","category-necrologicas"],"jetpack_featured_media_url":"https:\/\/i0.wp.com\/cdnoticias.com\/wp-content\/uploads\/2022\/04\/necrologicas-390-x-240.jpg?fit=390%2C240&ssl=1","jetpack_sharing_enabled":true,"_links":{"self":[{"href":"https:\/\/cdnoticias.com\/index.php\/wp-json\/wp\/v2\/posts\/179848","targetHints":{"allow":["GET"]}}],"collection":[{"href":"https:\/\/cdnoticias.com\/index.php\/wp-json\/wp\/v2\/posts"}],"about":[{"href":"https:\/\/cdnoticias.com\/index.php\/wp-json\/wp\/v2\/types\/post"}],"author":[{"embeddable":true,"href":"https:\/\/cdnoticias.com\/index.php\/wp-json\/wp\/v2\/users\/4"}],"replies":[{"embeddable":true,"href":"https:\/\/cdnoticias.com\/index.php\/wp-json\/wp\/v2\/comments?post=179848"}],"version-history":[{"count":0,"href":"https:\/\/cdnoticias.com\/index.php\/wp-json\/wp\/v2\/posts\/179848\/revisions"}],"wp:featuredmedia":[{"embeddable":true,"href":"https:\/\/cdnoticias.com\/index.php\/wp-json\/wp\/v2\/media\/51544"}],"wp:attachment":[{"href":"https:\/\/cdnoticias.com\/index.php\/wp-json\/wp\/v2\/media?parent=179848"}],"wp:term":[{"taxonomy":"category","embeddable":true,"href":"https:\/\/cdnoticias.com\/index.php\/wp-json\/wp\/v2\/categories?post=179848"},{"taxonomy":"post_tag","embeddable":true,"href":"https:\/\/cdnoticias.com\/index.php\/wp-json\/wp\/v2\/tags?post=179848"}],"curies":[{"name":"wp","href":"https:\/\/api.w.org\/{rel}","templated":true}]}}