{"id":179832,"date":"2025-08-18T09:47:37","date_gmt":"2025-08-18T12:47:37","guid":{"rendered":"https:\/\/cdnoticias.com\/?p=179832"},"modified":"2025-08-18T14:15:45","modified_gmt":"2025-08-18T17:15:45","slug":"proyecto-legislativo-bajar-el-costo-de-alumbrado-publico-para-pequenos-comercios-de-azul","status":"publish","type":"post","link":"https:\/\/cdnoticias.com\/index.php\/2025\/08\/18\/proyecto-legislativo-bajar-el-costo-de-alumbrado-publico-para-pequenos-comercios-de-azul\/","title":{"rendered":"Proyecto legislativo: bajar el costo de alumbrado p\u00fablico para peque\u00f1os comercios de Azul"},"content":{"rendered":"<p>Se tratar\u00e1 en breve en el HCD. Aseguran que beneficiar\u00e1 a unos 2500 comerciantes. La redistribuci\u00f3n de cargas en el r\u00e9gimen tarifario y el \u201cesfuerzo\u201d de la cooperativa.<!--more--><\/p>\n<hr \/>\n<p>En el<strong> Concejo Deliberante de Azul<\/strong> se tratar\u00e1<strong> este martes<\/strong> un <strong>proyecto de ordenanza<\/strong> que tiene como objetivo <strong>beneficiar a peque\u00f1os comerciantes mediante la reducci\u00f3n del cobro del alumbrado p\u00fablico.<\/strong><\/p>\n<p>La modificaci\u00f3n del r\u00e9gimen tarifario plantea <strong>una baja de hasta el 40% en el costo<\/strong> que actualmente se abona durante un a\u00f1o. Alcanza a los <strong>comerciantes que gastan hasta 2000 Kwh<\/strong>. Sus autores, <em>los concejales Nicol\u00e1s Cartolano (bloque Peronismo para el Desarrollo) y Jorge Ferrarello (UCR para el Desarrollo)<\/em>, indicaron que <strong>beneficiar\u00e1 a unos 2.500 comerciantes<\/strong>.<\/p>\n<p>El proyecto tiene<em> despachos favorables de las comisiones de Obras P\u00fablicas y de Interpretaci\u00f3n.<\/em><\/p>\n<blockquote><p>Cartolano resalt\u00f3 que \u201clo importante es entender que este beneficio directamente va a los comercios, a los comercios m\u00e1s peque\u00f1os que est\u00e1n en una situaci\u00f3n realmente muy dif\u00edcil\u201d.<\/p><\/blockquote>\n<p>Acerca de la modificaci\u00f3n tarifaria detall\u00f3 c\u00f3mo se definen las <strong>categor\u00edas de cobro del alumbrado<\/strong> para explicar que el descuento para las que abarcan a los peque\u00f1os comerciantes <strong>se traducir\u00e1 en un aumento para las restantes categor\u00edas<\/strong> sobre las que consider\u00f3 que no ser\u00e1 perjudicial. \u201cTodo lo que se le saca a las seis primeras categor\u00edas y se pone en las \u00faltimas tres, <strong>tampoco es que lo van a pagar de forma directa esas tres, sino que van a tener la posibilidad de deducirlo del impuesto a las Ganancias\u201d<\/strong> dijo el concejal azule\u00f1o.<\/p>\n<p>Jorge Ferrarello tambi\u00e9n reconoci\u00f3 que <strong>la cooperativa el\u00e9ctrica de Azul (CEAL) tambi\u00e9n \u201cabsorbe ese beneficio<\/strong> que van a tener los comercios m\u00e1s chicos. Es decir, una parte la cooperativa pone tambi\u00e9n, hace un esfuerzo\u201d.<\/p>\n<p>Fuente: <em>Diario El Tiempo<\/em><\/p>\n","protected":false},"excerpt":{"rendered":"<p>Se tratar\u00e1 en breve en el HCD. Aseguran que beneficiar\u00e1 a unos 2500 comerciantes. La redistribuci\u00f3n de cargas en el<\/p>\n","protected":false},"author":4,"featured_media":179833,"comment_status":"closed","ping_status":"closed","sticky":false,"template":"","format":"standard","meta":{"_jetpack_memberships_contains_paid_content":false,"footnotes":""},"categories":[6,1],"tags":[],"class_list":["post-179832","post","type-post","status-publish","format-standard","has-post-thumbnail","hentry","category-nacionales","category-portada"],"jetpack_featured_media_url":"https:\/\/i0.wp.com\/cdnoticias.com\/wp-content\/uploads\/2025\/08\/alumbrado-publico-00.jpg?fit=800%2C445&ssl=1","jetpack_sharing_enabled":true,"_links":{"self":[{"href":"https:\/\/cdnoticias.com\/index.php\/wp-json\/wp\/v2\/posts\/179832","targetHints":{"allow":["GET"]}}],"collection":[{"href":"https:\/\/cdnoticias.com\/index.php\/wp-json\/wp\/v2\/posts"}],"about":[{"href":"https:\/\/cdnoticias.com\/index.php\/wp-json\/wp\/v2\/types\/post"}],"author":[{"embeddable":true,"href":"https:\/\/cdnoticias.com\/index.php\/wp-json\/wp\/v2\/users\/4"}],"replies":[{"embeddable":true,"href":"https:\/\/cdnoticias.com\/index.php\/wp-json\/wp\/v2\/comments?post=179832"}],"version-history":[{"count":0,"href":"https:\/\/cdnoticias.com\/index.php\/wp-json\/wp\/v2\/posts\/179832\/revisions"}],"wp:featuredmedia":[{"embeddable":true,"href":"https:\/\/cdnoticias.com\/index.php\/wp-json\/wp\/v2\/media\/179833"}],"wp:attachment":[{"href":"https:\/\/cdnoticias.com\/index.php\/wp-json\/wp\/v2\/media?parent=179832"}],"wp:term":[{"taxonomy":"category","embeddable":true,"href":"https:\/\/cdnoticias.com\/index.php\/wp-json\/wp\/v2\/categories?post=179832"},{"taxonomy":"post_tag","embeddable":true,"href":"https:\/\/cdnoticias.com\/index.php\/wp-json\/wp\/v2\/tags?post=179832"}],"curies":[{"name":"wp","href":"https:\/\/api.w.org\/{rel}","templated":true}]}}