{"id":179753,"date":"2025-08-17T09:23:52","date_gmt":"2025-08-17T12:23:52","guid":{"rendered":"https:\/\/cdnoticias.com\/?p=179753"},"modified":"2025-08-17T09:23:54","modified_gmt":"2025-08-17T12:23:54","slug":"somos-olavarria-continua-recorriendo-barrios-y-localidades-del-partido","status":"publish","type":"post","link":"https:\/\/cdnoticias.com\/index.php\/2025\/08\/17\/somos-olavarria-continua-recorriendo-barrios-y-localidades-del-partido\/","title":{"rendered":"Somos Olavarr\u00eda contin\u00faa recorriendo barrios y localidades del Partido"},"content":{"rendered":"\n<p>Con los candidatos a concejales Bel\u00e9n Vergel y Sebasti\u00e1n Matrella a la cabeza, en la jornada de este s\u00e1bado estuvieron presentes en Sierra Chica, Hinojo, Pueblo Nuevo y El Provincial.<\/p>\n\n\n\n<hr class=\"wp-block-separator has-alpha-channel-opacity\"\/>\n\n\n\n<p>Somos Olavarr\u00eda contin\u00faa recorriendo barrios y localidades de todo el Partido. Con los<strong> candidatos a concejales Bel\u00e9n Vergel y Sebasti\u00e1n Matrella<\/strong> a la cabeza, durante la jornada de este s\u00e1bado estuvieron presentes en<strong> Sierra Chica, Hinojo, Pueblo Nuevo y El Provincial.<\/strong><\/p>\n\n\n\n<p><\/p>\n\n\n\n<p>Durante las recorridas pudieron <strong>dialogar con vecinos y vecinas de los diferentes sectores, <\/strong>quienes les contaron sobre sus problem\u00e1ticas, preocupaciones y necesidades.<\/p>\n\n\n\n<p><\/p>\n\n\n\n<p>A su vez, tambi\u00e9n aprovecharon la ocasi\u00f3n para comentarles las <strong>propuestas del espacio de cara a las<\/strong> <strong>Elecciones Legislativas del 7 de septiembre.<\/strong><\/p>\n\n\n\n<p><\/p>\n\n\n\n<figure class=\"wp-block-image size-full\"><img data-recalc-dims=\"1\" loading=\"lazy\" decoding=\"async\" width=\"800\" height=\"445\" src=\"https:\/\/i0.wp.com\/cdnoticias.com\/wp-content\/uploads\/2025\/08\/somos-olavarria-ucr-recorrida-02.png?resize=800%2C445&#038;ssl=1\" alt=\"\" class=\"wp-image-179755\" srcset=\"https:\/\/i0.wp.com\/cdnoticias.com\/wp-content\/uploads\/2025\/08\/somos-olavarria-ucr-recorrida-02.png?w=800&amp;ssl=1 800w, https:\/\/i0.wp.com\/cdnoticias.com\/wp-content\/uploads\/2025\/08\/somos-olavarria-ucr-recorrida-02.png?resize=300%2C167&amp;ssl=1 300w, https:\/\/i0.wp.com\/cdnoticias.com\/wp-content\/uploads\/2025\/08\/somos-olavarria-ucr-recorrida-02.png?resize=768%2C427&amp;ssl=1 768w\" sizes=\"auto, (max-width: 800px) 100vw, 800px\" \/><\/figure>\n\n\n\n<p><\/p>\n\n\n\n<p>En este sentido, <strong>Vergel <\/strong>manifest\u00f3: \u201choy ha sido un d\u00eda sumamente positivo, donde la recepci\u00f3n fue excelente. Casa por casa pudimos contar nuestras propuestas y presentar a nuestros candidatos\u201d.<\/p>\n\n\n\n<p><\/p>\n\n\n\n<blockquote class=\"wp-block-quote is-layout-flow wp-block-quote-is-layout-flow\">\n<p>\u201cSomos un gran equipo, comprometido y con amor por nuestra ciudad y eso se ve y se transmite en cada salida\u201d, finaliz\u00f3.<\/p>\n<\/blockquote>\n\n\n\n<p><\/p>\n\n\n\n<p>Por su parte,<strong> Matrella<\/strong> se\u00f1al\u00f3 que \u201cdurante las recorridas conversamos con vecinos y comerciantes y llevamos nuestras propuestas para trabajar por una mejor Olavarr\u00eda\u201d.<\/p>\n\n\n\n<p><\/p>\n\n\n\n<figure class=\"wp-block-image size-full\"><img data-recalc-dims=\"1\" loading=\"lazy\" decoding=\"async\" width=\"800\" height=\"445\" src=\"https:\/\/i0.wp.com\/cdnoticias.com\/wp-content\/uploads\/2025\/08\/somos-olavarria-ucr-recorrida-03.png?resize=800%2C445&#038;ssl=1\" alt=\"\" class=\"wp-image-179754\" srcset=\"https:\/\/i0.wp.com\/cdnoticias.com\/wp-content\/uploads\/2025\/08\/somos-olavarria-ucr-recorrida-03.png?w=800&amp;ssl=1 800w, https:\/\/i0.wp.com\/cdnoticias.com\/wp-content\/uploads\/2025\/08\/somos-olavarria-ucr-recorrida-03.png?resize=300%2C167&amp;ssl=1 300w, https:\/\/i0.wp.com\/cdnoticias.com\/wp-content\/uploads\/2025\/08\/somos-olavarria-ucr-recorrida-03.png?resize=768%2C427&amp;ssl=1 768w\" sizes=\"auto, (max-width: 800px) 100vw, 800px\" \/><\/figure>\n\n\n\n<p><\/p>\n\n\n\n<p>En esta misma l\u00ednea, expres\u00f3: \u201ctambi\u00e9n hablamos de la importancia que tiene que este 7 de septiembre nos acerquemos todos a votar\u201d.<\/p>\n\n\n\n<p><\/p>\n\n\n\n<p>Por \u00faltimo, <strong>Karina Ostertag<\/strong> sostuvo que \u201clos vecinos nos reciben muy bien, escuchan nuestras propuestas y tambi\u00e9n nos transmiten las problem\u00e1ticas y las necesidades que presentan cada uno de los sectores en los que viven y transitan el d\u00eda a d\u00eda\u201d.<\/p>\n","protected":false},"excerpt":{"rendered":"<p>Con los candidatos a concejales Bel\u00e9n Vergel y Sebasti\u00e1n Matrella a la cabeza, en la jornada de este s\u00e1bado estuvieron<\/p>\n","protected":false},"author":5,"featured_media":179756,"comment_status":"closed","ping_status":"closed","sticky":false,"template":"","format":"standard","meta":{"_jetpack_memberships_contains_paid_content":false,"footnotes":""},"categories":[4,1],"tags":[],"class_list":["post-179753","post","type-post","status-publish","format-standard","has-post-thumbnail","hentry","category-politica","category-portada"],"jetpack_featured_media_url":"https:\/\/i0.wp.com\/cdnoticias.com\/wp-content\/uploads\/2025\/08\/somos-olavarria-ucr-recorrida-01.png?fit=800%2C445&ssl=1","jetpack_sharing_enabled":true,"_links":{"self":[{"href":"https:\/\/cdnoticias.com\/index.php\/wp-json\/wp\/v2\/posts\/179753","targetHints":{"allow":["GET"]}}],"collection":[{"href":"https:\/\/cdnoticias.com\/index.php\/wp-json\/wp\/v2\/posts"}],"about":[{"href":"https:\/\/cdnoticias.com\/index.php\/wp-json\/wp\/v2\/types\/post"}],"author":[{"embeddable":true,"href":"https:\/\/cdnoticias.com\/index.php\/wp-json\/wp\/v2\/users\/5"}],"replies":[{"embeddable":true,"href":"https:\/\/cdnoticias.com\/index.php\/wp-json\/wp\/v2\/comments?post=179753"}],"version-history":[{"count":0,"href":"https:\/\/cdnoticias.com\/index.php\/wp-json\/wp\/v2\/posts\/179753\/revisions"}],"wp:featuredmedia":[{"embeddable":true,"href":"https:\/\/cdnoticias.com\/index.php\/wp-json\/wp\/v2\/media\/179756"}],"wp:attachment":[{"href":"https:\/\/cdnoticias.com\/index.php\/wp-json\/wp\/v2\/media?parent=179753"}],"wp:term":[{"taxonomy":"category","embeddable":true,"href":"https:\/\/cdnoticias.com\/index.php\/wp-json\/wp\/v2\/categories?post=179753"},{"taxonomy":"post_tag","embeddable":true,"href":"https:\/\/cdnoticias.com\/index.php\/wp-json\/wp\/v2\/tags?post=179753"}],"curies":[{"name":"wp","href":"https:\/\/api.w.org\/{rel}","templated":true}]}}