{"id":179692,"date":"2025-08-16T11:01:46","date_gmt":"2025-08-16T14:01:46","guid":{"rendered":"https:\/\/cdnoticias.com\/?p=179692"},"modified":"2025-08-16T17:16:25","modified_gmt":"2025-08-16T20:16:25","slug":"habra-transporte-gratuito-para-llegar-al-festival-de-las-infancias-en-la-sociedad-rural","status":"publish","type":"post","link":"https:\/\/cdnoticias.com\/index.php\/2025\/08\/16\/habra-transporte-gratuito-para-llegar-al-festival-de-las-infancias-en-la-sociedad-rural\/","title":{"rendered":"Habr\u00e1 transporte gratuito para llegar al Festival de las Infancias en la Sociedad Rural"},"content":{"rendered":"\n<p>El evento es organizado por el Municipio y MANO. Ser\u00e1 este domingo desde las 14 horas con entrada libre y gratuita. Se podr\u00e1 disfrutar de numerosas propuestas recreativas y culturales.<\/p>\n\n\n\n<hr class=\"wp-block-separator has-alpha-channel-opacity\"\/>\n\n\n\n<p>Este domingo se llevar\u00e1 a cabo una <strong>nueva edici\u00f3n del Festival de las Infancias,<\/strong> el tradicional evento organizado en conjunto entre el <strong>Municipio y MANO.<\/strong><\/p>\n\n\n\n<p><\/p>\n\n\n\n<p>En esta ocasi\u00f3n el evento <strong>se realizar\u00e1 este domingo en el predio ferial de la Sociedad Rural, sobre avenida Ituzaing\u00f3 al 200, a partir de las 14 horas y con entrada libre y gratuita, <\/strong>por lo que se invita a la comunidad de todo el partido a ser parte.<\/p>\n\n\n\n<p><\/p>\n\n\n\n<p>Durante la tarde se brindar\u00e1n <strong>numerosas propuestas recreativas y culturales para todas las edades,<\/strong> con el objetivo de que chicos y chicas puedan disfrutar de su d\u00eda de la mejor manera.<\/p>\n\n\n\n<p><\/p>\n\n\n\n<p>Se dispondr\u00e1n espacios para que <strong>accedan a chocolate y merienda<\/strong>, como as\u00ed tambi\u00e9n a pochoclos, cubanito y licuados.<\/p>\n\n\n\n<p><\/p>\n\n\n\n<figure class=\"wp-block-image size-large\"><img data-recalc-dims=\"1\" loading=\"lazy\" decoding=\"async\" width=\"800\" height=\"445\" src=\"https:\/\/i0.wp.com\/cdnoticias.com\/wp-content\/uploads\/2024\/08\/dia-infancias-mano8.jpg?resize=800%2C445&#038;ssl=1\" alt=\"\" class=\"wp-image-123222\" srcset=\"https:\/\/i0.wp.com\/cdnoticias.com\/wp-content\/uploads\/2024\/08\/dia-infancias-mano8.jpg?resize=1024%2C570&amp;ssl=1 1024w, https:\/\/i0.wp.com\/cdnoticias.com\/wp-content\/uploads\/2024\/08\/dia-infancias-mano8.jpg?resize=300%2C167&amp;ssl=1 300w, https:\/\/i0.wp.com\/cdnoticias.com\/wp-content\/uploads\/2024\/08\/dia-infancias-mano8.jpg?resize=768%2C428&amp;ssl=1 768w, https:\/\/i0.wp.com\/cdnoticias.com\/wp-content\/uploads\/2024\/08\/dia-infancias-mano8.jpg?resize=800%2C445&amp;ssl=1 800w, https:\/\/i0.wp.com\/cdnoticias.com\/wp-content\/uploads\/2024\/08\/dia-infancias-mano8.jpg?w=1072&amp;ssl=1 1072w\" sizes=\"auto, (max-width: 800px) 100vw, 800px\" \/><\/figure>\n\n\n\n<p><\/p>\n\n\n\n<p>Adem\u00e1s, tambi\u00e9n habr\u00e1 lugar para <strong>parkour y los tradicionales juegos inflables, <\/strong>que estar\u00e1n distintos sitios del predio, donde tambi\u00e9n podr\u00e1n verse<strong> stands de bibliotecas populares, del \u00e1rea municipal del Patrimonio y del Polo Educativo y Recreativo \u201cLa M\u00e1xima\u201d.<\/strong><\/p>\n\n\n\n<p><\/p>\n\n\n\n<p>Una de las principales atracciones ser\u00e1 la<strong> sala fl\u00fao<\/strong>, que estar\u00e1 ubicada en el pabell\u00f3n Igui\u00f1iz.<\/p>\n\n\n\n<p><\/p>\n\n\n\n<p>Se contar\u00e1 con un <strong>escenario principal 360\u00b0, <\/strong>donde se realizar\u00e1n las presentaciones de<strong> Caty Weslate, Elvira y Cirilo Champi\u00f1on. <\/strong>Adem\u00e1s, durante toda la jornada se contar\u00e1 con la presencia de <strong>estatuas vivientes y artistas itinerantes, <\/strong>quienes recorrer\u00e1n todo el predio con<strong> shows de telas, circo, malabares y payasos.<\/strong><\/p>\n\n\n\n<p><\/p>\n\n\n\n<p>Vale destacar que tambi\u00e9n se contar\u00e1 con un<strong> espacio amigable donde se brindar\u00e1n diversas propuestas recreativas para personas con discapacidad.<\/strong><\/p>\n\n\n\n<p><\/p>\n\n\n\n<figure class=\"wp-block-image size-large\"><img data-recalc-dims=\"1\" loading=\"lazy\" decoding=\"async\" width=\"800\" height=\"445\" src=\"https:\/\/i0.wp.com\/cdnoticias.com\/wp-content\/uploads\/2024\/08\/dia-infancias-mano13.jpg?resize=800%2C445&#038;ssl=1\" alt=\"\" class=\"wp-image-123227\" srcset=\"https:\/\/i0.wp.com\/cdnoticias.com\/wp-content\/uploads\/2024\/08\/dia-infancias-mano13.jpg?resize=1024%2C570&amp;ssl=1 1024w, https:\/\/i0.wp.com\/cdnoticias.com\/wp-content\/uploads\/2024\/08\/dia-infancias-mano13.jpg?resize=300%2C167&amp;ssl=1 300w, https:\/\/i0.wp.com\/cdnoticias.com\/wp-content\/uploads\/2024\/08\/dia-infancias-mano13.jpg?resize=768%2C428&amp;ssl=1 768w, https:\/\/i0.wp.com\/cdnoticias.com\/wp-content\/uploads\/2024\/08\/dia-infancias-mano13.jpg?resize=800%2C445&amp;ssl=1 800w, https:\/\/i0.wp.com\/cdnoticias.com\/wp-content\/uploads\/2024\/08\/dia-infancias-mano13.jpg?w=1072&amp;ssl=1 1072w\" sizes=\"auto, (max-width: 800px) 100vw, 800px\" \/><\/figure>\n\n\n\n<p><\/p>\n\n\n\n<p><strong>Transporte gratuito<\/strong><\/p>\n\n\n\n<p><\/p>\n\n\n\n<p>El Municipio de Olavarr\u00eda inform\u00f3 que, con el objetivo de que toda la comunidad olavarriense pueda acercarse,<strong> el servicio de transporte p\u00fablico de pasajeros ser\u00e1 gratuito durante el horario del Festival de las Infancias.<\/strong><\/p>\n\n\n\n<p><\/p>\n\n\n\n<p>Se detall\u00f3 que la medida <strong>abarcar\u00e1 todas las l\u00edneas, tanto urbanas como interurbanas, <\/strong>que realizar\u00e1n sus recorridos regulares.<\/p>\n\n\n\n<p><\/p>\n\n\n\n<blockquote class=\"wp-block-quote is-layout-flow wp-block-quote-is-layout-flow\">\n<p>En ese sentido, se record\u00f3 que la l\u00ednea que contempla el predio ferial de la Sociedad Rural es la 503 (l\u00ednea roja), que puede ser tomada en Moreno y Belgrano, punto en el que confluyen todos los recorridos.<\/p>\n<\/blockquote>\n\n\n\n<p><\/p>\n\n\n\n<figure class=\"wp-block-image size-full is-resized\"><img data-recalc-dims=\"1\" loading=\"lazy\" decoding=\"async\" width=\"800\" height=\"1000\" src=\"https:\/\/i0.wp.com\/cdnoticias.com\/wp-content\/uploads\/2025\/08\/Festival-de-Infancias-2025-819x1024-1-1.jpeg?resize=800%2C1000&#038;ssl=1\" alt=\"\" class=\"wp-image-179693\" style=\"width:576px;height:auto\" srcset=\"https:\/\/i0.wp.com\/cdnoticias.com\/wp-content\/uploads\/2025\/08\/Festival-de-Infancias-2025-819x1024-1-1.jpeg?w=819&amp;ssl=1 819w, https:\/\/i0.wp.com\/cdnoticias.com\/wp-content\/uploads\/2025\/08\/Festival-de-Infancias-2025-819x1024-1-1.jpeg?resize=240%2C300&amp;ssl=1 240w, https:\/\/i0.wp.com\/cdnoticias.com\/wp-content\/uploads\/2025\/08\/Festival-de-Infancias-2025-819x1024-1-1.jpeg?resize=768%2C960&amp;ssl=1 768w\" sizes=\"auto, (max-width: 800px) 100vw, 800px\" \/><\/figure>\n\n\n\n<p><\/p>\n\n\n\n<p><strong>Operativo de Tr\u00e1nsito<\/strong><\/p>\n\n\n\n<p><\/p>\n\n\n\n<p>Desde la Subsecretar\u00eda de Protecci\u00f3n Ciudadana se llevar\u00e1 a cabo un<strong> <\/strong><a href=\"https:\/\/cdnoticias.com\/index.php\/2025\/08\/15\/festival-de-las-infancias-operativo-de-transito-de-proteccion-ciudadana\/\" data-type=\"link\" data-id=\"https:\/\/cdnoticias.com\/index.php\/2025\/08\/15\/festival-de-las-infancias-operativo-de-transito-de-proteccion-ciudadana\/\"><strong>dispositivo preventivo <\/strong>en materia de seguridad vial<\/a> para permitir un acceso seguro al evento.<\/p>\n\n\n\n<p><\/p>\n\n\n\n<p><strong>Habr\u00e1 dos cortes en la circulaci\u00f3n.<\/strong> Ambos se iniciar\u00e1n a partir de las 13:30 horas y se prolongar\u00e1n hasta las 18:00 horas:<\/p>\n\n\n\n<p><\/p>\n\n\n\n<p><strong>-Cruce de avenidas Ituzaing\u00f3 y Del Maestro.<\/strong><\/p>\n\n\n\n<p><\/p>\n\n\n\n<p><strong>-Cruce avenida Ituzaing\u00f3 y Calle 4.<\/strong><\/p>\n\n\n\n<p><\/p>\n\n\n\n<p>En el sector <strong>se dispondr\u00e1 adem\u00e1s la presencia de personal de seguridad y m\u00f3viles<\/strong> para incrementar las tareas preventivas y ordenar la circulaci\u00f3n vehicular.<\/p>\n\n\n\n<p><\/p>\n\n\n\n<p>Por \u00faltimo, se destac\u00f3 que<strong> el tramo de avenida Del Maestro entre las avenidas Ituzaing\u00f3 y Alberdi ser\u00e1 exclusivo para el estacionamiento de veh\u00edculos.<\/strong><\/p>\n","protected":false},"excerpt":{"rendered":"<p>El evento es organizado por el Municipio y MANO. Ser\u00e1 este domingo desde las 14 horas con entrada libre y<\/p>\n","protected":false},"author":5,"featured_media":123223,"comment_status":"closed","ping_status":"closed","sticky":false,"template":"","format":"standard","meta":{"_jetpack_memberships_contains_paid_content":false,"footnotes":""},"categories":[9,1],"tags":[],"class_list":["post-179692","post","type-post","status-publish","format-standard","has-post-thumbnail","hentry","category-cultura","category-portada"],"jetpack_featured_media_url":"https:\/\/i0.wp.com\/cdnoticias.com\/wp-content\/uploads\/2024\/08\/dia-infancias-mano9.jpg?fit=1072%2C597&ssl=1","jetpack_sharing_enabled":true,"_links":{"self":[{"href":"https:\/\/cdnoticias.com\/index.php\/wp-json\/wp\/v2\/posts\/179692","targetHints":{"allow":["GET"]}}],"collection":[{"href":"https:\/\/cdnoticias.com\/index.php\/wp-json\/wp\/v2\/posts"}],"about":[{"href":"https:\/\/cdnoticias.com\/index.php\/wp-json\/wp\/v2\/types\/post"}],"author":[{"embeddable":true,"href":"https:\/\/cdnoticias.com\/index.php\/wp-json\/wp\/v2\/users\/5"}],"replies":[{"embeddable":true,"href":"https:\/\/cdnoticias.com\/index.php\/wp-json\/wp\/v2\/comments?post=179692"}],"version-history":[{"count":0,"href":"https:\/\/cdnoticias.com\/index.php\/wp-json\/wp\/v2\/posts\/179692\/revisions"}],"wp:featuredmedia":[{"embeddable":true,"href":"https:\/\/cdnoticias.com\/index.php\/wp-json\/wp\/v2\/media\/123223"}],"wp:attachment":[{"href":"https:\/\/cdnoticias.com\/index.php\/wp-json\/wp\/v2\/media?parent=179692"}],"wp:term":[{"taxonomy":"category","embeddable":true,"href":"https:\/\/cdnoticias.com\/index.php\/wp-json\/wp\/v2\/categories?post=179692"},{"taxonomy":"post_tag","embeddable":true,"href":"https:\/\/cdnoticias.com\/index.php\/wp-json\/wp\/v2\/tags?post=179692"}],"curies":[{"name":"wp","href":"https:\/\/api.w.org\/{rel}","templated":true}]}}