{"id":179685,"date":"2025-09-21T11:59:07","date_gmt":"2025-09-21T14:59:07","guid":{"rendered":"https:\/\/cdnoticias.com\/?p=179685"},"modified":"2025-09-21T12:11:01","modified_gmt":"2025-09-21T15:11:01","slug":"destacados-central-asiseteje-teatro-la-busqueda-de-una-identidad-de-trabajo","status":"publish","type":"post","link":"https:\/\/cdnoticias.com\/index.php\/2025\/09\/21\/destacados-central-asiseteje-teatro-la-busqueda-de-una-identidad-de-trabajo\/","title":{"rendered":"Destacados Central: Asiseteje Teatro, la b\u00fasqueda de una identidad de trabajo"},"content":{"rendered":"\n<p>En 2015 inauguraron nombre y transformaron una casa en sala de teatro los d\u00edas que ten\u00edan funciones. Diez a\u00f1os despu\u00e9s, estrenaron espacio propio para seguir construyendo sentido.<\/p>\n\n\n\n<hr class=\"wp-block-separator has-alpha-channel-opacity\"\/>\n\n\n\n<p><strong>Asiseteje Teatro surgi\u00f3 en 2015<\/strong> ante la necesidad de ponerle un nombre al grupo que se hab\u00eda reunido para crear una obra de teatro. \u201cEl proceso del pur\u00e9 fue la primera creaci\u00f3n que hicimos bajo este nombre. Fue nuestro primer laburo, est\u00e1bamos muy contentos porque hab\u00edamos logrado una calidad de actuaci\u00f3n que and\u00e1bamos buscando hace rato\u201d, se\u00f1al\u00f3 Pablo Fredes. <\/p>\n\n\n\n<p><\/p>\n\n\n\n<p>\u201cParece algo vanidoso, pero viene de un lugar que mejor no explicarlo\u201d, brome\u00f3 Pablo sobre el origen del sello que los acompa\u00f1a hasta la actualidad.<\/p>\n\n\n\n<p><\/p>\n\n\n\n<p>Por su parte, <strong>Fernanda Moraga<\/strong> record\u00f3 que \u201cel nombre tambi\u00e9n respondi\u00f3 a querer empezar a tener una identidad, una referencia y tambi\u00e9n quiz\u00e1s a nivel un poco m\u00e1s inconsciente o m\u00e1s solapadamente, <strong>empezar a generar qui\u00e9nes somos nosotros como grupo en este contexto de esta ciudad haciendo teatro<\/strong>\u201d.<\/p>\n\n\n\n<p><\/p>\n\n\n\n<figure class=\"wp-block-image size-full\"><img data-recalc-dims=\"1\" loading=\"lazy\" decoding=\"async\" width=\"800\" height=\"445\" src=\"https:\/\/i0.wp.com\/cdnoticias.com\/wp-content\/uploads\/2025\/08\/pablo-fredes-asisetejeteatro-01.png?resize=800%2C445&#038;ssl=1\" alt=\"\" class=\"wp-image-179690\" srcset=\"https:\/\/i0.wp.com\/cdnoticias.com\/wp-content\/uploads\/2025\/08\/pablo-fredes-asisetejeteatro-01.png?w=800&amp;ssl=1 800w, https:\/\/i0.wp.com\/cdnoticias.com\/wp-content\/uploads\/2025\/08\/pablo-fredes-asisetejeteatro-01.png?resize=300%2C167&amp;ssl=1 300w, https:\/\/i0.wp.com\/cdnoticias.com\/wp-content\/uploads\/2025\/08\/pablo-fredes-asisetejeteatro-01.png?resize=768%2C427&amp;ssl=1 768w\" sizes=\"auto, (max-width: 800px) 100vw, 800px\" \/><\/figure>\n\n\n\n<p><\/p>\n\n\n\n<p>Es as\u00ed que varias de las producciones empezaron a estar vinculadas con As\u00edseteje. El origen del nombre inici\u00f3 tambi\u00e9n esa<strong> b\u00fasqueda de identidad y la necesidad de hacer pese a los contextos adversos.<\/strong><\/p>\n\n\n\n<p><\/p>\n\n\n\n<p>\u201c<strong>En 2015 quedamos afuera de algunos circuitos en los que ven\u00edamos laburando, entonces hicimos El proceso del pur\u00e9 en casa. <\/strong>Era bastante peculiar y particular el contexto porque entraban 12 espectadoras a nuestra propia casa, los d\u00edas de funci\u00f3n sac\u00e1bamos muebles, colg\u00e1bamos cosas, hicimos un tendido de ciertas luces y dem\u00e1s\u201d, se\u00f1al\u00f3 Fernanda.<\/p>\n\n\n\n<p><\/p>\n\n\n\n<p>Pasaron 10 a\u00f1os y varias producciones propias e h\u00edbridas con otros teatristas, y <strong>en agosto de este a\u00f1o Asiseteje estren\u00f3 sala propia.<\/strong><\/p>\n\n\n\n<p><\/p>\n\n\n\n<figure class=\"wp-block-image size-full\"><img data-recalc-dims=\"1\" loading=\"lazy\" decoding=\"async\" width=\"800\" height=\"445\" src=\"https:\/\/i0.wp.com\/cdnoticias.com\/wp-content\/uploads\/2025\/08\/asisetejeteatro-05.png?resize=800%2C445&#038;ssl=1\" alt=\"\" class=\"wp-image-179686\" srcset=\"https:\/\/i0.wp.com\/cdnoticias.com\/wp-content\/uploads\/2025\/08\/asisetejeteatro-05.png?w=800&amp;ssl=1 800w, https:\/\/i0.wp.com\/cdnoticias.com\/wp-content\/uploads\/2025\/08\/asisetejeteatro-05.png?resize=300%2C167&amp;ssl=1 300w, https:\/\/i0.wp.com\/cdnoticias.com\/wp-content\/uploads\/2025\/08\/asisetejeteatro-05.png?resize=768%2C427&amp;ssl=1 768w\" sizes=\"auto, (max-width: 800px) 100vw, 800px\" \/><\/figure>\n\n\n\n<p><\/p>\n\n\n\n<p><strong>Sala Cabral<\/strong><\/p>\n\n\n\n<p><\/p>\n\n\n\n<p><strong>Fernanda Moraga, Pablo Fredes, Maiky Hatrick y Josi Fara <\/strong>se embarcaron en la aventura de abrir una sala teatral en Olavarr\u00eda. El espacio ubicado en Sargento Cabral 3232 <a href=\"https:\/\/cdnoticias.com\/index.php\/2025\/08\/15\/sala-cabral-nos-va-a-permitir-seguir-creciendo-como-grupo\/\" data-type=\"link\" data-id=\"https:\/\/cdnoticias.com\/index.php\/2025\/08\/15\/sala-cabral-nos-va-a-permitir-seguir-creciendo-como-grupo\/\">tuvo su apertura formal el 16 de agosto con la puesta en escena de la obra Matambre, en busca del gaucho perdido.<\/a><\/p>\n\n\n\n<p><\/p>\n\n\n\n<blockquote class=\"wp-block-quote is-layout-flow wp-block-quote-is-layout-flow\">\n<p>\u201cCreo que son decisiones pol\u00edticas en el sentido de tomar la decisi\u00f3n pol\u00edtica de marcar terreno\u201d, indic\u00f3 Pablo Fredes.<\/p>\n<\/blockquote>\n\n\n\n<p><\/p>\n\n\n\n<p>Y continu\u00f3: \u201cdecir \u2018vamos a abrir una sala en este contexto que parece que todo tira para atr\u00e1s\u2019 tambi\u00e9n es una decisi\u00f3n pol\u00edtica de plantarnos como grupo, como teatreros. Es una decisi\u00f3n de abrir un espacio con todo lo que implica, para poder seguir haciendo teatro, para poder seguir creando, para poder seguir formando actores, actrices\u201d.<\/p>\n\n\n\n<p><\/p>\n\n\n\n<figure class=\"wp-block-image size-full\"><img data-recalc-dims=\"1\" loading=\"lazy\" decoding=\"async\" width=\"800\" height=\"445\" src=\"https:\/\/i0.wp.com\/cdnoticias.com\/wp-content\/uploads\/2025\/08\/maiky-hatrick-asistejeteatro-03.png?resize=800%2C445&#038;ssl=1\" alt=\"\" class=\"wp-image-179688\" srcset=\"https:\/\/i0.wp.com\/cdnoticias.com\/wp-content\/uploads\/2025\/08\/maiky-hatrick-asistejeteatro-03.png?w=800&amp;ssl=1 800w, https:\/\/i0.wp.com\/cdnoticias.com\/wp-content\/uploads\/2025\/08\/maiky-hatrick-asistejeteatro-03.png?resize=300%2C167&amp;ssl=1 300w, https:\/\/i0.wp.com\/cdnoticias.com\/wp-content\/uploads\/2025\/08\/maiky-hatrick-asistejeteatro-03.png?resize=768%2C427&amp;ssl=1 768w\" sizes=\"auto, (max-width: 800px) 100vw, 800px\" \/><\/figure>\n\n\n\n<p><\/p>\n\n\n\n<p>En ese sentido, Maiky agreg\u00f3 que<strong>&nbsp;\u201ces una decisi\u00f3n de hacer, de seguir creciendo\u201d<\/strong>. Adem\u00e1s, destac\u00f3 la posibilidad del espacio para \u201cprobar cosas, seguir experimentando\u201d.<\/p>\n\n\n\n<p><\/p>\n\n\n\n<p><strong>La potencia del hacer<\/strong><\/p>\n\n\n\n<p><\/p>\n\n\n\n<p>Para Fernanda<strong> la grupalidad le otorga continuidad a la acci\u00f3n de crear. \u201c<\/strong>Hay una intenci\u00f3n, hay una decisi\u00f3n en el grupo de querer hacer funciones. Queremos actuar, tener nuestros espect\u00e1culos, nuestras obras, que lo vea la mayor cantidad de gente posible. Ese empuje, ese sostenerse en esa decisi\u00f3n que a veces es muy dif\u00edcil, hay muchas adversidades con las que nos encontramos, lo sostiene lo grupal, lo sostiene que estamos todos tirando para el mismo lado\u201d.<\/p>\n\n\n\n<p><\/p>\n\n\n\n<figure class=\"wp-block-image size-full\"><img data-recalc-dims=\"1\" loading=\"lazy\" decoding=\"async\" width=\"800\" height=\"445\" src=\"https:\/\/i0.wp.com\/cdnoticias.com\/wp-content\/uploads\/2025\/08\/fernanda-moraga-asisetejeteatro-02.png?resize=800%2C445&#038;ssl=1\" alt=\"\" class=\"wp-image-179689\" srcset=\"https:\/\/i0.wp.com\/cdnoticias.com\/wp-content\/uploads\/2025\/08\/fernanda-moraga-asisetejeteatro-02.png?w=800&amp;ssl=1 800w, https:\/\/i0.wp.com\/cdnoticias.com\/wp-content\/uploads\/2025\/08\/fernanda-moraga-asisetejeteatro-02.png?resize=300%2C167&amp;ssl=1 300w, https:\/\/i0.wp.com\/cdnoticias.com\/wp-content\/uploads\/2025\/08\/fernanda-moraga-asisetejeteatro-02.png?resize=768%2C427&amp;ssl=1 768w\" sizes=\"auto, (max-width: 800px) 100vw, 800px\" \/><\/figure>\n\n\n\n<p><\/p>\n\n\n\n<p>Otra caracter\u00edstica del grupo es la <strong>formaci\u00f3n.<\/strong> \u201cTenemos puntualmente en Pablo con sus talleres el poder nutrir quienes somos, que se vayan sumando personas que est\u00e1n transitando los talles. Hay una b\u00fasqueda est\u00e9tica y simb\u00f3lica en c\u00f3mo \u00e9l pretende en sus talleres que se act\u00fae\u201d, agreg\u00f3 Fernanda.<\/p>\n\n\n\n<p><\/p>\n\n\n\n<p><strong>\u201cIntentamos que las producciones que hacemos est\u00e9n pensadas, est\u00e9n discutidas y poner en riesgo eso que armamos. Puede no salir, puede darnos mayores satisfacciones o menores, pero estamos en esa b\u00fasqueda\u201d,<\/strong> concluy\u00f3.<\/p>\n","protected":false},"excerpt":{"rendered":"<p>En 2015 inauguraron nombre y transformaron una casa en sala de teatro los d\u00edas que ten\u00edan funciones. Diez a\u00f1os despu\u00e9s,<\/p>\n","protected":false},"author":5,"featured_media":179687,"comment_status":"closed","ping_status":"closed","sticky":false,"template":"","format":"standard","meta":{"_jetpack_memberships_contains_paid_content":false,"footnotes":""},"categories":[20,1],"tags":[],"class_list":["post-179685","post","type-post","status-publish","format-standard","has-post-thumbnail","hentry","category-destacados","category-portada"],"jetpack_featured_media_url":"https:\/\/i0.wp.com\/cdnoticias.com\/wp-content\/uploads\/2025\/08\/asisetejeteatro-04.png?fit=800%2C445&ssl=1","jetpack_sharing_enabled":true,"_links":{"self":[{"href":"https:\/\/cdnoticias.com\/index.php\/wp-json\/wp\/v2\/posts\/179685","targetHints":{"allow":["GET"]}}],"collection":[{"href":"https:\/\/cdnoticias.com\/index.php\/wp-json\/wp\/v2\/posts"}],"about":[{"href":"https:\/\/cdnoticias.com\/index.php\/wp-json\/wp\/v2\/types\/post"}],"author":[{"embeddable":true,"href":"https:\/\/cdnoticias.com\/index.php\/wp-json\/wp\/v2\/users\/5"}],"replies":[{"embeddable":true,"href":"https:\/\/cdnoticias.com\/index.php\/wp-json\/wp\/v2\/comments?post=179685"}],"version-history":[{"count":0,"href":"https:\/\/cdnoticias.com\/index.php\/wp-json\/wp\/v2\/posts\/179685\/revisions"}],"wp:featuredmedia":[{"embeddable":true,"href":"https:\/\/cdnoticias.com\/index.php\/wp-json\/wp\/v2\/media\/179687"}],"wp:attachment":[{"href":"https:\/\/cdnoticias.com\/index.php\/wp-json\/wp\/v2\/media?parent=179685"}],"wp:term":[{"taxonomy":"category","embeddable":true,"href":"https:\/\/cdnoticias.com\/index.php\/wp-json\/wp\/v2\/categories?post=179685"},{"taxonomy":"post_tag","embeddable":true,"href":"https:\/\/cdnoticias.com\/index.php\/wp-json\/wp\/v2\/tags?post=179685"}],"curies":[{"name":"wp","href":"https:\/\/api.w.org\/{rel}","templated":true}]}}