{"id":179611,"date":"2025-08-16T09:39:57","date_gmt":"2025-08-16T12:39:57","guid":{"rendered":"https:\/\/cdnoticias.com\/?p=179611"},"modified":"2025-08-16T09:39:59","modified_gmt":"2025-08-16T12:39:59","slug":"endere-el-municipio-no-tiene-una-politica-habitacional-seria","status":"publish","type":"post","link":"https:\/\/cdnoticias.com\/index.php\/2025\/08\/16\/endere-el-municipio-no-tiene-una-politica-habitacional-seria\/","title":{"rendered":"Endere: \u201cel Municipio no tiene una pol\u00edtica habitacional seria\u201d"},"content":{"rendered":"\n<p>Lo expres\u00f3 el diputado provincial tras las cr\u00edticas del gobernador Axel Kicillof a las viviendas TUVI Industrializadas impulsadas por el gobierno de Ezequiel Galli.<\/p>\n\n\n\n<hr class=\"wp-block-separator has-alpha-channel-opacity\"\/>\n\n\n\n<p>El diputado provincial Mart\u00edn Endere se\u00f1al\u00f3 la <strong>\u201causencia de una pol\u00edtica p\u00fablica habitacional del Municipio de Olavarr\u00eda\u201d <\/strong>tras las<a href=\"https:\/\/cdnoticias.com\/index.php\/2025\/08\/13\/kicillof-en-campana-con-eje-en-produccion-y-empleo-el-gobierno-en-milei-esta-en-contra-de-olavarria\/\" data-type=\"link\" data-id=\"https:\/\/cdnoticias.com\/index.php\/2025\/08\/13\/kicillof-en-campana-con-eje-en-produccion-y-empleo-el-gobierno-en-milei-esta-en-contra-de-olavarria\/\"> cr\u00edticas del gobernador Axel Kicillof a la gesti\u00f3n anterior en materia de viviendas.<\/a><\/p>\n\n\n\n<p><\/p>\n\n\n\n<p>De esta manera, Endere dijo que \u201cen la gesti\u00f3n de Ezequiel Galli se trabaj\u00f3 de manera responsable para abordar una tem\u00e1tica compleja que atraviesa a todos los argentinos. Por eso <strong>creamos el Registro de Demanda Habitacional del Partido y, en base a esos datos, se cre\u00f3 un Plan Municipal de Viviendas<\/strong>\u201d.<\/p>\n\n\n\n<p><\/p>\n\n\n\n<p>\u201c<strong>Esta gesti\u00f3n municipal no ha dise\u00f1ado ni creado ning\u00fan programa de gobierno dispuesto a solucionar la demanda.<\/strong> Se acaban de entregar casas del CECO III y la Municipalidad solo fue la encargada de Ceremonial y Protocolo del acto\u201d, a\u00f1adi\u00f3 el legislador.<\/p>\n\n\n\n<p><\/p>\n\n\n\n<p>Adem\u00e1s, Endere indic\u00f3: &#8220;<strong>anunciaron 100 casas por a\u00f1o durante su gesti\u00f3n y a m\u00e1s de 18 meses no levantaron ni un ladrillo.<\/strong> Deben entender que la problem\u00e1tica habitacional es m\u00e1s compleja que hacer promesas vac\u00edas\u201d.<\/p>\n\n\n\n<p><\/p>\n\n\n\n<p>Por otra parte, el olavarriense explic\u00f3 que \u201clos lotes que entreg\u00f3 el Municipio en Colonia Hinojo <strong>surgieron de una ordenanza redactada por el bloque de concejales de Juntos por el Cambio<\/strong> con las obras correspondientes llevadas a cabo en la gesti\u00f3n anterior\u201d.<\/p>\n\n\n\n<p><\/p>\n\n\n\n<p>Finalmente, el diputado manifest\u00f3: \u201ccelebro el trabajo del CECO y espero que puedan continuarlo, pero me gustar\u00eda m\u00e1s celebrar una buena gesti\u00f3n municipal con respecto a las viviendas\u201d.<\/p>\n","protected":false},"excerpt":{"rendered":"<p>Lo expres\u00f3 el diputado provincial tras las cr\u00edticas del gobernador Axel Kicillof a las viviendas TUVI Industrializadas impulsadas por el<\/p>\n","protected":false},"author":5,"featured_media":169767,"comment_status":"closed","ping_status":"closed","sticky":false,"template":"","format":"standard","meta":{"_jetpack_memberships_contains_paid_content":false,"footnotes":""},"categories":[4,1],"tags":[],"class_list":["post-179611","post","type-post","status-publish","format-standard","has-post-thumbnail","hentry","category-politica","category-portada"],"jetpack_featured_media_url":"https:\/\/i0.wp.com\/cdnoticias.com\/wp-content\/uploads\/2025\/04\/endere-diputado.png?fit=900%2C566&ssl=1","jetpack_sharing_enabled":true,"_links":{"self":[{"href":"https:\/\/cdnoticias.com\/index.php\/wp-json\/wp\/v2\/posts\/179611","targetHints":{"allow":["GET"]}}],"collection":[{"href":"https:\/\/cdnoticias.com\/index.php\/wp-json\/wp\/v2\/posts"}],"about":[{"href":"https:\/\/cdnoticias.com\/index.php\/wp-json\/wp\/v2\/types\/post"}],"author":[{"embeddable":true,"href":"https:\/\/cdnoticias.com\/index.php\/wp-json\/wp\/v2\/users\/5"}],"replies":[{"embeddable":true,"href":"https:\/\/cdnoticias.com\/index.php\/wp-json\/wp\/v2\/comments?post=179611"}],"version-history":[{"count":0,"href":"https:\/\/cdnoticias.com\/index.php\/wp-json\/wp\/v2\/posts\/179611\/revisions"}],"wp:featuredmedia":[{"embeddable":true,"href":"https:\/\/cdnoticias.com\/index.php\/wp-json\/wp\/v2\/media\/169767"}],"wp:attachment":[{"href":"https:\/\/cdnoticias.com\/index.php\/wp-json\/wp\/v2\/media?parent=179611"}],"wp:term":[{"taxonomy":"category","embeddable":true,"href":"https:\/\/cdnoticias.com\/index.php\/wp-json\/wp\/v2\/categories?post=179611"},{"taxonomy":"post_tag","embeddable":true,"href":"https:\/\/cdnoticias.com\/index.php\/wp-json\/wp\/v2\/tags?post=179611"}],"curies":[{"name":"wp","href":"https:\/\/api.w.org\/{rel}","templated":true}]}}