{"id":179555,"date":"2025-09-05T16:32:06","date_gmt":"2025-09-05T19:32:06","guid":{"rendered":"https:\/\/cdnoticias.com\/?p=179555"},"modified":"2025-09-05T16:55:52","modified_gmt":"2025-09-05T19:55:52","slug":"corazonada-no13-la-memoria-de-la-abuela-en-el-teatro-municipal","status":"publish","type":"post","link":"https:\/\/cdnoticias.com\/index.php\/2025\/09\/05\/corazonada-no13-la-memoria-de-la-abuela-en-el-teatro-municipal\/","title":{"rendered":"\u201cCorazonada N\u00ba13: La memoria de la abuela\u201d en el Teatro Municipal\u00a0"},"content":{"rendered":"\n<p>El espect\u00e1culo ser\u00e1 el s\u00e1bado 13 de septiembre a las 21 horas. Entradas a la venta.\u00a0<\/p>\n\n\n\n<hr class=\"wp-block-separator aligncenter has-alpha-channel-opacity\"\/>\n\n\n\n<p>La<strong> Murga Arrebatando L\u00e1grimas<\/strong> presenta <strong>\u201cCorazonada N\u00ba13: La memoria de la abuela<\/strong>\u201d en el <strong>Teatro Municipal.&nbsp;<\/strong><\/p>\n\n\n\n<p><\/p>\n\n\n\n<blockquote class=\"wp-block-quote is-layout-flow wp-block-quote-is-layout-flow\">\n<p>El espect\u00e1culo lleno de murga, amor, reflexi\u00f3n y alegr\u00eda ser\u00e1 el s\u00e1bado 13 de septiembre a las 21 horas. <\/p>\n<\/blockquote>\n\n\n\n<p><\/p>\n\n\n\n<p>Adem\u00e1s, tendr\u00e1 <strong>invitados especiales como Alita roldan, Ballet Municipal Olavarria y Diego Lurbe. <\/strong>Las fotograf\u00edas y la edici\u00f3n estar\u00e1n a cargo de Andres Arouxet y Nicolas Vivas.<\/p>\n\n\n\n<p><\/p>\n\n\n\n<p>Pr\u00f3ximamente las entradas estar\u00e1n a la venta con un <strong>valor de $8000 <\/strong>(abonan a partir de los 8 a\u00f1os).&nbsp;<\/p>\n\n\n\n<p><\/p>\n\n\n\n<p>Puntos de venta:<\/p>\n\n\n\n<ul class=\"wp-block-list\">\n<li>Efectivo: Tecnocentro (Rivadavia 3065).<\/li>\n<\/ul>\n\n\n\n<ul class=\"wp-block-list\">\n<li>Tarjetas de cr\u00e9dito, d\u00e9bito y billeteras virtuales: Teatro municipal (Rivadavia 2780).<\/li>\n<\/ul>\n\n\n\n<ul class=\"wp-block-list\">\n<li>Online con d\u00e9bito y cr\u00e9dito en Articket: www.articket.com.ar.<\/li>\n<\/ul>\n","protected":false},"excerpt":{"rendered":"<p>El espect\u00e1culo ser\u00e1 el s\u00e1bado 13 de septiembre a las 21 horas. Entradas a la venta.\u00a0 La Murga Arrebatando L\u00e1grimas<\/p>\n","protected":false},"author":6,"featured_media":167308,"comment_status":"closed","ping_status":"closed","sticky":false,"template":"","format":"standard","meta":{"_jetpack_memberships_contains_paid_content":false,"footnotes":""},"categories":[9,1],"tags":[],"class_list":["post-179555","post","type-post","status-publish","format-standard","has-post-thumbnail","hentry","category-cultura","category-portada"],"jetpack_featured_media_url":"https:\/\/i0.wp.com\/cdnoticias.com\/wp-content\/uploads\/2025\/03\/murga-arrebatando-lagrimas-carnaval-de-la-locura-14.jpg?fit=1000%2C556&ssl=1","jetpack_sharing_enabled":true,"_links":{"self":[{"href":"https:\/\/cdnoticias.com\/index.php\/wp-json\/wp\/v2\/posts\/179555","targetHints":{"allow":["GET"]}}],"collection":[{"href":"https:\/\/cdnoticias.com\/index.php\/wp-json\/wp\/v2\/posts"}],"about":[{"href":"https:\/\/cdnoticias.com\/index.php\/wp-json\/wp\/v2\/types\/post"}],"author":[{"embeddable":true,"href":"https:\/\/cdnoticias.com\/index.php\/wp-json\/wp\/v2\/users\/6"}],"replies":[{"embeddable":true,"href":"https:\/\/cdnoticias.com\/index.php\/wp-json\/wp\/v2\/comments?post=179555"}],"version-history":[{"count":0,"href":"https:\/\/cdnoticias.com\/index.php\/wp-json\/wp\/v2\/posts\/179555\/revisions"}],"wp:featuredmedia":[{"embeddable":true,"href":"https:\/\/cdnoticias.com\/index.php\/wp-json\/wp\/v2\/media\/167308"}],"wp:attachment":[{"href":"https:\/\/cdnoticias.com\/index.php\/wp-json\/wp\/v2\/media?parent=179555"}],"wp:term":[{"taxonomy":"category","embeddable":true,"href":"https:\/\/cdnoticias.com\/index.php\/wp-json\/wp\/v2\/categories?post=179555"},{"taxonomy":"post_tag","embeddable":true,"href":"https:\/\/cdnoticias.com\/index.php\/wp-json\/wp\/v2\/tags?post=179555"}],"curies":[{"name":"wp","href":"https:\/\/api.w.org\/{rel}","templated":true}]}}