{"id":179541,"date":"2025-08-14T14:58:26","date_gmt":"2025-08-14T17:58:26","guid":{"rendered":"https:\/\/cdnoticias.com\/?p=179541"},"modified":"2025-08-14T19:00:23","modified_gmt":"2025-08-14T22:00:23","slug":"sesiono-el-hcd-pedidos-a-ejecutivo-local-y-criticas-a-javier-milei","status":"publish","type":"post","link":"https:\/\/cdnoticias.com\/index.php\/2025\/08\/14\/sesiono-el-hcd-pedidos-a-ejecutivo-local-y-criticas-a-javier-milei\/","title":{"rendered":"Sesion\u00f3 el HCD: pedidos a Ejecutivo local y cr\u00edticas a Javier Milei"},"content":{"rendered":"<p>Los concejales aprobaron pedidos de mejoras en infraestructura y seguridad en distintos barrios. Repudio al veto presidencial a las leyes de emergencia en discapacidad y suba para jubilados: los bloques libertarios y del gallismo no apoyaron.<!--more--><\/p>\n<hr \/>\n<p>Este jueves el <strong>Concejo Deliberante<\/strong> llev\u00f3 a cabo en el recinto ubicado en Centro de Exposiciones de Olavarr\u00eda (CCO) la<strong> d\u00e9cima sesi\u00f3n ordinaria<\/strong> del per\u00edodo deliberativo 2025.<\/p>\n<p>La jornada comenz\u00f3 con la <strong>aprobaci\u00f3n por unanimidad<\/strong> de un proyecto de resoluci\u00f3n presentado por el bloque<strong> Por M\u00e1s Libertad<\/strong> solicitando al Ejecutivo municipal realizar una <strong>nueva entrada al Bioparque \u201cLa M\u00e1xima\u201d por avenida Sarmiento y calle Ant\u00e1rtida Argentina.<\/strong><\/p>\n<p><img data-recalc-dims=\"1\" loading=\"lazy\" decoding=\"async\" class=\"alignnone size-full wp-image-179543 aligncenter\" src=\"https:\/\/i0.wp.com\/cdnoticias.com\/wp-content\/uploads\/2025\/08\/HCD-sesion-14-de-agosto-00-por-mas-libertad.jpg?resize=800%2C445&#038;ssl=1\" alt=\"\" width=\"800\" height=\"445\" srcset=\"https:\/\/i0.wp.com\/cdnoticias.com\/wp-content\/uploads\/2025\/08\/HCD-sesion-14-de-agosto-00-por-mas-libertad.jpg?w=1000&amp;ssl=1 1000w, https:\/\/i0.wp.com\/cdnoticias.com\/wp-content\/uploads\/2025\/08\/HCD-sesion-14-de-agosto-00-por-mas-libertad.jpg?resize=300%2C167&amp;ssl=1 300w, https:\/\/i0.wp.com\/cdnoticias.com\/wp-content\/uploads\/2025\/08\/HCD-sesion-14-de-agosto-00-por-mas-libertad.jpg?resize=768%2C427&amp;ssl=1 768w, https:\/\/i0.wp.com\/cdnoticias.com\/wp-content\/uploads\/2025\/08\/HCD-sesion-14-de-agosto-00-por-mas-libertad.jpg?resize=800%2C445&amp;ssl=1 800w\" sizes=\"auto, (max-width: 800px) 100vw, 800px\" \/><\/p>\n<p>Luego el cuerpo <strong>aprob\u00f3 por mayor\u00eda<\/strong> un proyecto de comunicaci\u00f3n del bloque UCR para<strong> \u201crepudiar\u201d el veto total dispuesto por el presidente de la Naci\u00f3n, Javier Milei, de las leyes 27.791 y 27.793 que declaran la \u201cemergencia p\u00fablica en materia de discapacidad\u201d y una actualizaci\u00f3n de los haberes jubilatorios<\/strong>. Los concejales de los bloques<strong> LLA, PRO, Junto por Olavarr\u00eda y Por M\u00e1s Libertad votaron en contra.<\/strong><\/p>\n<p>A continuaci\u00f3n, el cuerpo legislativo local aprob\u00f3 <strong>un pedido de informes<\/strong> presentado por el bloque UCR con respecto al <strong>funcionamiento de los operativos de control vehicular<\/strong>.<\/p>\n<p><img data-recalc-dims=\"1\" loading=\"lazy\" decoding=\"async\" class=\"alignnone size-full wp-image-179544 aligncenter\" src=\"https:\/\/i0.wp.com\/cdnoticias.com\/wp-content\/uploads\/2025\/08\/HCD-sesion-14-de-agosto-00-UCR.jpg?resize=800%2C445&#038;ssl=1\" alt=\"\" width=\"800\" height=\"445\" srcset=\"https:\/\/i0.wp.com\/cdnoticias.com\/wp-content\/uploads\/2025\/08\/HCD-sesion-14-de-agosto-00-UCR.jpg?w=1000&amp;ssl=1 1000w, https:\/\/i0.wp.com\/cdnoticias.com\/wp-content\/uploads\/2025\/08\/HCD-sesion-14-de-agosto-00-UCR.jpg?resize=300%2C167&amp;ssl=1 300w, https:\/\/i0.wp.com\/cdnoticias.com\/wp-content\/uploads\/2025\/08\/HCD-sesion-14-de-agosto-00-UCR.jpg?resize=768%2C427&amp;ssl=1 768w, https:\/\/i0.wp.com\/cdnoticias.com\/wp-content\/uploads\/2025\/08\/HCD-sesion-14-de-agosto-00-UCR.jpg?resize=800%2C445&amp;ssl=1 800w\" sizes=\"auto, (max-width: 800px) 100vw, 800px\" \/><\/p>\n<p>A pedido del mismo espacio se sancionaron una serie de resoluciones con distintas solicitudes al Ejecutivo Municipal. Requieren la implementaci\u00f3n de operativos preventivos para garantizar la <strong>seguridad en barrio &#8220;Ara San Juan&#8221;<\/strong>; la reparaci\u00f3n y reemplazo de <strong>luminarias de la Plaza Juana Azurduy del barrio Belgrano<\/strong>; la colocaci\u00f3n de un <strong>reductor de velocidad en avenida Alberdi y Jos\u00e9 Luis Torres<\/strong>; el mantenimiento de la calle<strong> Merlo al 5900<\/strong>; y la instalaci\u00f3n de <strong>luminarias en Avenida Sarmiento en el barrio \u201cEl Progreso\u201d.<\/strong><\/p>\n<p>Por \u00faltimo se aprob\u00f3 un <strong>pedido de informes<\/strong> referente a la <strong>auditor\u00eda realizada recientemente por representantes de la Agencia Nacional de Discapacidad (ANDIS)<\/strong> <a href=\"https:\/\/cdnoticias.com\/index.php\/2025\/08\/05\/la-agencia-nacional-de-discapacidad-realizo-una-auditoria-en-el-municipio-y-ratificaron-que-no-hubo-irregularidades\/\" target=\"_blank\" rel=\"noopener\">en la Direcci\u00f3n municipal de Discapacidad y Personas Mayore<\/a>s.<\/p>\n","protected":false},"excerpt":{"rendered":"<p>Los concejales aprobaron pedidos de mejoras en infraestructura y seguridad en distintos barrios. Repudio al veto presidencial a las leyes<\/p>\n","protected":false},"author":4,"featured_media":179542,"comment_status":"closed","ping_status":"closed","sticky":false,"template":"","format":"standard","meta":{"_jetpack_memberships_contains_paid_content":false,"footnotes":""},"categories":[4,1],"tags":[],"class_list":["post-179541","post","type-post","status-publish","format-standard","has-post-thumbnail","hentry","category-politica","category-portada"],"jetpack_featured_media_url":"https:\/\/i0.wp.com\/cdnoticias.com\/wp-content\/uploads\/2025\/08\/HCD-sesion-14-de-agosto-00.jpg?fit=1000%2C563&ssl=1","jetpack_sharing_enabled":true,"_links":{"self":[{"href":"https:\/\/cdnoticias.com\/index.php\/wp-json\/wp\/v2\/posts\/179541","targetHints":{"allow":["GET"]}}],"collection":[{"href":"https:\/\/cdnoticias.com\/index.php\/wp-json\/wp\/v2\/posts"}],"about":[{"href":"https:\/\/cdnoticias.com\/index.php\/wp-json\/wp\/v2\/types\/post"}],"author":[{"embeddable":true,"href":"https:\/\/cdnoticias.com\/index.php\/wp-json\/wp\/v2\/users\/4"}],"replies":[{"embeddable":true,"href":"https:\/\/cdnoticias.com\/index.php\/wp-json\/wp\/v2\/comments?post=179541"}],"version-history":[{"count":0,"href":"https:\/\/cdnoticias.com\/index.php\/wp-json\/wp\/v2\/posts\/179541\/revisions"}],"wp:featuredmedia":[{"embeddable":true,"href":"https:\/\/cdnoticias.com\/index.php\/wp-json\/wp\/v2\/media\/179542"}],"wp:attachment":[{"href":"https:\/\/cdnoticias.com\/index.php\/wp-json\/wp\/v2\/media?parent=179541"}],"wp:term":[{"taxonomy":"category","embeddable":true,"href":"https:\/\/cdnoticias.com\/index.php\/wp-json\/wp\/v2\/categories?post=179541"},{"taxonomy":"post_tag","embeddable":true,"href":"https:\/\/cdnoticias.com\/index.php\/wp-json\/wp\/v2\/tags?post=179541"}],"curies":[{"name":"wp","href":"https:\/\/api.w.org\/{rel}","templated":true}]}}