{"id":179528,"date":"2025-08-14T18:03:46","date_gmt":"2025-08-14T21:03:46","guid":{"rendered":"https:\/\/cdnoticias.com\/?p=179528"},"modified":"2025-08-14T20:53:25","modified_gmt":"2025-08-14T23:53:25","slug":"nelson-sombra-sobre-la-ruta-3-necesitamos-que-la-justicia-actue-rapidamente","status":"publish","type":"post","link":"https:\/\/cdnoticias.com\/index.php\/2025\/08\/14\/nelson-sombra-sobre-la-ruta-3-necesitamos-que-la-justicia-actue-rapidamente\/","title":{"rendered":"Nelson Sombra sobre la ruta 3: \u201cNecesitamos que la justicia act\u00fae r\u00e1pidamente\u201d"},"content":{"rendered":"<p>El intendente de Azul habl\u00f3 con Central de Noticias sobre la presentaci\u00f3n judicial que impulsar\u00e1 el Municipio. \u201cHemos agotado todas las instancias de di\u00e1logo\u201d sostuvo. La semana que viene ir\u00e1 a la Justicia Federal.<!--more--><\/p>\n<hr \/>\n<p>En el acto realizado durante el domingo anterior para <strong>visibilizar el reclamo por la construcci\u00f3n de la autov\u00eda en la ruta 3<\/strong>, <a href=\"https:\/\/cdnoticias.com\/index.php\/2025\/08\/13\/el-municipio-de-azul-impulsara-una-accion-de-amparo-por-el-estado-de-la-ruta-3\/\" target=\"_blank\" rel=\"noopener\">el Municipio de Azul anunci\u00f3<\/a> su intenci\u00f3n de <strong>presentar un reclamo judicial para que el estado nacional cumpla con las tareas de mantenimiento<\/strong> que le corresponden. Sobre ese tema, <strong>Central de Noticias<\/strong> entrevist\u00f3 al<strong> intendente azule\u00f1o, Nelson Sombra<\/strong>, quien subray\u00f3 que<strong> \u201chemos agotado todas las instancias de di\u00e1logo\u201d<\/strong>.<\/p>\n<p>La demanda se presentar\u00e1 al<strong> fuero federal<\/strong> la Municipalidad del vecino distrito expondr\u00e1 <strong>el mal estado del tramo entre las ciudades de Cachar\u00ed y Azul: \u201ces inviable\u201d<\/strong> defini\u00f3 Sombra.<\/p>\n<p><strong>Central de Noticias<\/strong> habl\u00f3 con el jefe comunal durante su visita a Olavarr\u00eda para <strong>acompa\u00f1ar al gobernador Axel Kicillof<\/strong> en el acto de <a href=\"https:\/\/cdnoticias.com\/index.php\/2025\/08\/13\/a-partir-de-hoy-deja-de-ser-una-vivienda-para-transformarse-en-un-hogar\/\" target=\"_blank\" rel=\"noopener\">entrega de las viviendas del barrio CECO 3<\/a>. En ese marco, Sombra contrast\u00f3 las actitudes de la Gobernaci\u00f3n y de la Presidencia al momento de atender demandas de los municipios:<strong> \u201cqu\u00e9 realidades totalmente diferentes. Cuando vos ten\u00e9s un jefe de estado, en este caso provincial que lo pod\u00e9s llamar<\/strong>, conversar y tratar de resolver. O cuando ten\u00e9s un estado nacional y <strong>un jefe de estado nacional, que no hay manera de poder establecer un di\u00e1logo<\/strong>, una forma de opinar, de plantearnos en conjunto a ver c\u00f3mo lo podemos resolver. Porque <strong>a la sociedad no le interesa a qu\u00e9 partido pertenece cada uno, le interesa poder tener la accesibilidad necesaria<\/strong> para poder hacer sus negocios, sus vacaciones, lo que sea. Y para eso son las rutas\u201d.<\/p>\n<p>&#8211;<em>\u00bfHan hecho los reclamos previamente? \u00bfHan tenido respuesta?<\/em><\/p>\n<p>-Hemos agotado todas las instancias de di\u00e1logo, de notas. De hecho,<strong> las que nos han contestado ha sido totalmente en forma negativa, que no tienen pensado resolver ese tipo de problemas<\/strong>. Entonces vamos a acudir a otro poder del estado argentino, que es el Poder Judicial, donde <strong>vamos a presentar un amparo para que, por favor nos traten de dar una mano con el mantenimiento<\/strong>.<\/p>\n<blockquote><p>Ni siquiera estamos pidiendo la autov\u00eda, es el mantenimiento de un tramo entre Cachar\u00ed y Azul, que es Partido de Azul. Est\u00e1 sumamente deteriorado, es inviable ya poder pasar por ah\u00ed y con el caudal de tr\u00e1nsito que tiene una ruta como es la ruta 3. Entonces, no nos queda otra instancia que ir a la justicia para que nos den una mano.<\/p><\/blockquote>\n<p><img data-recalc-dims=\"1\" loading=\"lazy\" decoding=\"async\" class=\"alignnone size-full wp-image-178527 aligncenter\" src=\"https:\/\/i0.wp.com\/cdnoticias.com\/wp-content\/uploads\/2025\/08\/noticias-las-flores-ruta-3-reclamo.jpg?resize=800%2C445&#038;ssl=1\" alt=\"\" width=\"800\" height=\"445\" srcset=\"https:\/\/i0.wp.com\/cdnoticias.com\/wp-content\/uploads\/2025\/08\/noticias-las-flores-ruta-3-reclamo.jpg?w=1000&amp;ssl=1 1000w, https:\/\/i0.wp.com\/cdnoticias.com\/wp-content\/uploads\/2025\/08\/noticias-las-flores-ruta-3-reclamo.jpg?resize=300%2C167&amp;ssl=1 300w, https:\/\/i0.wp.com\/cdnoticias.com\/wp-content\/uploads\/2025\/08\/noticias-las-flores-ruta-3-reclamo.jpg?resize=768%2C427&amp;ssl=1 768w, https:\/\/i0.wp.com\/cdnoticias.com\/wp-content\/uploads\/2025\/08\/noticias-las-flores-ruta-3-reclamo.jpg?resize=800%2C445&amp;ssl=1 800w\" sizes=\"auto, (max-width: 800px) 100vw, 800px\" \/><\/p>\n<p>&#8211;<em>Hay otros municipios en esa misma acci\u00f3n, \u00bfhay antecedentes de la justicia resolviendo en ese sentido?<\/em><\/p>\n<p>-Yo creo que deber\u00eda haberlos. Pero a nosotros se nos ocurri\u00f3 ya que <strong>hay otro poder del estado que tambi\u00e9n tiene injerencia en tomar decisiones<\/strong>. Y de hecho es un poder del estado que<strong> lo hemos visto actuar y m\u00e1s en \u00e9pocas de elecciones o atacando a dirigentes populares<\/strong>; que toma definiciones pol\u00edticas, si se quiere, sobre las instancias ejecutivas. Lo que estamos haciendo es involucrar a esta parte del poder estatal para <strong>que pueda hacer entrar a raz\u00f3n o al menos le de la orden de que las rutas hay que mantenerlas<\/strong>, que las rutas son del pueblo argentino.<\/p>\n<p>&#8211;<em>\u00bfHay alg\u00fan plazo para hacer la presentaci\u00f3n? \u00bfTienen una fecha prevista?<\/em><\/p>\n<blockquote><p>-Lo vamos a hacer ya la semana que viene. Estamos ultimando los detalles con el \u00e1rea de Legales porque quiero que sea concreto de qu\u00e9 es lo que estamos pidiendo, para que no se divague ni se crea que estamos haciendo un acting. Necesitamos que la justicia act\u00fae r\u00e1pidamente para que el Gobierno Nacional nos mantenga un trayecto de 60 kil\u00f3metros desde Azul a Cachar\u00ed porque es dentro del mismo partido y la verdad es inviable.<\/p><\/blockquote>\n<blockquote class=\"wp-embedded-content\" data-secret=\"yJ60d95aWm\"><p><a href=\"https:\/\/cdnoticias.com\/index.php\/2025\/08\/13\/el-municipio-de-azul-impulsara-una-accion-de-amparo-por-el-estado-de-la-ruta-3\/\">El Municipio de Azul impulsar\u00e1 una acci\u00f3n de amparo por el estado de la ruta 3<\/a><\/p><\/blockquote>\n<p><iframe loading=\"lazy\" class=\"wp-embedded-content\" sandbox=\"allow-scripts\" security=\"restricted\" style=\"position: absolute; visibility: hidden;\" title=\"&#8220;El Municipio de Azul impulsar\u00e1 una acci\u00f3n de amparo por el estado de la ruta 3&#8221; &#8212; Central de Noticias | Olavarr\u00eda\" src=\"https:\/\/cdnoticias.com\/index.php\/2025\/08\/13\/el-municipio-de-azul-impulsara-una-accion-de-amparo-por-el-estado-de-la-ruta-3\/embed\/#?secret=toud2VzbcD#?secret=yJ60d95aWm\" data-secret=\"yJ60d95aWm\" width=\"600\" height=\"338\" frameborder=\"0\" marginwidth=\"0\" marginheight=\"0\" scrolling=\"no\"><\/iframe><\/p>\n","protected":false},"excerpt":{"rendered":"<p>El intendente de Azul habl\u00f3 con Central de Noticias sobre la presentaci\u00f3n judicial que impulsar\u00e1 el Municipio. \u201cHemos agotado todas<\/p>\n","protected":false},"author":4,"featured_media":172664,"comment_status":"closed","ping_status":"closed","sticky":false,"template":"","format":"standard","meta":{"_jetpack_memberships_contains_paid_content":false,"footnotes":""},"categories":[4,1],"tags":[],"class_list":["post-179528","post","type-post","status-publish","format-standard","has-post-thumbnail","hentry","category-politica","category-portada"],"jetpack_featured_media_url":"https:\/\/i0.wp.com\/cdnoticias.com\/wp-content\/uploads\/2025\/05\/nelson-sombra-2.jpg?fit=900%2C506&ssl=1","jetpack_sharing_enabled":true,"_links":{"self":[{"href":"https:\/\/cdnoticias.com\/index.php\/wp-json\/wp\/v2\/posts\/179528","targetHints":{"allow":["GET"]}}],"collection":[{"href":"https:\/\/cdnoticias.com\/index.php\/wp-json\/wp\/v2\/posts"}],"about":[{"href":"https:\/\/cdnoticias.com\/index.php\/wp-json\/wp\/v2\/types\/post"}],"author":[{"embeddable":true,"href":"https:\/\/cdnoticias.com\/index.php\/wp-json\/wp\/v2\/users\/4"}],"replies":[{"embeddable":true,"href":"https:\/\/cdnoticias.com\/index.php\/wp-json\/wp\/v2\/comments?post=179528"}],"version-history":[{"count":0,"href":"https:\/\/cdnoticias.com\/index.php\/wp-json\/wp\/v2\/posts\/179528\/revisions"}],"wp:featuredmedia":[{"embeddable":true,"href":"https:\/\/cdnoticias.com\/index.php\/wp-json\/wp\/v2\/media\/172664"}],"wp:attachment":[{"href":"https:\/\/cdnoticias.com\/index.php\/wp-json\/wp\/v2\/media?parent=179528"}],"wp:term":[{"taxonomy":"category","embeddable":true,"href":"https:\/\/cdnoticias.com\/index.php\/wp-json\/wp\/v2\/categories?post=179528"},{"taxonomy":"post_tag","embeddable":true,"href":"https:\/\/cdnoticias.com\/index.php\/wp-json\/wp\/v2\/tags?post=179528"}],"curies":[{"name":"wp","href":"https:\/\/api.w.org\/{rel}","templated":true}]}}