{"id":179520,"date":"2025-08-14T14:24:34","date_gmt":"2025-08-14T17:24:34","guid":{"rendered":"https:\/\/cdnoticias.com\/?p=179520"},"modified":"2025-08-14T14:24:34","modified_gmt":"2025-08-14T17:24:34","slug":"trasladaron-a-sedes-policiales-a-los-detenidos-por-venta-de-droga-en-una-fiesta-en-azul","status":"publish","type":"post","link":"https:\/\/cdnoticias.com\/index.php\/2025\/08\/14\/trasladaron-a-sedes-policiales-a-los-detenidos-por-venta-de-droga-en-una-fiesta-en-azul\/","title":{"rendered":"Trasladaron a sedes policiales a los detenidos por venta de droga en una fiesta en Azul"},"content":{"rendered":"<p>Se inform\u00f3 que quedaron alojados en dependencias de la regi\u00f3n a la espera de cupo para su traslado al Servicio Penitenciario.<!--more--><\/p>\n<hr \/>\n<p>Desde la<strong> Delegaci\u00f3n de Drogas Il\u00edcitas de Azul<\/strong> se inform\u00f3 que los <strong>tres hombres detenidos el fin de semana pasado en Azul<\/strong> <a href=\"https:\/\/cdnoticias.com\/index.php\/2025\/08\/10\/megaprocedimiento-en-azul-cayo-una-red-narco-que-operaba-bajo-la-fachada-de-productora-de-fiestas\/\" target=\"_blank\" rel=\"noopener\">en el marco de una fiesta electr\u00f3nica<\/a> fueron <strong>alojados en dependencias policiales de la regi\u00f3n.<\/strong><\/p>\n<p>Cabe recordar que en total fueron <strong>detenidas cinco personas<\/strong>: tres hombres para quienes de dict\u00f3 la prisi\u00f3n preventiva y dos mujeres para quienes se dispuso el arresto domiciliario. Todos fueron <strong>acusados por venta de estupefacientes en una causa penal que tramita en la Justicia Federal.<\/strong><\/p>\n<blockquote><p>En las \u00faltimas horas se indic\u00f3 que el d\u00eda martes se produjeron los traslados a comisar\u00edas de la zona: Ayrton Tucci a la Comisar\u00eda de Laprida, Ezequiel Leiva a la Comisar\u00eda de Benito Ju\u00e1rez y Thomas Ezequiel Bel\u00e9n fue alojado en la Comisar\u00eda de La Madrid.<\/p><\/blockquote>\n<p><strong>\u201cLos cinco detenidos ya se encuentran con prisi\u00f3n preventiva con pedido de cupo en el Servicio Penitenciario\u201d<\/strong> agreg\u00f3 la Delegaci\u00f3n de Drogas Il\u00edcitas de la Departamental Azul que encabez\u00f3 los operativos que el domingo por la madrugada derivaron en las detenciones y en el secuestro de drogas. <strong>El allanamiento principal tuvo lugar en el boliche \u201cSara Templo\u201d<\/strong> de la ciudad de Azul.<\/p>\n<p><a href=\"https:\/\/cdnoticias.com\/index.php\/2025\/08\/12\/secuestro-de-drogas-en-una-fiesta-electronica-de-azul-identificaron-a-los-imputados\/\" target=\"_blank\" rel=\"noopener\">Tal como se inform\u00f3<\/a>, los acusados son <strong>Francisco Thomas Bel\u00e9n<\/strong>, de 26 a\u00f1os de edad, y <strong>Diego Ezequiel Leyva Barrocal<\/strong> de 28 a\u00f1os, ambos de Tres Arroyos. El otro imputado est\u00e1 radicado en Azul: <strong>Ayrton Jes\u00fas Tucci<\/strong>, de 30 a\u00f1os. <strong>Micaela Bel\u00e9n Pa\u00eds<\/strong>, de 20 a\u00f1os, tambi\u00e9n de Azul. Los cuatro fueron imputados por <em>\u201ccomercio de estupefacientes de manera organizada y en un evento social\u201d<\/em>. La quinta imputada es <strong>B\u00e1rbara Valeria Montenegro<\/strong>, de 33 a\u00f1os, de Mar del Plata acusada por <em>\u201ctenencia de estupefacientes con fines de comercio, agravado por el lugar de comisi\u00f3n\u201d<\/em>.<\/p>\n<p>Durante el allanamiento en el local bailable se secuestraron<strong> 40 envoltorios de TUSI, 36 envoltorios de metanfetamina (cristal), 24 pastillas de \u00e9xtasis, 19 envoltorios de coca\u00edna; y marihuana<\/strong> en m\u00faltiples presentaciones tales como 3 envoltorios con flores, 28 cigarrillos armados, 2 frascos, 24 plantas. Tambi\u00e9n fueron secuestrados un veh\u00edculo y los tel\u00e9fonos de los acusados.<\/p>\n<p>Los investigadores sostuvieron que<strong> con la fachada de eventos culturales y fiestas de alto nivel, los imputados distribu\u00edan drogas<\/strong>.<\/p>\n","protected":false},"excerpt":{"rendered":"<p>Se inform\u00f3 que quedaron alojados en dependencias de la regi\u00f3n a la espera de cupo para su traslado al Servicio<\/p>\n","protected":false},"author":4,"featured_media":179522,"comment_status":"closed","ping_status":"closed","sticky":false,"template":"","format":"standard","meta":{"_jetpack_memberships_contains_paid_content":false,"footnotes":""},"categories":[14,1],"tags":[],"class_list":["post-179520","post","type-post","status-publish","format-standard","has-post-thumbnail","hentry","category-policiales","category-portada"],"jetpack_featured_media_url":"https:\/\/i0.wp.com\/cdnoticias.com\/wp-content\/uploads\/2025\/08\/detenidos-fiesta-electronica-azul-00.jpg?fit=1000%2C557&ssl=1","jetpack_sharing_enabled":true,"_links":{"self":[{"href":"https:\/\/cdnoticias.com\/index.php\/wp-json\/wp\/v2\/posts\/179520","targetHints":{"allow":["GET"]}}],"collection":[{"href":"https:\/\/cdnoticias.com\/index.php\/wp-json\/wp\/v2\/posts"}],"about":[{"href":"https:\/\/cdnoticias.com\/index.php\/wp-json\/wp\/v2\/types\/post"}],"author":[{"embeddable":true,"href":"https:\/\/cdnoticias.com\/index.php\/wp-json\/wp\/v2\/users\/4"}],"replies":[{"embeddable":true,"href":"https:\/\/cdnoticias.com\/index.php\/wp-json\/wp\/v2\/comments?post=179520"}],"version-history":[{"count":0,"href":"https:\/\/cdnoticias.com\/index.php\/wp-json\/wp\/v2\/posts\/179520\/revisions"}],"wp:featuredmedia":[{"embeddable":true,"href":"https:\/\/cdnoticias.com\/index.php\/wp-json\/wp\/v2\/media\/179522"}],"wp:attachment":[{"href":"https:\/\/cdnoticias.com\/index.php\/wp-json\/wp\/v2\/media?parent=179520"}],"wp:term":[{"taxonomy":"category","embeddable":true,"href":"https:\/\/cdnoticias.com\/index.php\/wp-json\/wp\/v2\/categories?post=179520"},{"taxonomy":"post_tag","embeddable":true,"href":"https:\/\/cdnoticias.com\/index.php\/wp-json\/wp\/v2\/tags?post=179520"}],"curies":[{"name":"wp","href":"https:\/\/api.w.org\/{rel}","templated":true}]}}