{"id":179513,"date":"2025-08-14T10:47:22","date_gmt":"2025-08-14T13:47:22","guid":{"rendered":"https:\/\/cdnoticias.com\/?p=179513"},"modified":"2025-08-14T10:47:23","modified_gmt":"2025-08-14T13:47:23","slug":"la-inflacion-de-julio-fue-19-leve-ascenso-con-bajo-traslado-a-precios-de-la-suba-del-dolar","status":"publish","type":"post","link":"https:\/\/cdnoticias.com\/index.php\/2025\/08\/14\/la-inflacion-de-julio-fue-19-leve-ascenso-con-bajo-traslado-a-precios-de-la-suba-del-dolar\/","title":{"rendered":"La inflaci\u00f3n de julio fue 1,9%: leve ascenso con bajo traslado a precios de la suba del d\u00f3lar"},"content":{"rendered":"<p>El informe del INDEC expuso que la suba de los precios acumulados durante el a\u00f1o fue de 17,3%, mientras que en doce meses sum\u00f3 36,6%. El IPC se aceler\u00f3 con relaci\u00f3n al mes pasado.<!--more--><\/p>\n<hr \/>\n<p>Empujada por los <strong>precios estacionales de las vacaciones de invierno<\/strong> y sin un impacto claro todav\u00eda de la<strong> fuerte suba del d\u00f3lar<\/strong>, la inflaci\u00f3n se mantuvo por debajo del l\u00edmite psicol\u00f3gico del 2% mensual: <strong>en julio, seg\u00fan los datos difundidos por el Indec, registr\u00f3 un avance de 1,9%.<\/strong><\/p>\n<blockquote><p>El informe del instituto estad\u00edstico inform\u00f3 que la suba de los precios acumulados durante el a\u00f1o fue de 17,3%, mientras que en doce meses sum\u00f3 36,6%. Los valores estacionales se dispararon al 4,1% en el mes, mientras que la inflaci\u00f3n n\u00facleo, que sigue los valores sin estacionalidad ni precios regulados, mostr\u00f3 un avance de 1,5%.<\/p><\/blockquote>\n<p>El IPC elaborado por el organismo <a href=\"https:\/\/cdnoticias.com\/index.php\/2025\/07\/14\/indec-la-inflacion-de-junio-fue-de-16-y-acumula-394-interanual\/\" target=\"_blank\" rel=\"noopener\">se aceler\u00f3 con relaci\u00f3n al mes pasado<\/a>, cuando hab\u00eda marcado un 1,6%. Un factor fue clave: <strong>en los \u00faltimos dos meses, los precios vinculados a la temporada hab\u00edan mantenido una presi\u00f3n bajista<\/strong> para el nivel general. Esta vez esa fuerza se invirti\u00f3 acelerando el \u00edndice.<\/p>\n<p>La divisi\u00f3n de mayor aumento en el mes fue<strong> Recreaci\u00f3n y cultura (4,8%)<\/strong>, seguida de <strong>Transporte (2,8%)<\/strong>, por alzas en Transporte p\u00fablico y Funcionamiento de equipos de transporte personal.<\/p>\n<blockquote class=\"twitter-tweet\">\n<p dir=\"ltr\" lang=\"es\"><a href=\"https:\/\/twitter.com\/hashtag\/DatoINDEC?src=hash&amp;ref_src=twsrc%5Etfw\">#DatoINDEC<\/a><br \/>\nLos precios al consumidor (<a href=\"https:\/\/twitter.com\/hashtag\/IPC?src=hash&amp;ref_src=twsrc%5Etfw\">#IPC<\/a>) aumentaron 1,9% en julio de 2025 respecto de junio y acumularon un alza de 17,3% en los \u00faltimos siete meses <a href=\"https:\/\/t.co\/ccjTNTu3PD\">https:\/\/t.co\/ccjTNTu3PD<\/a> <a href=\"https:\/\/t.co\/AEai0sBmfL\">pic.twitter.com\/AEai0sBmfL<\/a><\/p>\n<p>\u2014 INDEC Argentina (@INDECArgentina) <a href=\"https:\/\/twitter.com\/INDECArgentina\/status\/1955705977975517640?ref_src=twsrc%5Etfw\">August 13, 2025<\/a><\/p><\/blockquote>\n<p><script async src=\"https:\/\/platform.twitter.com\/widgets.js\" charset=\"utf-8\"><\/script><\/p>\n<blockquote><p>La divisi\u00f3n con mayor incidencia fue Alimentos y bebidas no alcoh\u00f3licas (1,9%) por aumentos en Verduras, tub\u00e9rculos y legumbres, Carnes y derivados y Pan y cereales en las regiones GBA (Gran Buenos Aires), Pampeana, Noreste, Noroeste y Cuyo. En cambio, en Patagonia la mayor incidencia se registr\u00f3 en Transporte (2,8%).<\/p><\/blockquote>\n<p>En su s\u00e9ptimo relevamiento del a\u00f1o, el <strong>Relevamiento de Expectativas del Mercado (REM)<\/strong> hab\u00eda estimado una inflaci\u00f3n mensual de 1,8% para julio. La <strong>inflaci\u00f3n de la Ciudad de Buenos Aires<\/strong> hab\u00eda adelantado ya una aceleraci\u00f3n -de cuatro d\u00e9cimas- para el mes. En territorio porte\u00f1o, el alza de los precios hab\u00eda sido de 2,5%, seg\u00fan su ente estad\u00edstico.<\/p>\n<p>La inflaci\u00f3n prevista por el mercado para este a\u00f1o es de 27,3%, por encima de lo que proyect\u00f3 el Gobierno en su avance de proyecto de presupuesto 2026, documento en el que calcul\u00f3 un 22,7%.<\/p>\n<p>Vale recordar que en el \u00faltimo a\u00f1o del cuarto kirchnerismo, que condujeron Alberto Fern\u00e1ndez, Cristina Kirchner y Sergio Massa, la inflaci\u00f3n fue de 211,4%, la m\u00e1s alta en m\u00e1s de 30 a\u00f1os.<\/p>\n<blockquote><p>Pese al incremento del d\u00f3lar que se produjo en las \u00faltimas semanas (13% en el mes), y que se intensific\u00f3 en la \u00faltima semana de julio y en la primera de agosto, las empresas afirmaron que -por la debilidad del consumo en algunos rubros y a la apertura comercial- les es imposible trasladar a precios los movimientos del tipo de cambio. El Gobierno estim\u00f3 que no hay pesos en el mercado que valide esa posibilidad.<\/p><\/blockquote>\n<p><img data-recalc-dims=\"1\" loading=\"lazy\" decoding=\"async\" class=\"size-full wp-image-101712\" src=\"https:\/\/i0.wp.com\/cdnoticias.com\/wp-content\/uploads\/2023\/11\/DIB-mercado-verdura-precios.jpg?resize=696%2C464&#038;ssl=1\" alt=\"\" width=\"696\" height=\"464\" srcset=\"https:\/\/i0.wp.com\/cdnoticias.com\/wp-content\/uploads\/2023\/11\/DIB-mercado-verdura-precios.jpg?w=696&amp;ssl=1 696w, https:\/\/i0.wp.com\/cdnoticias.com\/wp-content\/uploads\/2023\/11\/DIB-mercado-verdura-precios.jpg?resize=300%2C200&amp;ssl=1 300w, https:\/\/i0.wp.com\/cdnoticias.com\/wp-content\/uploads\/2023\/11\/DIB-mercado-verdura-precios.jpg?resize=272%2C182&amp;ssl=1 272w\" sizes=\"auto, (max-width: 696px) 100vw, 696px\" \/><\/p>\n<p>De todos modos, la mayor\u00eda de los analistas econ\u00f3micos <strong>espera que el traslado a precios de la suba del d\u00f3lar impacte con mayor contundencia en el IPC de agosto<\/strong>, que se difunde en septiembre, ya que<strong> la escalda del billete norteamericano se intensific\u00f3 a fines de julio<\/strong>.<\/p>\n<p>En ese sentido, existe un dato a tener en cuenta: <strong>el 74% de las empresas report\u00f3 aumento de costos y solo un 35% pudo trasladarlo a precios<\/strong>, indic\u00f3 una encuesta del Observatorio Pyme.<\/p>\n<p>La<strong> importaci\u00f3n de bienes de consumo fue r\u00e9cord<\/strong> y es la m\u00e1s alta desde 2015, seg\u00fan un informe del especialista Marcelo Elizondo. Lleg\u00f3, seg\u00fan el Indec, a los US$5267 millones, por encima de los picos de 2017 y 2018, en tiempos del macrismo en el Gobierno. En tanto, el <strong>ingreso disponible del hogar<\/strong> \u2013el dinero que queda para consumir despu\u00e9s de pagar gastos fijos como la luz, el agua, el gas, entre otros\u2013 todav\u00eda estaba <strong>en mayo un 9% por debajo de los niveles de fines de 2023.<\/strong><\/p>\n<p>De todos modos, en las \u00faltimas semanas, adem\u00e1s, el Ministerio de Econom\u00eda consolid\u00f3 una <strong>alianza con los supermercados<\/strong>, que p\u00fablicamente afirmaron que no aceptar\u00edan nuevas listas de productos con aumentos desmedidos.<\/p>\n<p><strong>El Gobierno cont\u00f3 que podr\u00eda darse un salto del IPC en agosto, como el que se registr\u00f3 en marzo (3,7%)<\/strong>. Entonces los movimientos del d\u00f3lar por la incertidumbre sobre la modificaci\u00f3n del esquema cambiario en el marco de un nuevo acuerdo con el Fondo Monetario Internacional (FMI) era confidencial, lo que provocaba versiones sobre una devaluaci\u00f3n. Justamente, en una entrevista en el streaming oficialista Carajo, Caputo descart\u00f3 d\u00edas atr\u00e1s un retoque en el esquema cambiario luego de las elecciones de octubre, un rumor que se hab\u00eda instalado en el mercado.<\/p>\n<p>Fuente:<em> Agencia DIB<\/em><\/p>\n","protected":false},"excerpt":{"rendered":"<p>El informe del INDEC expuso que la suba de los precios acumulados durante el a\u00f1o fue de 17,3%, mientras que<\/p>\n","protected":false},"author":4,"featured_media":8923,"comment_status":"closed","ping_status":"closed","sticky":false,"template":"","format":"standard","meta":{"_jetpack_memberships_contains_paid_content":false,"footnotes":""},"categories":[6,1],"tags":[],"class_list":["post-179513","post","type-post","status-publish","format-standard","has-post-thumbnail","hentry","category-nacionales","category-portada"],"jetpack_featured_media_url":"https:\/\/i0.wp.com\/cdnoticias.com\/wp-content\/uploads\/2020\/12\/ley-de-gondolas.jpg?fit=829%2C466&ssl=1","jetpack_sharing_enabled":true,"_links":{"self":[{"href":"https:\/\/cdnoticias.com\/index.php\/wp-json\/wp\/v2\/posts\/179513","targetHints":{"allow":["GET"]}}],"collection":[{"href":"https:\/\/cdnoticias.com\/index.php\/wp-json\/wp\/v2\/posts"}],"about":[{"href":"https:\/\/cdnoticias.com\/index.php\/wp-json\/wp\/v2\/types\/post"}],"author":[{"embeddable":true,"href":"https:\/\/cdnoticias.com\/index.php\/wp-json\/wp\/v2\/users\/4"}],"replies":[{"embeddable":true,"href":"https:\/\/cdnoticias.com\/index.php\/wp-json\/wp\/v2\/comments?post=179513"}],"version-history":[{"count":0,"href":"https:\/\/cdnoticias.com\/index.php\/wp-json\/wp\/v2\/posts\/179513\/revisions"}],"wp:featuredmedia":[{"embeddable":true,"href":"https:\/\/cdnoticias.com\/index.php\/wp-json\/wp\/v2\/media\/8923"}],"wp:attachment":[{"href":"https:\/\/cdnoticias.com\/index.php\/wp-json\/wp\/v2\/media?parent=179513"}],"wp:term":[{"taxonomy":"category","embeddable":true,"href":"https:\/\/cdnoticias.com\/index.php\/wp-json\/wp\/v2\/categories?post=179513"},{"taxonomy":"post_tag","embeddable":true,"href":"https:\/\/cdnoticias.com\/index.php\/wp-json\/wp\/v2\/tags?post=179513"}],"curies":[{"name":"wp","href":"https:\/\/api.w.org\/{rel}","templated":true}]}}