{"id":179506,"date":"2025-08-14T09:00:28","date_gmt":"2025-08-14T12:00:28","guid":{"rendered":"https:\/\/cdnoticias.com\/?p=179506"},"modified":"2025-08-14T09:00:36","modified_gmt":"2025-08-14T12:00:36","slug":"dia-no-laborable-este-viernes-no-habra-atencion-al-publico-en-coopelectric","status":"publish","type":"post","link":"https:\/\/cdnoticias.com\/index.php\/2025\/08\/14\/dia-no-laborable-este-viernes-no-habra-atencion-al-publico-en-coopelectric\/","title":{"rendered":"D\u00eda no laborable: este viernes no habr\u00e1 atenci\u00f3n al p\u00fablico en Coopelectric"},"content":{"rendered":"<p>La cooperativa inform\u00f3 su adhesi\u00f3n a la legislaci\u00f3n nacional. Se mantendr\u00e1n las guardias para los servicios de electricidad y obras sanitarias.<!--more--><\/p>\n<hr \/>\n<p><strong>Coopelectric<\/strong> inform\u00f3 que <strong>este viernes no habr\u00e1 atenci\u00f3n al p\u00fablico<\/strong> en sus oficinas.<\/p>\n<blockquote><p>\u201cEl Consejo de Administraci\u00f3n de Coopelectric ha resuelto adherir a lo dispuesto por el art\u00edculo 7 de la Ley 27.399 y el Decreto 1027\/2024, por lo que el viernes 15 de agosto ser\u00e1 d\u00eda no laborable\u201d comunic\u00f3 la instituci\u00f3n.<\/p><\/blockquote>\n<p>Se aclar\u00f3 que<strong> \u201cpermanecer\u00e1n cerradas y sin atenci\u00f3n al p\u00fablico\u201d<\/strong>: <em>la sede administrativa ubicada en Belgrano 2850, la Oficina T\u00e9cnica de Obras Sanitarias situada en Av. Del Valle y Av. Pellegrini, la Oficina T\u00e9cnica de Energ\u00eda El\u00e9ctrica que funciona en Pelegrino y Maip\u00fa y las Delegaciones<\/em>.<\/p>\n<p>No obstante, <strong>en los sectores operativos de los Servicios El\u00e9ctrico y Sanitario las guardias funcionar\u00e1n con normalidad<\/strong>. Por reclamos t\u00e9cnicos de Energ\u00eda El\u00e9ctrica los usuarios podr\u00e1n comunicarse durante las 24 hs. al 412305 y por reclamos t\u00e9cnicos de Obras Sanitarias al 411222. En ambos casos tambi\u00e9n podr\u00e1n enviar un mensaje de texto al 15-680000 o ingresar el reclamo v\u00eda WhatsApp 2284-230707.<\/p>\n","protected":false},"excerpt":{"rendered":"<p>La cooperativa inform\u00f3 su adhesi\u00f3n a la legislaci\u00f3n nacional. Se mantendr\u00e1n las guardias para los servicios de electricidad y obras<\/p>\n","protected":false},"author":4,"featured_media":134490,"comment_status":"closed","ping_status":"closed","sticky":false,"template":"","format":"standard","meta":{"_jetpack_memberships_contains_paid_content":false,"footnotes":""},"categories":[5,1],"tags":[],"class_list":["post-179506","post","type-post","status-publish","format-standard","has-post-thumbnail","hentry","category-informacion-general","category-portada"],"jetpack_featured_media_url":"https:\/\/i0.wp.com\/cdnoticias.com\/wp-content\/uploads\/2025\/01\/coopelectric-fachada-05.jpg?fit=1000%2C556&ssl=1","jetpack_sharing_enabled":true,"_links":{"self":[{"href":"https:\/\/cdnoticias.com\/index.php\/wp-json\/wp\/v2\/posts\/179506","targetHints":{"allow":["GET"]}}],"collection":[{"href":"https:\/\/cdnoticias.com\/index.php\/wp-json\/wp\/v2\/posts"}],"about":[{"href":"https:\/\/cdnoticias.com\/index.php\/wp-json\/wp\/v2\/types\/post"}],"author":[{"embeddable":true,"href":"https:\/\/cdnoticias.com\/index.php\/wp-json\/wp\/v2\/users\/4"}],"replies":[{"embeddable":true,"href":"https:\/\/cdnoticias.com\/index.php\/wp-json\/wp\/v2\/comments?post=179506"}],"version-history":[{"count":0,"href":"https:\/\/cdnoticias.com\/index.php\/wp-json\/wp\/v2\/posts\/179506\/revisions"}],"wp:featuredmedia":[{"embeddable":true,"href":"https:\/\/cdnoticias.com\/index.php\/wp-json\/wp\/v2\/media\/134490"}],"wp:attachment":[{"href":"https:\/\/cdnoticias.com\/index.php\/wp-json\/wp\/v2\/media?parent=179506"}],"wp:term":[{"taxonomy":"category","embeddable":true,"href":"https:\/\/cdnoticias.com\/index.php\/wp-json\/wp\/v2\/categories?post=179506"},{"taxonomy":"post_tag","embeddable":true,"href":"https:\/\/cdnoticias.com\/index.php\/wp-json\/wp\/v2\/tags?post=179506"}],"curies":[{"name":"wp","href":"https:\/\/api.w.org\/{rel}","templated":true}]}}