{"id":179469,"date":"2025-08-14T16:16:20","date_gmt":"2025-08-14T19:16:20","guid":{"rendered":"https:\/\/cdnoticias.com\/?p=179469"},"modified":"2025-08-14T16:16:22","modified_gmt":"2025-08-14T19:16:22","slug":"licitacion-de-la-obra-de-ampliacion-de-la-escuela-primaria-no-51","status":"publish","type":"post","link":"https:\/\/cdnoticias.com\/index.php\/2025\/08\/14\/licitacion-de-la-obra-de-ampliacion-de-la-escuela-primaria-no-51\/","title":{"rendered":"Licitaci\u00f3n de la obra de ampliaci\u00f3n de la Escuela Primaria N\u00ba 51"},"content":{"rendered":"\n<p>La licitaci\u00f3n se abrir\u00e1 el d\u00eda 3 de septiembre con un presupuesto oficial de $254.885.525.<\/p>\n\n\n\n<hr class=\"wp-block-separator aligncenter has-alpha-channel-opacity\"\/>\n\n\n\n<p>En el marco del Plan de Infraestructura Educativa, la gesti\u00f3n municipal llevar\u00e1 adelante la<strong> obra de refacci\u00f3n y ampliaci\u00f3n de la Escuela Primaria N\u00ba 51 \u201cPedro Goyena\u201d<\/strong>, ubicada en el <strong>barrio San Vicente. <\/strong><\/p>\n\n\n\n<p><\/p>\n\n\n\n<p>D\u00edas atr\u00e1s el intendente Maximiliano Wesner <a href=\"https:\/\/cdnoticias.com\/index.php\/2025\/07\/18\/wesner-anuncio-un-plan-de-obras-integral-en-la-escuela-51\/\" target=\"_blank\" rel=\"noreferrer noopener\">visit\u00f3 el establecimiento y recorri\u00f3 las distintas instalaciones,<\/a> acompa\u00f1ado por docentes, auxiliarles y estudiantes.&nbsp;<\/p>\n\n\n\n<p><\/p>\n\n\n\n<blockquote class=\"wp-block-quote is-layout-flow wp-block-quote-is-layout-flow\">\n<p>El plan de obras contempla, por un lado, la construcci\u00f3n de una cocina, dep\u00f3sitos y sanitarios nuevos para el Sal\u00f3n de Usos M\u00faltiples, para lo cual deber\u00e1 ser demolido un sector de actual SUM.\u00a0<\/p>\n<\/blockquote>\n\n\n\n<p><\/p>\n\n\n\n<p>Lo mismo suceder\u00e1 con una<strong> parte del solado del patio,<\/strong> para la posterior ejecuci\u00f3n de uno <strong>nuevo de hormig\u00f3n alisado<\/strong>. Tambi\u00e9n se deber\u00e1 llevar a cabo el retiro de un \u00e1rbol para permitir el emparejamiento del solado y la <strong>construcci\u00f3n de un nuevo piso<\/strong>, para que no se vean afectados por las ra\u00edces.<\/p>\n\n\n\n<p><\/p>\n\n\n\n<figure class=\"wp-block-image aligncenter size-full\"><img data-recalc-dims=\"1\" loading=\"lazy\" decoding=\"async\" width=\"800\" height=\"491\" src=\"https:\/\/i0.wp.com\/cdnoticias.com\/wp-content\/uploads\/2025\/07\/obras-escuela-51-plan-2.png?resize=800%2C491&#038;ssl=1\" alt=\"\" class=\"wp-image-177198\" srcset=\"https:\/\/i0.wp.com\/cdnoticias.com\/wp-content\/uploads\/2025\/07\/obras-escuela-51-plan-2.png?w=888&amp;ssl=1 888w, https:\/\/i0.wp.com\/cdnoticias.com\/wp-content\/uploads\/2025\/07\/obras-escuela-51-plan-2.png?resize=300%2C184&amp;ssl=1 300w, https:\/\/i0.wp.com\/cdnoticias.com\/wp-content\/uploads\/2025\/07\/obras-escuela-51-plan-2.png?resize=768%2C471&amp;ssl=1 768w\" sizes=\"auto, (max-width: 800px) 100vw, 800px\" \/><\/figure>\n\n\n\n<p><\/p>\n\n\n\n<p>Asimismo, se llevar\u00e1 a cabo la <strong>construcci\u00f3n de una nueva aula<\/strong>, que tendr\u00e1 <strong>acceso desde la galer\u00eda<\/strong>. Adem\u00e1s, se realizar\u00e1n <strong>ampliaciones sobre el patio<\/strong> y se colocar\u00e1n <strong>aberturas de aluminio<\/strong> sobre la calle Azopardo.<\/p>\n\n\n\n<p><\/p>\n\n\n\n<blockquote class=\"wp-block-quote is-layout-flow wp-block-quote-is-layout-flow\">\n<p>Por \u00faltimo, en cuanto a las obras nuevas, se realizar\u00e1n cazoletas en los \u00e1rboles existentes de las veredas, con bordes de hormig\u00f3n de 10 cm, y se plantar\u00e1n nuevos \u00e1rboles.<\/p>\n<\/blockquote>\n\n\n\n<p><\/p>\n\n\n\n<p>En materia de reparaciones, se intervendr\u00e1n solados de las veredas y se incorporar\u00e1 un vado peatonal sobre la calle Rivadavia. Adem\u00e1s<strong>, se pintar\u00e1 el interior del edificio paredes y cielorraso con l\u00e1tex, al igual que el exterior del edificio.<\/strong> Tambi\u00e9n se realizar\u00e1n las <strong>tareas de instalaci\u00f3n de gas, sanitaria y el\u00e9ctrica<\/strong> para los <strong>nuevos ambientes, <\/strong>que se conectar\u00e1n a las ya existentes.<\/p>\n\n\n\n<p><\/p>\n\n\n\n<p>La licitaci\u00f3n se abrir\u00e1 el d\u00eda <strong>3 de septiembre, a las 10 horas, <\/strong>en el Palacio San Mart\u00edn. <strong>El presupuesto oficial es de 254.885.525<\/strong>.El pliego de bases y condiciones se podr\u00e1 consultar en la Direcci\u00f3n de Licitaciones o en la p\u00e1gina web del municipio a partir del pr\u00f3ximo martes 19 de agosto.<\/p>\n\n\n\n<p><\/p>\n","protected":false},"excerpt":{"rendered":"<p>La licitaci\u00f3n se abrir\u00e1 el d\u00eda 3 de septiembre con un presupuesto oficial de $254.885.525. En el marco del Plan<\/p>\n","protected":false},"author":6,"featured_media":177199,"comment_status":"closed","ping_status":"closed","sticky":false,"template":"","format":"standard","meta":{"_jetpack_memberships_contains_paid_content":false,"footnotes":""},"categories":[5,1],"tags":[],"class_list":["post-179469","post","type-post","status-publish","format-standard","has-post-thumbnail","hentry","category-informacion-general","category-portada"],"jetpack_featured_media_url":"https:\/\/i0.wp.com\/cdnoticias.com\/wp-content\/uploads\/2025\/07\/obras-escuela-51-plan-1.png?fit=875%2C582&ssl=1","jetpack_sharing_enabled":true,"_links":{"self":[{"href":"https:\/\/cdnoticias.com\/index.php\/wp-json\/wp\/v2\/posts\/179469","targetHints":{"allow":["GET"]}}],"collection":[{"href":"https:\/\/cdnoticias.com\/index.php\/wp-json\/wp\/v2\/posts"}],"about":[{"href":"https:\/\/cdnoticias.com\/index.php\/wp-json\/wp\/v2\/types\/post"}],"author":[{"embeddable":true,"href":"https:\/\/cdnoticias.com\/index.php\/wp-json\/wp\/v2\/users\/6"}],"replies":[{"embeddable":true,"href":"https:\/\/cdnoticias.com\/index.php\/wp-json\/wp\/v2\/comments?post=179469"}],"version-history":[{"count":0,"href":"https:\/\/cdnoticias.com\/index.php\/wp-json\/wp\/v2\/posts\/179469\/revisions"}],"wp:featuredmedia":[{"embeddable":true,"href":"https:\/\/cdnoticias.com\/index.php\/wp-json\/wp\/v2\/media\/177199"}],"wp:attachment":[{"href":"https:\/\/cdnoticias.com\/index.php\/wp-json\/wp\/v2\/media?parent=179469"}],"wp:term":[{"taxonomy":"category","embeddable":true,"href":"https:\/\/cdnoticias.com\/index.php\/wp-json\/wp\/v2\/categories?post=179469"},{"taxonomy":"post_tag","embeddable":true,"href":"https:\/\/cdnoticias.com\/index.php\/wp-json\/wp\/v2\/tags?post=179469"}],"curies":[{"name":"wp","href":"https:\/\/api.w.org\/{rel}","templated":true}]}}