{"id":179439,"date":"2025-08-14T19:00:06","date_gmt":"2025-08-14T22:00:06","guid":{"rendered":"https:\/\/cdnoticias.com\/?p=179439"},"modified":"2025-08-15T09:35:08","modified_gmt":"2025-08-15T12:35:08","slug":"soy-garrahan-queremos-lograr-que-el-reclamo-sea-federal","status":"publish","type":"post","link":"https:\/\/cdnoticias.com\/index.php\/2025\/08\/14\/soy-garrahan-queremos-lograr-que-el-reclamo-sea-federal\/","title":{"rendered":"Soy Garrahan: \u201cqueremos lograr que el reclamo sea federal\u201d\u00a0"},"content":{"rendered":"\n<p>Madres, padres y ex pacientes se unieron para alzar la voz, dar a conocer sus historias, defender el Hospital Garrahan y visibilizar el trabajo de los profesionales.&nbsp;<\/p>\n\n\n\n<hr class=\"wp-block-separator aligncenter has-alpha-channel-opacity\"\/>\n\n\n\n<p><em><strong>Danisa Jaime \/\/ @_jdanisa<\/strong><\/em><\/p>\n\n\n\n<p><em><strong>Del staff de Central de Noticias<\/strong><\/em><\/p>\n\n\n\n<p><\/p>\n\n\n\n<p>El<strong> Hospital Garrahan<\/strong> contin\u00faa funcionando en un contexto nada favorable: <strong>bajos salarios, renuncias, despidos, paros de actividades, desprestigio por parte del Gobierno Nacional<\/strong> y en consecuencia <strong>un di\u00e1logo nulo<\/strong> para llegar a un acuerdo de las partes.&nbsp;<\/p>\n\n\n\n<p><\/p>\n\n\n\n<p>En el medio<strong>, familias enteras se encuentran en medio del conflicto pero desde el d\u00eda uno saben que es momento de apoyar a los m\u00e9dicos y m\u00e9dicas que dan la vida por sus hijos e hijas.<\/strong> El Hospital Garrahan, el m\u00e1s importante de Latinoam\u00e9rica, necesita la voz de todas y todos.\u00a0Por estos d\u00edas y para dar un ejemplo entre miles, los profesionales <a href=\"https:\/\/dib.com.ar\/2025\/08\/el-garrahan-separo-a-siamesas-gemelas-que-estaban-unidas-por-el-abdomen\/\" target=\"_blank\" rel=\"noreferrer noopener\">separaron a siamesas gemelas que estaban unidas por el abdomen<\/a> en lo que fue una intervenci\u00f3n planificada y realizada por un equipo multidisciplinario.<\/p>\n\n\n\n<p><\/p>\n\n\n\n<p><strong>Luciana Corasaniti<\/strong> es de Necochea y vive en Mar del Plata. Adem\u00e1s de ser <strong>profesora en letras, es mam\u00e1 y su hija se atiende en este prestigioso Hospital.<\/strong><\/p>\n\n\n\n<p><\/p>\n\n\n\n<p>En di\u00e1logo con<strong><em> Central de Noticias<\/em><\/strong> expres\u00f3 que junto a los dem\u00e1s <strong>padres y madres, as\u00ed como tambi\u00e9n ex pacientes y autoconvocados<\/strong> buscan \u201c<strong>difundir la voz, difundir nuestra mirada del Hospital, que es de un actor clave en todo esto\u201d.&nbsp;<\/strong><\/p>\n\n\n\n<p><\/p>\n\n\n\n<figure class=\"wp-block-image aligncenter size-full\"><img data-recalc-dims=\"1\" loading=\"lazy\" decoding=\"async\" width=\"800\" height=\"659\" src=\"https:\/\/i0.wp.com\/cdnoticias.com\/wp-content\/uploads\/2025\/08\/soy-garrahan-familais.png?resize=800%2C659&#038;ssl=1\" alt=\"\" class=\"wp-image-179444\" srcset=\"https:\/\/i0.wp.com\/cdnoticias.com\/wp-content\/uploads\/2025\/08\/soy-garrahan-familais.png?w=857&amp;ssl=1 857w, https:\/\/i0.wp.com\/cdnoticias.com\/wp-content\/uploads\/2025\/08\/soy-garrahan-familais.png?resize=300%2C247&amp;ssl=1 300w, https:\/\/i0.wp.com\/cdnoticias.com\/wp-content\/uploads\/2025\/08\/soy-garrahan-familais.png?resize=768%2C633&amp;ssl=1 768w\" sizes=\"auto, (max-width: 800px) 100vw, 800px\" \/><\/figure>\n\n\n\n<p><\/p>\n\n\n\n<p>La<strong> sede del Hospital<\/strong> se encuentra en la Ciudad Aut\u00f3noma de Buenos Aires<strong> pero los pacientes son de todas partes de la Argentina.<\/strong> Desde Mar del Plata, Luciana se preguntaba c\u00f3mo hacer para apoyar la situaci\u00f3n estando lejos y sin poder participar de las marchas y asambleas.&nbsp;<\/p>\n\n\n\n<p><\/p>\n\n\n\n<blockquote class=\"wp-block-quote is-layout-flow wp-block-quote-is-layout-flow\">\n<p>\u201cAh\u00ed nace Soy Garrahan. Hay pap\u00e1s y mam\u00e1s de Entre R\u00edos, de Chaco, de Trelew, de Jujuy, de Salta, de Misiones, de todos lados. El Garrahan es un Hospital que atiende pacientes de todo el pa\u00eds y en el que tambi\u00e9n se forman los especialistas que despu\u00e9s se desparraman en todo el pa\u00eds. No podemos ver el problema como un Hospital de CABA. Porque no lo es\u201d agreg\u00f3.&nbsp;<\/p>\n<\/blockquote>\n\n\n\n<p><\/p>\n\n\n\n<p>Soy Garrahan <em>\u201cnace con dos mam\u00e1s que est\u00e1n en capital, que quer\u00edan hacer algo porque el conflicto parec\u00eda no terminarse, por lo menos no en la cercan\u00eda. Crearon un grupo de Whatsapp, repartieron los QR de ese grupo y empezaron a unirse pap\u00e1s de muchos lados\u201d<\/em> expres\u00f3 Luciana.&nbsp;<\/p>\n\n\n\n<p><\/p>\n\n\n\n<p>Asimismo, agreg\u00f3 que \u201cla \u00faltima vez que fui al Hospital en junio para un control con mi hija, habl\u00e9 con las m\u00e9dicas. <strong>Estaban todas destrozadas en su \u00e1nimo <\/strong>y me fui como diciendo \u00bfQu\u00e9 puedo hacer? Cuando vi el QR en Instagram, me sum\u00e9 al grupo\u201d.<\/p>\n\n\n\n<p><\/p>\n\n\n\n<figure class=\"wp-block-image aligncenter size-full\"><img data-recalc-dims=\"1\" loading=\"lazy\" decoding=\"async\" width=\"800\" height=\"532\" src=\"https:\/\/i0.wp.com\/cdnoticias.com\/wp-content\/uploads\/2025\/08\/soy-garrahan-familais1.jpg?resize=800%2C532&#038;ssl=1\" alt=\"\" class=\"wp-image-179443\" srcset=\"https:\/\/i0.wp.com\/cdnoticias.com\/wp-content\/uploads\/2025\/08\/soy-garrahan-familais1.jpg?w=900&amp;ssl=1 900w, https:\/\/i0.wp.com\/cdnoticias.com\/wp-content\/uploads\/2025\/08\/soy-garrahan-familais1.jpg?resize=300%2C200&amp;ssl=1 300w, https:\/\/i0.wp.com\/cdnoticias.com\/wp-content\/uploads\/2025\/08\/soy-garrahan-familais1.jpg?resize=768%2C511&amp;ssl=1 768w, https:\/\/i0.wp.com\/cdnoticias.com\/wp-content\/uploads\/2025\/08\/soy-garrahan-familais1.jpg?resize=272%2C182&amp;ssl=1 272w\" sizes=\"auto, (max-width: 800px) 100vw, 800px\" \/><figcaption class=\"wp-element-caption\"><em>Marcha de las velas. Autor Emiliano Rojas Salinas<\/em><\/figcaption><\/figure>\n\n\n\n<p><\/p>\n\n\n\n<blockquote class=\"wp-block-quote is-layout-flow wp-block-quote-is-layout-flow\">\n<p>\u201cTodas estaban con un nivel de angustia hasta las l\u00e1grimas, afirmando que nunca hab\u00edan vivido algo parecido a lo que est\u00e1n viviendo ahora, a nivel no solo recorte presupuestario, sino desinter\u00e9s de sentarse a dialogar, que eso es lo que m\u00e1s les duele a ellas como trabajadoras\u201d cont\u00f3 sobre las m\u00e9dicas.<\/p>\n<\/blockquote>\n\n\n\n<p><\/p>\n\n\n\n<p>Las madres comenzaron a realizar acciones m\u00e1s concretas como por ejemplo una <strong>campa\u00f1a de fotos siempre de mayores de edad<\/strong> (debido a que la agrupaci\u00f3n busca nunca exponer a los menores). En esta campa\u00f1a cuentan de d\u00f3nde es cada familia y la patolog\u00eda de sus hijos e hijas.&nbsp;<\/p>\n\n\n\n<p><\/p>\n\n\n\n<p>Asimismo, entre las madres abrieron un Instagram y cada una fue sumando su granito de arena: las profesoras de letras como Luciana comenzaron a escribir posteos, las dise\u00f1adoras gr\u00e1ficas construyeron un logo e imagen identificatoria y un grupo de prensa comenz\u00f3 a difundir la iniciativa.<strong>\u00a0Todo bien organizado con un fin en com\u00fan.<\/strong><\/p>\n\n\n\n<p><\/p>\n\n\n\n<p><em>\u201cDespu\u00e9s se suman dos o tres mam\u00e1s m\u00e1s que se encargan m\u00e1s de cuestiones que tienen que ver con lo territorial. Ahora organizan un evento en Almirante Brown, debido al D\u00eda del Ni\u00f1o y en apoyo al Garrahan<\/em>\u201d se\u00f1al\u00f3 Luciana.&nbsp;El evento fue organizado por las mam\u00e1s a pulm\u00f3n y est\u00e1 destinado a las infancias con m\u00fasica, juegos, pintadas de mural y muchas sorpresas.&nbsp;<\/p>\n\n\n\n<p><\/p>\n\n\n\n<figure class=\"wp-block-image aligncenter size-full\"><img data-recalc-dims=\"1\" loading=\"lazy\" decoding=\"async\" width=\"800\" height=\"508\" src=\"https:\/\/i0.wp.com\/cdnoticias.com\/wp-content\/uploads\/2025\/07\/garrahan-crisis-sector.jpg?resize=800%2C508&#038;ssl=1\" alt=\"\" class=\"wp-image-177815\" srcset=\"https:\/\/i0.wp.com\/cdnoticias.com\/wp-content\/uploads\/2025\/07\/garrahan-crisis-sector.jpg?w=900&amp;ssl=1 900w, https:\/\/i0.wp.com\/cdnoticias.com\/wp-content\/uploads\/2025\/07\/garrahan-crisis-sector.jpg?resize=300%2C191&amp;ssl=1 300w, https:\/\/i0.wp.com\/cdnoticias.com\/wp-content\/uploads\/2025\/07\/garrahan-crisis-sector.jpg?resize=768%2C488&amp;ssl=1 768w\" sizes=\"auto, (max-width: 800px) 100vw, 800px\" \/><\/figure>\n\n\n\n<p><\/p>\n\n\n\n<p>\u201cAhora ya se sumaron un mont\u00f3n de pap\u00e1s y de mam\u00e1s m\u00e1s, para justamente<strong> lograr que el reclamo sea federal y que tomemos conciencia todos, en todo el pa\u00eds, del valor que tiene el Garrahan.<\/strong> No solo para tenerlo ah\u00ed latente si lo necesitamos a la hora de acudir, sino para<strong> tener profesionales en donde sea que vivamos. <\/strong>A mi hija ac\u00e1 en Mar del Plata la atienden<strong> todas personas formadas en el Garrahan, <\/strong>en su mayor\u00eda\u201d remarc\u00f3 Luciana.&nbsp;<\/p>\n\n\n\n<p><\/p>\n\n\n\n<p class=\"has-medium-font-size\"><strong>La fuerza de las familias y un Hospital que acompa\u00f1a todos los d\u00edas: ac\u00e1 no sobra nadie<\/strong><\/p>\n\n\n\n<p><\/p>\n\n\n\n<p>La hija de Luciana tiene una <strong>enfermedad autoinflamatoria<\/strong>, <strong>muy poco frecuente <\/strong>y de hecho<strong> en el Garrahan es la segunda paciente que ven con esta patolog\u00eda. <\/strong><\/p>\n\n\n\n<p><\/p>\n\n\n\n<p>Luciana cont\u00f3 que \u201c<em>la dermat\u00f3loga de ac\u00e1 de Mar del Plata, formada en el Garrahan, es la que nos da la primera pista cuando empez\u00f3 con sus primeros s\u00edntomas que eran astas en la boca\u201d.&nbsp;<\/em><\/p>\n\n\n\n<p><\/p>\n\n\n\n<p>\u201cEsto fue a los seis meses de ella, y cuando empez\u00f3 a pasar el tiempo,<strong> empezaron a aparecer otros s\u00edntomas.<\/strong> Lo que tienen estas enfermedades que son s\u00edntomas muy desparramados y ten\u00e9s que armar un rompecabezas para darte cuenta de que todo pertenece a lo mismo\u201d agreg\u00f3.&nbsp;<\/p>\n\n\n\n<p><\/p>\n\n\n\n<p>Los s\u00edntomas que se agregaron fueron <em>\u201cotitis y fiebre en una edad en la que generalmente se pescan todo. Tambi\u00e9n dolor abdominal y dolor de panza. Donde eso se empez\u00f3 a agudizar y a ser m\u00e1s recurrente es donde ya prendemos las alarmas y la dermat\u00f3loga nos insiste en llevarla al Garrahan<\/em>\u201d indic\u00f3 Luciana.&nbsp;<\/p>\n\n\n\n<p><\/p>\n\n\n\n<figure class=\"wp-block-image aligncenter size-full\"><img data-recalc-dims=\"1\" loading=\"lazy\" decoding=\"async\" width=\"800\" height=\"428\" src=\"https:\/\/i0.wp.com\/cdnoticias.com\/wp-content\/uploads\/2024\/10\/hospital-garrahan.png?resize=800%2C428&#038;ssl=1\" alt=\"\" class=\"wp-image-128319\" srcset=\"https:\/\/i0.wp.com\/cdnoticias.com\/wp-content\/uploads\/2024\/10\/hospital-garrahan.png?w=900&amp;ssl=1 900w, https:\/\/i0.wp.com\/cdnoticias.com\/wp-content\/uploads\/2024\/10\/hospital-garrahan.png?resize=300%2C160&amp;ssl=1 300w, https:\/\/i0.wp.com\/cdnoticias.com\/wp-content\/uploads\/2024\/10\/hospital-garrahan.png?resize=768%2C410&amp;ssl=1 768w\" sizes=\"auto, (max-width: 800px) 100vw, 800px\" \/><\/figure>\n\n\n\n<p><\/p>\n\n\n\n<p>En detalle, sostuvo: \u201c<em>Fuimos por primera vez en julio del a\u00f1o pasado. La vieron entre 8 y 10 especialidades diferentes, porque lo que tienen estas patolog\u00edas es que pueden llegar a afectar diferentes partes del cuerpo. Esto requiere un control peri\u00f3dico con oftalmolog\u00eda, cardiolog\u00eda, reumatolog\u00eda que es la especialidad que encabeza esto, dermatolog\u00eda, gastroenterolog\u00eda entre otras\u201d.&nbsp;<\/em><\/p>\n\n\n\n<p><\/p>\n\n\n\n<p>\u201cComenzaron los estudios y en una semana le hicieron<strong> ecograf\u00edas, radiograf\u00edas, fondos de ojo<\/strong> y as\u00ed se fue armando un<strong> acercamiento al diagn\u00f3stico<\/strong> que lo terminamos de definir con un an\u00e1lisis que s\u00ed tuvimos que pagar nosotros en Mar del Plata, porque lo que es el Garrahan tiene pocos cupos por a\u00f1o para ese tipo de an\u00e1lisis que son <strong>an\u00e1lisis gen\u00e9ticos<\/strong>\u201d agreg\u00f3.&nbsp;<\/p>\n\n\n\n<p><\/p>\n\n\n\n<blockquote class=\"wp-block-quote is-layout-flow wp-block-quote-is-layout-flow\">\n<p>En febrero de este a\u00f1o se confirm\u00f3 su diagn\u00f3stico y empez\u00f3 con su tratamiento definitivo. \u201cPor ahora estamos todav\u00eda en observaci\u00f3n. Ella s\u00ed empez\u00f3 a estar mejorando y seguimos con los controles cada tres meses. La dermat\u00f3loga de ac\u00e1 se comunica con la dermat\u00f3loga de all\u00e1 y tejen esas redes para facilitarle a las personas que estamos lejos poder acudir a especialistas, pero tambi\u00e9n para no sobrecargar a los profesionales del Hospital\u201d.<\/p>\n<\/blockquote>\n\n\n\n<p><\/p>\n\n\n\n<p>En la iniciativa &#8220;Soy Garrahan&#8221; <strong>\u201cahora estamos muy enfocados en generar acciones para proteger el Hospital, porque todos dependemos de \u00e9l. Estamos muy enfocadas en esto de defenderlo, porque sabemos de la importancia que tiene, sabemos que lo necesitamos y que la sociedad lo necesita aunque no se d\u00e9 cuenta\u201d<\/strong> indic\u00f3. <\/p>\n\n\n\n<p><\/p>\n\n\n\n<blockquote class=\"wp-block-quote is-layout-flow wp-block-quote-is-layout-flow\">\n<p>\u201cComo pap\u00e1s y mam\u00e1s queremos que se tome conciencia a nivel sociedad de lo importante que es el Hospital, de lo maravilloso que funciona, e insistir en que no sobra nadie en el Garrahan: desde el seguridad que te abre la puerta hasta el jefe del sector, son todos personal valioso que hace que el Hospital funcione a la perfecci\u00f3n, como un mecanismo de relojer\u00eda\u201d remarc\u00f3.&nbsp;<\/p>\n<\/blockquote>\n\n\n\n<p><\/p>\n\n\n\n<p>Por \u00faltimo cerr\u00f3 : \u201c<strong>Se escuchan muchas mentiras que duelen, que duelen y que traen consecuencias muy graves. Hay nenes que su vida dependen de este Hospital y no exageramos cuando decimos eso. Frente a ese nivel de falta de empat\u00eda, tratamos justamente de movilizar un poco los corazones de la sociedad para que todos sepamos lo valioso que es esto y en este momento enfocados en que se sancione la ley\u201d. <\/strong><\/p>\n\n\n\n<p><\/p>\n","protected":false},"excerpt":{"rendered":"<p>Madres, padres y ex pacientes se unieron para alzar la voz, dar a conocer sus historias, defender el Hospital Garrahan<\/p>\n","protected":false},"author":6,"featured_media":179442,"comment_status":"closed","ping_status":"closed","sticky":false,"template":"","format":"standard","meta":{"_jetpack_memberships_contains_paid_content":false,"footnotes":""},"categories":[5,1],"tags":[],"class_list":["post-179439","post","type-post","status-publish","format-standard","has-post-thumbnail","hentry","category-informacion-general","category-portada"],"jetpack_featured_media_url":"https:\/\/i0.wp.com\/cdnoticias.com\/wp-content\/uploads\/2025\/08\/soy-garrahan-familais2.png?fit=878%2C656&ssl=1","jetpack_sharing_enabled":true,"_links":{"self":[{"href":"https:\/\/cdnoticias.com\/index.php\/wp-json\/wp\/v2\/posts\/179439","targetHints":{"allow":["GET"]}}],"collection":[{"href":"https:\/\/cdnoticias.com\/index.php\/wp-json\/wp\/v2\/posts"}],"about":[{"href":"https:\/\/cdnoticias.com\/index.php\/wp-json\/wp\/v2\/types\/post"}],"author":[{"embeddable":true,"href":"https:\/\/cdnoticias.com\/index.php\/wp-json\/wp\/v2\/users\/6"}],"replies":[{"embeddable":true,"href":"https:\/\/cdnoticias.com\/index.php\/wp-json\/wp\/v2\/comments?post=179439"}],"version-history":[{"count":0,"href":"https:\/\/cdnoticias.com\/index.php\/wp-json\/wp\/v2\/posts\/179439\/revisions"}],"wp:featuredmedia":[{"embeddable":true,"href":"https:\/\/cdnoticias.com\/index.php\/wp-json\/wp\/v2\/media\/179442"}],"wp:attachment":[{"href":"https:\/\/cdnoticias.com\/index.php\/wp-json\/wp\/v2\/media?parent=179439"}],"wp:term":[{"taxonomy":"category","embeddable":true,"href":"https:\/\/cdnoticias.com\/index.php\/wp-json\/wp\/v2\/categories?post=179439"},{"taxonomy":"post_tag","embeddable":true,"href":"https:\/\/cdnoticias.com\/index.php\/wp-json\/wp\/v2\/tags?post=179439"}],"curies":[{"name":"wp","href":"https:\/\/api.w.org\/{rel}","templated":true}]}}