{"id":179438,"date":"2025-08-13T17:58:56","date_gmt":"2025-08-13T20:58:56","guid":{"rendered":"https:\/\/cdnoticias.com\/?p=179438"},"modified":"2025-08-14T08:31:01","modified_gmt":"2025-08-14T11:31:01","slug":"continuamos-con-la-obra-estamos-hablando-con-maxi-de-un-resonador","status":"publish","type":"post","link":"https:\/\/cdnoticias.com\/index.php\/2025\/08\/13\/continuamos-con-la-obra-estamos-hablando-con-maxi-de-un-resonador\/","title":{"rendered":"\u201cContinuamos con la obra, estamos hablando con Maxi de un resonador\u201d"},"content":{"rendered":"\n<p>El Gobernador Kicillof se\u00f1al\u00f3 que mantiene di\u00e1logo con el Intendente para realizar m\u00e1s inversiones en el Hospital, pero \u201cnecesitamos que no siga esta pol\u00edtica nacional\u201d. \u201cTodo lo que estamos haciendo es a contramano de lo que pregona el Gobierno Nacional\u201d critic\u00f3.<\/p>\n\n\n\n<hr class=\"wp-block-separator aligncenter has-alpha-channel-opacity\"\/>\n\n\n\n<p>En la <strong>extensa conferencia de prensa brindada a medios locales tras el acto de entrega de m\u00e1s de mil escrituras en el CEMO, el Gobernador Kicillof y el Intendente Wesner expresaron sobre la actualidad pol\u00edtica bonaerense en medio de la campa\u00f1a de cara a las legislativas del 7 de septiembre. <\/strong>En ese pasaje, el mandatario admiti\u00f3 que <strong>existen \u201cconversaciones\u201d entre \u00e9l y el jefe comunal para adquirir un resonador para el Hospital Municipal.<\/strong><\/p>\n\n\n\n<p>En el marco de su recorrida realiz\u00f3 un repaso y confirm\u00f3 que <strong>la obra del Polo Judicial lleva un 80% de avance<\/strong>. <em>\u201cLa tendr\u00edan que ver, es una obra que est\u00e1 muy avanzada, se va a terminar a fin de a\u00f1o, principio del a\u00f1o que viene\u201d.<\/em><\/p>\n\n\n\n<p>Se\u00f1al\u00f3 que todo<em><strong> \u201cla realidad es que todo lo que estamos haciendo es a contramano de lo que pregona el Gobierno Nacional. Si nuestra legislatura se llena de representantes de Milei nos van a votar en contra de los presupuestos, la obra, la vivienda, van a decir no hay plata, ajuste, motosierra, y bueno, no vamos a poder seguir con lo que venimos haciendo, con los asfaltos, estuve en la Casa de la Provincia tambi\u00e9n, estuvimos entregando 58 viviendas, 1.165 escrituras, que es una inversi\u00f3n muy grande, totalmente gratuita para gente que no la puede pagar\u201d.<\/strong><\/em><\/p>\n\n\n\n<figure class=\"wp-block-embed is-type-wp-embed is-provider-central-de-noticias-olavarr-a wp-block-embed-central-de-noticias-olavarr-a\"><div class=\"wp-block-embed__wrapper\">\n<blockquote class=\"wp-embedded-content\" data-secret=\"wwm5q24Kw2\"><a href=\"https:\/\/cdnoticias.com\/index.php\/2025\/08\/13\/kicillof-en-campana-con-eje-en-produccion-y-empleo-el-gobierno-en-milei-esta-en-contra-de-olavarria\/\">Kicillof en campa\u00f1a, con eje en producci\u00f3n y empleo: \u201cel gobierno en Milei est\u00e1 en contra de Olavarr\u00eda\u201d<\/a><\/blockquote><iframe loading=\"lazy\" class=\"wp-embedded-content\" sandbox=\"allow-scripts\" security=\"restricted\" style=\"position: absolute; visibility: hidden;\" title=\"&#8220;Kicillof en campa\u00f1a, con eje en producci\u00f3n y empleo: \u201cel gobierno en Milei est\u00e1 en contra de Olavarr\u00eda\u201d&#8221; &#8212; Central de Noticias | Olavarr\u00eda\" src=\"https:\/\/cdnoticias.com\/index.php\/2025\/08\/13\/kicillof-en-campana-con-eje-en-produccion-y-empleo-el-gobierno-en-milei-esta-en-contra-de-olavarria\/embed\/#?secret=UQVi9gTNHh#?secret=wwm5q24Kw2\" data-secret=\"wwm5q24Kw2\" width=\"600\" height=\"338\" frameborder=\"0\" marginwidth=\"0\" marginheight=\"0\" scrolling=\"no\"><\/iframe>\n<\/div><\/figure>\n\n\n\n<p>Indic\u00f3 adem\u00e1s que <strong>lo que pregona el Presidente Milei \u201ces un verso\u201d,<\/strong> ya que record\u00f3 que cuando era panelista de televisi\u00f3n \u201c<em>diciendo que hay que destruir el Estado de adentro, estar\u00edamos mucho mejor sin Estado, se olvid\u00f3 decir que eso es sin escuela p\u00fablica, eso es sin hospital, eso es sin escritura, sin rutas, y bueno, est\u00e1 pasando hoy, ya es una realidad, ya no hay que teorizar m\u00e1s, va un a\u00f1o y medio y dice que si ganan las elecciones, profundiza, que se ajusta, que nos llev\u00f3 al super\u00e1vit pero que tiene deudas enormes con los jubilados, le baj\u00f3 a los jubilados, le sac\u00f3 los remedios, le dej\u00f3 de pagar a las provincias, a nosotros nos debe 12 millones de millones de pesos, es pr\u00e1cticamente 10 meses de nuestra recaudaci\u00f3n propia, est\u00e1 fundiendo a todo el mundo y no es cierto que no hay plata, porque ayer mismo subi\u00f3 de nuevo la tasa de inter\u00e9s 75%, con una inflaci\u00f3n de 21%\u201d.<\/em><\/p>\n\n\n\n<blockquote class=\"wp-block-quote is-layout-flow wp-block-quote-is-layout-flow\">\n<p>\u201cToda esa diferencia, \u00bfqui\u00e9n cree que la paga? Los que lo votaron, la motosierra es para ustedes, esa es la realidad que estamos viviendo\u201d.<\/p>\n<\/blockquote>\n\n\n\n<p>En este punto, se\u00f1al\u00f3 que <em>\u201ca esta altura del partido\u201d <\/em>la provincia <em><strong>\u201ccontinua con la obra, continuamos con la vivienda, continuamos con la salud, estamos trabajando con Maxi, que ha hecho enormes inversiones en el Hospital, que queremos seguir\u201d<\/strong><\/em> y confirm\u00f3, como un anuncio de cara a lo que viene que <em><strong>\u201cestamos hablando de un resonador\u201d. <\/strong><\/em>Sin embargo, se\u00f1al\u00f3 que<em> \u201cpara todo eso necesitamos que no siga esta pol\u00edtica nacional, porque si sigue esta pol\u00edtica nacional y profundiza, no vamos a tener para pagar los aguinaldos y nos va a pasar lo que est\u00e1 haciendo Naci\u00f3n, ha echado much\u00edsima gente, est\u00e1 contra la Universidad P\u00fablica, ac\u00e1 (en Olavarr\u00eda) la Universidad P\u00fablica es parte central de la organizaci\u00f3n cultural, social, y la quiere arancelar, \u00bfqui\u00e9n puede pagar un arancel con esta situaci\u00f3n? Y va a pasar, as\u00ed que yo digo que nadie se quede en su casa, si est\u00e1 de acuerdo con lo que digo, que nadie se quede en su casa, porque despu\u00e9s va a haber los resultados, nadie fue a votar. Quieren que no vayan a votar, ese es el objetivo, la gente dir\u00e1, qu\u00e9 s\u00e9 yo, que se arreglen\u201d.<\/em><\/p>\n\n\n\n<figure class=\"wp-block-image size-full\"><img data-recalc-dims=\"1\" loading=\"lazy\" decoding=\"async\" width=\"800\" height=\"445\" src=\"https:\/\/i0.wp.com\/cdnoticias.com\/wp-content\/uploads\/2025\/08\/kicillof-olavarria5.jpg?resize=800%2C445&#038;ssl=1\" alt=\"\" class=\"wp-image-179458\" srcset=\"https:\/\/i0.wp.com\/cdnoticias.com\/wp-content\/uploads\/2025\/08\/kicillof-olavarria5.jpg?w=800&amp;ssl=1 800w, https:\/\/i0.wp.com\/cdnoticias.com\/wp-content\/uploads\/2025\/08\/kicillof-olavarria5.jpg?resize=300%2C167&amp;ssl=1 300w, https:\/\/i0.wp.com\/cdnoticias.com\/wp-content\/uploads\/2025\/08\/kicillof-olavarria5.jpg?resize=768%2C427&amp;ssl=1 768w\" sizes=\"auto, (max-width: 800px) 100vw, 800px\" \/><\/figure>\n\n\n\n<p>Adem\u00e1s, se\u00f1al\u00f3 que Milei <em>\u201cse est\u00e1 peleando por las redes con un chiquito con autismo, eso es el Presidente de la Naci\u00f3n Argentina, dej\u00e9monos de joder con esto, paremos un poquito\u201d.<\/em><\/p>\n\n\n\n<p><em>\u201c\u00bfC\u00f3mo se lo decimos? Yo se lo digo por los micr\u00f3fonos, empiezan, me insultan, me inventan noticias falsas, la forma contundente y clara de decirlo es en las urnas, si no est\u00e1 de acuerdo expresalo, expresalo para que pare, \u00bfsaben c\u00f3mo va a escuchar el resultado de la elecci\u00f3n del 7 de septiembre? <strong>Lo va a escuchar clarito, porque dej\u00f3 sin obra p\u00fablica toda la Argentina, las provincias son mil obras, 80 escuelas, pibes, pibes, familias est\u00e1n esperando que se termine la escuela, como es nacional, no la podemos terminar nosotros\u201d.<\/strong><\/em><\/p>\n\n\n\n<figure class=\"wp-block-image size-full\"><img data-recalc-dims=\"1\" loading=\"lazy\" decoding=\"async\" width=\"800\" height=\"445\" src=\"https:\/\/i0.wp.com\/cdnoticias.com\/wp-content\/uploads\/2025\/08\/kicillof-olavarria1.jpg?resize=800%2C445&#038;ssl=1\" alt=\"\" class=\"wp-image-179462\" srcset=\"https:\/\/i0.wp.com\/cdnoticias.com\/wp-content\/uploads\/2025\/08\/kicillof-olavarria1.jpg?w=800&amp;ssl=1 800w, https:\/\/i0.wp.com\/cdnoticias.com\/wp-content\/uploads\/2025\/08\/kicillof-olavarria1.jpg?resize=300%2C167&amp;ssl=1 300w, https:\/\/i0.wp.com\/cdnoticias.com\/wp-content\/uploads\/2025\/08\/kicillof-olavarria1.jpg?resize=768%2C427&amp;ssl=1 768w\" sizes=\"auto, (max-width: 800px) 100vw, 800px\" \/><\/figure>\n\n\n\n<p>Con contrapartida, se\u00f1al\u00f3 que <em><strong>\u201cel otro d\u00eda inaugur\u00e9 la escuela n\u00famero 275, 200 llegu\u00e9 a la elecci\u00f3n pasada, ahora 75 m\u00e1s, seguimos inaugurando escuelas, pero con los recursos propios de una provincia, falta la Naci\u00f3n, las rutas nacionales, se est\u00e1n cayendo cachos, se est\u00e1n cayendo cachos\u201d.<\/strong><\/em><\/p>\n\n\n\n<p><em>\u201cNo se puede vivir as\u00ed, hay que decirle basta, hay que ponerle un freno, lo digo en serio, porque est\u00e1 pasando en toda la provincia, y despu\u00e9s podemos discutir partidos, ideolog\u00edas, pero ahora estamos hablando de realidad, 1.500 despidos, yo fui Ministro de Econom\u00eda,<strong> si hab\u00eda 1.500 despidos en Olavarr\u00eda y yo no ven\u00eda ac\u00e1 a solucionar algo, me hac\u00edan un despelote realmente. <\/strong>Es la pol\u00edtica del d\u00f3lar barato, del salario bajo, de las jubilaciones que no aumentan. Bueno, es culpa de ellos que vengan ac\u00e1 a hacerse cargo. Cuando fueron a Bah\u00eda Blanca con la inundaci\u00f3n, nos dijeron \u2018arr\u00e9glense solos\u2019 no puede ser, no existe\u201d <\/em>manifest\u00f3 indignado.<\/p>\n\n\n\n<p><em>\u201c\u00bfQu\u00e9 le trajo Milei a Olavarr\u00eda para que lo acompa\u00f1e? Le cort\u00f3 toda la obra, no hay laburo, y no le importa, es como que lo disfruta. Dice, \u00bfpara qu\u00e9 vamos a tener cementeras en Argentina si se puede importar de Brasil?\u201d <\/em>cerr\u00f3 el gobernador en uno de sus pasajes.<\/p>\n","protected":false},"excerpt":{"rendered":"<p>El Gobernador Kicillof se\u00f1al\u00f3 que mantiene di\u00e1logo con el Intendente para realizar m\u00e1s inversiones en el Hospital, pero \u201cnecesitamos que<\/p>\n","protected":false},"author":2,"featured_media":179456,"comment_status":"closed","ping_status":"closed","sticky":false,"template":"","format":"standard","meta":{"_jetpack_memberships_contains_paid_content":false,"footnotes":""},"categories":[4,1],"tags":[],"class_list":["post-179438","post","type-post","status-publish","format-standard","has-post-thumbnail","hentry","category-politica","category-portada"],"jetpack_featured_media_url":"https:\/\/i0.wp.com\/cdnoticias.com\/wp-content\/uploads\/2025\/08\/kicillof-olavarria7.jpg?fit=800%2C445&ssl=1","jetpack_sharing_enabled":true,"_links":{"self":[{"href":"https:\/\/cdnoticias.com\/index.php\/wp-json\/wp\/v2\/posts\/179438","targetHints":{"allow":["GET"]}}],"collection":[{"href":"https:\/\/cdnoticias.com\/index.php\/wp-json\/wp\/v2\/posts"}],"about":[{"href":"https:\/\/cdnoticias.com\/index.php\/wp-json\/wp\/v2\/types\/post"}],"author":[{"embeddable":true,"href":"https:\/\/cdnoticias.com\/index.php\/wp-json\/wp\/v2\/users\/2"}],"replies":[{"embeddable":true,"href":"https:\/\/cdnoticias.com\/index.php\/wp-json\/wp\/v2\/comments?post=179438"}],"version-history":[{"count":0,"href":"https:\/\/cdnoticias.com\/index.php\/wp-json\/wp\/v2\/posts\/179438\/revisions"}],"wp:featuredmedia":[{"embeddable":true,"href":"https:\/\/cdnoticias.com\/index.php\/wp-json\/wp\/v2\/media\/179456"}],"wp:attachment":[{"href":"https:\/\/cdnoticias.com\/index.php\/wp-json\/wp\/v2\/media?parent=179438"}],"wp:term":[{"taxonomy":"category","embeddable":true,"href":"https:\/\/cdnoticias.com\/index.php\/wp-json\/wp\/v2\/categories?post=179438"},{"taxonomy":"post_tag","embeddable":true,"href":"https:\/\/cdnoticias.com\/index.php\/wp-json\/wp\/v2\/tags?post=179438"}],"curies":[{"name":"wp","href":"https:\/\/api.w.org\/{rel}","templated":true}]}}