{"id":179407,"date":"2025-08-13T13:39:12","date_gmt":"2025-08-13T16:39:12","guid":{"rendered":"https:\/\/cdnoticias.com\/?p=179407"},"modified":"2025-08-13T17:30:43","modified_gmt":"2025-08-13T20:30:43","slug":"a-partir-de-hoy-deja-de-ser-una-vivienda-para-transformarse-en-un-hogar","status":"publish","type":"post","link":"https:\/\/cdnoticias.com\/index.php\/2025\/08\/13\/a-partir-de-hoy-deja-de-ser-una-vivienda-para-transformarse-en-un-hogar\/","title":{"rendered":"\u201cA partir de hoy deja de ser una vivienda para transformarse en un hogar\u201d"},"content":{"rendered":"\n<p>Lo destac\u00f3 el intendente Maximiliano Wesner en la entrega de viviendas del barrio CECO III. Encabez\u00f3 el acto junto al gobernador Kicillof y el secretario del sindicato Miguel Santell\u00e1n.<\/p>\n\n\n\n<hr class=\"wp-block-separator has-alpha-channel-opacity\"\/>\n\n\n\n<p>Uno de los puntos m\u00e1s esperados de la llegada a Olavarr\u00eda del gobernador Axel Kicillof, tuvo que ver con la entrega de la primera tanda de viviendas del barrio CECO III. El acto se desarroll\u00f3 cerca de las 13:00 de este mi\u00e9rcoles en Rufino Fal al 1100. <a href=\"https:\/\/cdnoticias.com\/index.php\/2025\/08\/08\/barrio-ceco-iii-se-realizo-el-sorteo-de-las-primeras-45-viviendas\/\" data-type=\"link\" data-id=\"https:\/\/cdnoticias.com\/index.php\/2025\/08\/08\/barrio-ceco-iii-se-realizo-el-sorteo-de-las-primeras-45-viviendas\/\">Se entregaron las casas sorteadas d\u00edas atr\u00e1s desde el sindicato de comercio local.<\/a><\/p>\n\n\n\n<p><\/p>\n\n\n\n<p>Kicillof estuvo <strong>acompa\u00f1ado por el intendente Maximiliano Wesner y el secretario General del CECO, Miguel Santell\u00e1n, <\/strong>quien fue el encargado de tomar en primer lugar la palabra y asegur\u00f3 que<strong> \u201clos empleados de comercio no se van a olvidar de Axel Kicillof y Maximiliano Wesner\u201d.<\/strong> Asimismo, destac\u00f3 el rol de los sindicatos.<\/p>\n\n\n\n<p><\/p>\n\n\n\n<p>Por su parte, Wesner record\u00f3 el trabajo del Centro Empleados de Comercio con la realizaci\u00f3n de barrios anteriores hasta llegar a este Barrio CECO III.<strong> \u201cA partir de hoy deja de ser una vivienda para transformarse en un hogar\u201d<\/strong>, se\u00f1al\u00f3 y resalt\u00f3 la figura de <strong>C\u00e9sar Valicenti <\/strong>como impulsor de la idea de concretar el proyecto habitacional.<\/p>\n\n\n\n<p><\/p>\n\n\n\n<p>Asimismo, mencion\u00f3 el impacto del <strong>faltante de obra p\u00fablica nacional:<\/strong> \u201ctodos los olavarrienses somos testigos de esto\u201d y valor\u00f3 que el barrio \u201cse pudo concretar en un contexto adverso\u201d.<\/p>\n\n\n\n<p><\/p>\n\n\n\n<figure class=\"wp-block-image size-full\"><img data-recalc-dims=\"1\" loading=\"lazy\" decoding=\"async\" width=\"800\" height=\"445\" src=\"https:\/\/i0.wp.com\/cdnoticias.com\/wp-content\/uploads\/2025\/08\/bario-ceco-III-03.png?resize=800%2C445&#038;ssl=1\" alt=\"\" class=\"wp-image-179410\" srcset=\"https:\/\/i0.wp.com\/cdnoticias.com\/wp-content\/uploads\/2025\/08\/bario-ceco-III-03.png?w=800&amp;ssl=1 800w, https:\/\/i0.wp.com\/cdnoticias.com\/wp-content\/uploads\/2025\/08\/bario-ceco-III-03.png?resize=300%2C167&amp;ssl=1 300w, https:\/\/i0.wp.com\/cdnoticias.com\/wp-content\/uploads\/2025\/08\/bario-ceco-III-03.png?resize=768%2C427&amp;ssl=1 768w\" sizes=\"auto, (max-width: 800px) 100vw, 800px\" \/><\/figure>\n\n\n\n<p><\/p>\n\n\n\n<p>En ese sentido, el gobernador Kicillof valor\u00f3 \u201cestos actos que se pueden concretar todav\u00eda en esta Argentina con gran esfuerzo, con much\u00edsima creatividad, con mucho empuje\u201d, en un contexto \u201cdonde tenemos toda la obra p\u00fablica parada, 16 mil viviendas paradas del gobierno nacional, 80 escuelas paradas por decisi\u00f3n de Milei\u201d.<\/p>\n\n\n\n<p><\/p>\n\n\n\n<blockquote class=\"wp-block-quote is-layout-flow wp-block-quote-is-layout-flow\">\n<p>\u201cEstamos ac\u00e1 en Olavarr\u00eda, con un intendente como Maxi Wesner, con el trabajo del gobierno de la Provincia, seguimos entregando viviendas, cumpliendo sue\u00f1os, acompa\u00f1ando\u201d y se\u00f1al\u00f3 que \u201choy tenemos en construcci\u00f3n 8 mil viviendas en la provincia. Seguimos trabajando para que la obra p\u00fablica se haga\u201d, afirm\u00f3.<\/p>\n<\/blockquote>\n\n\n\n<p><\/p>\n\n\n\n<figure class=\"wp-block-image size-full\"><img data-recalc-dims=\"1\" loading=\"lazy\" decoding=\"async\" width=\"800\" height=\"445\" src=\"https:\/\/i0.wp.com\/cdnoticias.com\/wp-content\/uploads\/2025\/08\/bario-ceco-III-01.png?resize=800%2C445&#038;ssl=1\" alt=\"\" class=\"wp-image-179409\" srcset=\"https:\/\/i0.wp.com\/cdnoticias.com\/wp-content\/uploads\/2025\/08\/bario-ceco-III-01.png?w=800&amp;ssl=1 800w, https:\/\/i0.wp.com\/cdnoticias.com\/wp-content\/uploads\/2025\/08\/bario-ceco-III-01.png?resize=300%2C167&amp;ssl=1 300w, https:\/\/i0.wp.com\/cdnoticias.com\/wp-content\/uploads\/2025\/08\/bario-ceco-III-01.png?resize=768%2C427&amp;ssl=1 768w\" sizes=\"auto, (max-width: 800px) 100vw, 800px\" \/><\/figure>\n\n\n\n<p><\/p>\n\n\n\n<p><strong>Barrio CECO III<\/strong><\/p>\n\n\n\n<p><\/p>\n\n\n\n<p><strong>Las viviendas restantes siguen en ejecuci\u00f3n con avance de 98% y ser\u00e1n entregadas pr\u00f3ximamente. <\/strong>Recordemos que el barrio CECO III es un proyecto habitacional llevado a cabo por el CECO mediante un convenio firmado con el Instituto de la Vivienda de la Provincia de Buenos Aires, y con la gesti\u00f3n del intendente Maximiliano Wesner.<\/p>\n\n\n\n<p><\/p>\n\n\n\n<p>Cuenta con <strong>100 viviendas que disponen de los servicios de infraestructura b\u00e1sica:<\/strong> luz, gas y agua potable. Est\u00e1n ubicadas en la zona norte de la ciudad, en el sector comprendido por las calles Sarmiento, Jun\u00edn, Grimaldi, Guisasola, Merlo, Pourtal\u00e9 y Estrada. Existen dos modelos diferentes y todas cuentan con dos dormitorios, cocina-comedor, ba\u00f1o, lavadero y patio. La superficie de las unidades es de 56 m\u00b2 en algunos casos y de 58 m\u00b2 en los otros modelos.<\/p>\n\n\n\n<p><\/p>\n\n\n\n<figure class=\"wp-block-embed is-type-wp-embed is-provider-central-de-noticias-olavarr-a wp-block-embed-central-de-noticias-olavarr-a\"><div class=\"wp-block-embed__wrapper\">\n<blockquote class=\"wp-embedded-content\" data-secret=\"87uEPyqLQo\"><a href=\"https:\/\/cdnoticias.com\/index.php\/2025\/08\/13\/kicillof-en-olavarria-recorrida-por-obras-y-entrega-de-viviendas-y-escrituras\/\">Kicillof en Olavarr\u00eda: recorrida por obras y entrega de viviendas y escrituras<\/a><\/blockquote><iframe loading=\"lazy\" class=\"wp-embedded-content\" sandbox=\"allow-scripts\" security=\"restricted\" style=\"position: absolute; visibility: hidden;\" title=\"&#8220;Kicillof en Olavarr\u00eda: recorrida por obras y entrega de viviendas y escrituras&#8221; &#8212; Central de Noticias | Olavarr\u00eda\" src=\"https:\/\/cdnoticias.com\/index.php\/2025\/08\/13\/kicillof-en-olavarria-recorrida-por-obras-y-entrega-de-viviendas-y-escrituras\/embed\/#?secret=Lcb5ifLmfH#?secret=87uEPyqLQo\" data-secret=\"87uEPyqLQo\" width=\"600\" height=\"338\" frameborder=\"0\" marginwidth=\"0\" marginheight=\"0\" scrolling=\"no\"><\/iframe>\n<\/div><\/figure>\n","protected":false},"excerpt":{"rendered":"<p>Lo destac\u00f3 el intendente Maximiliano Wesner en la entrega de viviendas del barrio CECO III. Encabez\u00f3 el acto junto al<\/p>\n","protected":false},"author":5,"featured_media":179411,"comment_status":"closed","ping_status":"closed","sticky":false,"template":"","format":"standard","meta":{"_jetpack_memberships_contains_paid_content":false,"footnotes":""},"categories":[4,1],"tags":[],"class_list":["post-179407","post","type-post","status-publish","format-standard","has-post-thumbnail","hentry","category-politica","category-portada"],"jetpack_featured_media_url":"https:\/\/i0.wp.com\/cdnoticias.com\/wp-content\/uploads\/2025\/08\/barrio-ceco-III-04.png?fit=800%2C445&ssl=1","jetpack_sharing_enabled":true,"_links":{"self":[{"href":"https:\/\/cdnoticias.com\/index.php\/wp-json\/wp\/v2\/posts\/179407","targetHints":{"allow":["GET"]}}],"collection":[{"href":"https:\/\/cdnoticias.com\/index.php\/wp-json\/wp\/v2\/posts"}],"about":[{"href":"https:\/\/cdnoticias.com\/index.php\/wp-json\/wp\/v2\/types\/post"}],"author":[{"embeddable":true,"href":"https:\/\/cdnoticias.com\/index.php\/wp-json\/wp\/v2\/users\/5"}],"replies":[{"embeddable":true,"href":"https:\/\/cdnoticias.com\/index.php\/wp-json\/wp\/v2\/comments?post=179407"}],"version-history":[{"count":0,"href":"https:\/\/cdnoticias.com\/index.php\/wp-json\/wp\/v2\/posts\/179407\/revisions"}],"wp:featuredmedia":[{"embeddable":true,"href":"https:\/\/cdnoticias.com\/index.php\/wp-json\/wp\/v2\/media\/179411"}],"wp:attachment":[{"href":"https:\/\/cdnoticias.com\/index.php\/wp-json\/wp\/v2\/media?parent=179407"}],"wp:term":[{"taxonomy":"category","embeddable":true,"href":"https:\/\/cdnoticias.com\/index.php\/wp-json\/wp\/v2\/categories?post=179407"},{"taxonomy":"post_tag","embeddable":true,"href":"https:\/\/cdnoticias.com\/index.php\/wp-json\/wp\/v2\/tags?post=179407"}],"curies":[{"name":"wp","href":"https:\/\/api.w.org\/{rel}","templated":true}]}}