{"id":1794,"date":"2020-09-17T20:10:05","date_gmt":"2020-09-17T23:10:05","guid":{"rendered":"http:\/\/www.centraldenoticias.com.ar\/?p=1794"},"modified":"2020-09-17T20:10:05","modified_gmt":"2020-09-17T23:10:05","slug":"marcelo-emmanuel-baier-q-e-p-d","status":"publish","type":"post","link":"https:\/\/cdnoticias.com\/index.php\/2020\/09\/17\/marcelo-emmanuel-baier-q-e-p-d\/","title":{"rendered":"Marcelo Emmanuel Baier (Q.E.P.D.)"},"content":{"rendered":"<p>Falleci\u00f3 en Olavarr\u00eda el d\u00eda 17 de Septiembre\u00a0 de 2020\u00a0 a los\u00a0 34 a\u00f1os de edad. Su esposa Mariana Cecilia Zumaquero, sus hijas Alma y Paloma, su hermana Mili, su madre Zunilda, su padre Marcelo, sus suegros Guillermo y\u00a0Claudia, sus primos, t\u00edos y dem\u00e1s deudos participan su fallecimiento. No se realiza velatorio ni responso, sus restos ser\u00e1n inhumados este viernes desde las 14.30 en el cementerio Loma de Paz. Vecino del barrio Uocra.<\/p>\n<p>&nbsp;<\/p>\n<p>&nbsp;<\/p>\n","protected":false},"excerpt":{"rendered":"<p>Falleci\u00f3 en Olavarr\u00eda el d\u00eda 17 de Septiembre\u00a0 de 2020\u00a0 a los\u00a0 34 a\u00f1os de edad. Su esposa Mariana Cecilia<\/p>\n","protected":false},"author":3,"featured_media":0,"comment_status":"closed","ping_status":"closed","sticky":false,"template":"","format":"standard","meta":{"_jetpack_memberships_contains_paid_content":false,"footnotes":""},"categories":[10],"tags":[],"class_list":["post-1794","post","type-post","status-publish","format-standard","hentry","category-necrologicas"],"jetpack_featured_media_url":"","jetpack_sharing_enabled":true,"_links":{"self":[{"href":"https:\/\/cdnoticias.com\/index.php\/wp-json\/wp\/v2\/posts\/1794","targetHints":{"allow":["GET"]}}],"collection":[{"href":"https:\/\/cdnoticias.com\/index.php\/wp-json\/wp\/v2\/posts"}],"about":[{"href":"https:\/\/cdnoticias.com\/index.php\/wp-json\/wp\/v2\/types\/post"}],"author":[{"embeddable":true,"href":"https:\/\/cdnoticias.com\/index.php\/wp-json\/wp\/v2\/users\/3"}],"replies":[{"embeddable":true,"href":"https:\/\/cdnoticias.com\/index.php\/wp-json\/wp\/v2\/comments?post=1794"}],"version-history":[{"count":0,"href":"https:\/\/cdnoticias.com\/index.php\/wp-json\/wp\/v2\/posts\/1794\/revisions"}],"wp:attachment":[{"href":"https:\/\/cdnoticias.com\/index.php\/wp-json\/wp\/v2\/media?parent=1794"}],"wp:term":[{"taxonomy":"category","embeddable":true,"href":"https:\/\/cdnoticias.com\/index.php\/wp-json\/wp\/v2\/categories?post=1794"},{"taxonomy":"post_tag","embeddable":true,"href":"https:\/\/cdnoticias.com\/index.php\/wp-json\/wp\/v2\/tags?post=1794"}],"curies":[{"name":"wp","href":"https:\/\/api.w.org\/{rel}","templated":true}]}}