{"id":179280,"date":"2025-08-12T12:15:06","date_gmt":"2025-08-12T15:15:06","guid":{"rendered":"https:\/\/cdnoticias.com\/?p=179280"},"modified":"2025-08-12T16:07:20","modified_gmt":"2025-08-12T19:07:20","slug":"representante-del-fideicomiso-palmares-dijo-que-aceptaran-a-quienes-ya-compraron-lotes","status":"publish","type":"post","link":"https:\/\/cdnoticias.com\/index.php\/2025\/08\/12\/representante-del-fideicomiso-palmares-dijo-que-aceptaran-a-quienes-ya-compraron-lotes\/","title":{"rendered":"Representante del Fideicomiso Palmares dijo que aceptar\u00e1n a quienes ya compraron lotes en una inmobiliaria"},"content":{"rendered":"<p>Reconoci\u00f3 que hubo &#8220;irregularidades&#8221; en esas transacciones. Estuvo en la comisi\u00f3n de Infraestructura del HCD. Afirm\u00f3 que hoy \u201cno se est\u00e1n comercializando lotes\u201d.<!--more--><\/p>\n<hr \/>\n<p>Una <strong>representante del Fideicomiso Palmares Olavarr\u00eda<\/strong> estuvo en el Concejo Deliberante de Olavarr\u00eda donde la entidad hab\u00eda sido <strong>citada por la comisi\u00f3n de Infraestructura<\/strong>. Inform\u00f3 que <em>aceptar\u00e1n a quienes ya compraron lotes y afirm\u00f3 que hoy no se comercializan.<\/em><\/p>\n<p>Desde el HCD local se inform\u00f3 que en el marco del tratamiento en comisiones del <em>expediente N\u00b0487\/23, titulado \u201cConvenio Urban\u00edstico en el marco de la Ley 14.449 \u2013 Programa Lotes con Servicios en la chacra 632 de la ciudad de Olavarr\u00eda\u201d<\/em>, concejales de la comisi\u00f3n de Infraestructura mantuvieron una <strong>reuni\u00f3n con la fiduciaria Silvana Negri, responsable del Fideicomiso Palmares Olavarr\u00eda junto a Mariano Cort\u00e9s Ramos.<\/strong><\/p>\n<p><img data-recalc-dims=\"1\" loading=\"lazy\" decoding=\"async\" class=\"alignnone size-full wp-image-179282 aligncenter\" src=\"https:\/\/i0.wp.com\/cdnoticias.com\/wp-content\/uploads\/2025\/08\/HCD-comision-de-infraestructura-Los-Palmares-00.jpg?resize=800%2C445&#038;ssl=1\" alt=\"\" width=\"800\" height=\"445\" srcset=\"https:\/\/i0.wp.com\/cdnoticias.com\/wp-content\/uploads\/2025\/08\/HCD-comision-de-infraestructura-Los-Palmares-00.jpg?w=1000&amp;ssl=1 1000w, https:\/\/i0.wp.com\/cdnoticias.com\/wp-content\/uploads\/2025\/08\/HCD-comision-de-infraestructura-Los-Palmares-00.jpg?resize=300%2C167&amp;ssl=1 300w, https:\/\/i0.wp.com\/cdnoticias.com\/wp-content\/uploads\/2025\/08\/HCD-comision-de-infraestructura-Los-Palmares-00.jpg?resize=768%2C427&amp;ssl=1 768w, https:\/\/i0.wp.com\/cdnoticias.com\/wp-content\/uploads\/2025\/08\/HCD-comision-de-infraestructura-Los-Palmares-00.jpg?resize=800%2C445&amp;ssl=1 800w\" sizes=\"auto, (max-width: 800px) 100vw, 800px\" \/><\/p>\n<p>El expediente refiere al <strong>convenio firmado el 4 de noviembre de 2023 entre la Municipalidad de Olavarr\u00eda<\/strong>, entonces representada por el exintendente Ezequiel Galli, <strong>y los responsables del fideicomiso, para el desarrollo urban\u00edstico<\/strong> de la chacra 632 bajo el r\u00e9gimen de la Ley de H\u00e1bitat N\u00b014.449.<\/p>\n<blockquote class=\"wp-embedded-content\" data-secret=\"COXu2KGUFx\"><p><a href=\"https:\/\/cdnoticias.com\/index.php\/2025\/07\/02\/sebastian-matrella-sobre-el-proyecto-los-palmares-hay-una-irregularidad-ahi\/\">Sebasti\u00e1n Matrella sobre el proyecto Los Palmares: \u201cHay una irregularidad ah\u00ed\u201d<\/a><\/p><\/blockquote>\n<p><iframe loading=\"lazy\" class=\"wp-embedded-content\" sandbox=\"allow-scripts\" security=\"restricted\" style=\"position: absolute; visibility: hidden;\" title=\"&#8220;Sebasti\u00e1n Matrella sobre el proyecto Los Palmares: \u201cHay una irregularidad ah\u00ed\u201d&#8221; &#8212; Central de Noticias | Olavarr\u00eda\" src=\"https:\/\/cdnoticias.com\/index.php\/2025\/07\/02\/sebastian-matrella-sobre-el-proyecto-los-palmares-hay-una-irregularidad-ahi\/embed\/#?secret=T99iAEzUpC#?secret=COXu2KGUFx\" data-secret=\"COXu2KGUFx\" width=\"600\" height=\"338\" frameborder=\"0\" marginwidth=\"0\" marginheight=\"0\" scrolling=\"no\"><\/iframe><\/p>\n<p>Est\u00e1 en debate en la comisi\u00f3n de Infraestructura <a href=\"https:\/\/cdnoticias.com\/index.php\/2025\/06\/24\/proyecto-los-palmares-el-hcd-citara-a-implicados-en-el-complejo-urbanistico\/\" target=\"_blank\" rel=\"noopener\">desde fines de junio<\/a>. Ya han sido citados la <a href=\"https:\/\/cdnoticias.com\/index.php\/2025\/07\/01\/los-palmares-la-ex-directora-de-planeamiento-municipal-dejo-importantes-datos-en-el-hcd\/\" target=\"_blank\" rel=\"noopener\">ex directora de Planeamiento<\/a> Municipal, <a href=\"https:\/\/cdnoticias.com\/index.php\/2025\/07\/07\/los-palmares-reunion-con-una-martillera-y-mas-citaciones-a-ex-funcionarios\/\" target=\"_blank\" rel=\"noopener\">una martillera<\/a> y <a href=\"https:\/\/cdnoticias.com\/index.php\/2025\/07\/15\/los-palmares-nueva-reunion-de-la-comision-de-infraestructura-del-hcd\/\" target=\"_blank\" rel=\"noopener\">funcionarios municipales del \u00e1rea Legal<\/a>.<\/p>\n<blockquote><p>Se inform\u00f3 que este lunes durante el encuentro, \u201cNegri manifest\u00f3 la voluntad del fideicomiso para aceptar a quienes compraron lotes en forma anticipada a la inmobiliaria Buscarini a pesar de las irregularidades detectadas en estas transacciones\u201d.<\/p><\/blockquote>\n<p><img data-recalc-dims=\"1\" loading=\"lazy\" decoding=\"async\" class=\"alignnone size-full wp-image-179283 aligncenter\" src=\"https:\/\/i0.wp.com\/cdnoticias.com\/wp-content\/uploads\/2025\/08\/HCD-comision-de-infraestructura-Los-Palmares-01.jpg?resize=800%2C445&#038;ssl=1\" alt=\"\" width=\"800\" height=\"445\" srcset=\"https:\/\/i0.wp.com\/cdnoticias.com\/wp-content\/uploads\/2025\/08\/HCD-comision-de-infraestructura-Los-Palmares-01.jpg?w=1000&amp;ssl=1 1000w, https:\/\/i0.wp.com\/cdnoticias.com\/wp-content\/uploads\/2025\/08\/HCD-comision-de-infraestructura-Los-Palmares-01.jpg?resize=300%2C167&amp;ssl=1 300w, https:\/\/i0.wp.com\/cdnoticias.com\/wp-content\/uploads\/2025\/08\/HCD-comision-de-infraestructura-Los-Palmares-01.jpg?resize=768%2C427&amp;ssl=1 768w, https:\/\/i0.wp.com\/cdnoticias.com\/wp-content\/uploads\/2025\/08\/HCD-comision-de-infraestructura-Los-Palmares-01.jpg?resize=800%2C445&amp;ssl=1 800w\" sizes=\"auto, (max-width: 800px) 100vw, 800px\" \/><\/p>\n<p>Asimismo, se indic\u00f3 que \u201cdesde la confirmaci\u00f3n del fideicomiso <strong>no se est\u00e1n comercializando lotes y que tampoco existe un precio de venta<\/strong> de los mismos\u201d.<\/p>\n<p>Por \u00faltimo,<strong> \u201cNegri expres\u00f3 la voluntad de encontrar los mecanismos necesarios para garantizar la realizaci\u00f3n del proyecto\u201d<\/strong> comunic\u00f3 el Concejo.<\/p>\n<p>Cabe resaltar que <strong>a la reuni\u00f3n no solo asistieron los concejales miembros de la comisi\u00f3n de Infraestructura<\/strong>, sino m\u00e1s legisladores a fin de escuchar a la representante del fideicomiso. <strong>Todos los bloques<\/strong> estuvieron representados.<\/p>\n<p><img data-recalc-dims=\"1\" loading=\"lazy\" decoding=\"async\" class=\"alignnone size-full wp-image-179286 aligncenter\" src=\"https:\/\/i0.wp.com\/cdnoticias.com\/wp-content\/uploads\/2025\/08\/HCD-comision-de-infraestructura-Los-Palmares-02.jpg?resize=800%2C445&#038;ssl=1\" alt=\"\" width=\"800\" height=\"445\" srcset=\"https:\/\/i0.wp.com\/cdnoticias.com\/wp-content\/uploads\/2025\/08\/HCD-comision-de-infraestructura-Los-Palmares-02.jpg?w=1000&amp;ssl=1 1000w, https:\/\/i0.wp.com\/cdnoticias.com\/wp-content\/uploads\/2025\/08\/HCD-comision-de-infraestructura-Los-Palmares-02.jpg?resize=300%2C167&amp;ssl=1 300w, https:\/\/i0.wp.com\/cdnoticias.com\/wp-content\/uploads\/2025\/08\/HCD-comision-de-infraestructura-Los-Palmares-02.jpg?resize=768%2C427&amp;ssl=1 768w, https:\/\/i0.wp.com\/cdnoticias.com\/wp-content\/uploads\/2025\/08\/HCD-comision-de-infraestructura-Los-Palmares-02.jpg?resize=800%2C445&amp;ssl=1 800w\" sizes=\"auto, (max-width: 800px) 100vw, 800px\" \/><\/p>\n<blockquote class=\"wp-embedded-content\" data-secret=\"GeOp0xvgNP\"><p><a href=\"https:\/\/cdnoticias.com\/index.php\/2025\/05\/22\/escandalo-por-los-lotes-de-los-palmares-hubo-replicas-en-el-hcd\/\">Esc\u00e1ndalo por los lotes de Los Palmares: hubo r\u00e9plicas en el HCD<\/a><\/p><\/blockquote>\n<p><iframe loading=\"lazy\" class=\"wp-embedded-content\" sandbox=\"allow-scripts\" security=\"restricted\" style=\"position: absolute; visibility: hidden;\" title=\"&#8220;Esc\u00e1ndalo por los lotes de Los Palmares: hubo r\u00e9plicas en el HCD&#8221; &#8212; Central de Noticias | Olavarr\u00eda\" src=\"https:\/\/cdnoticias.com\/index.php\/2025\/05\/22\/escandalo-por-los-lotes-de-los-palmares-hubo-replicas-en-el-hcd\/embed\/#?secret=jb5puUrwlv#?secret=GeOp0xvgNP\" data-secret=\"GeOp0xvgNP\" width=\"600\" height=\"338\" frameborder=\"0\" marginwidth=\"0\" marginheight=\"0\" scrolling=\"no\"><\/iframe><\/p>\n<blockquote class=\"wp-embedded-content\" data-secret=\"NEY18DHEAc\"><p><a href=\"https:\/\/cdnoticias.com\/index.php\/2025\/06\/04\/compradores-de-los-palmares-fueron-recibidos-en-el-palacio-municipal-el-tema-volvera-al-hcd\/\">Compradores de \u201cLos Palmares\u201d fueron recibidos en el Palacio Municipal: el tema volver\u00e1 al HCD<\/a><\/p><\/blockquote>\n<p><iframe loading=\"lazy\" class=\"wp-embedded-content\" sandbox=\"allow-scripts\" security=\"restricted\" style=\"position: absolute; visibility: hidden;\" title=\"&#8220;Compradores de \u201cLos Palmares\u201d fueron recibidos en el Palacio Municipal: el tema volver\u00e1 al HCD&#8221; &#8212; Central de Noticias | Olavarr\u00eda\" src=\"https:\/\/cdnoticias.com\/index.php\/2025\/06\/04\/compradores-de-los-palmares-fueron-recibidos-en-el-palacio-municipal-el-tema-volvera-al-hcd\/embed\/#?secret=85XXGbyW6G#?secret=NEY18DHEAc\" data-secret=\"NEY18DHEAc\" width=\"600\" height=\"338\" frameborder=\"0\" marginwidth=\"0\" marginheight=\"0\" scrolling=\"no\"><\/iframe><\/p>\n","protected":false},"excerpt":{"rendered":"<p>Reconoci\u00f3 que hubo &#8220;irregularidades&#8221; en esas transacciones. Estuvo en la comisi\u00f3n de Infraestructura del HCD. Afirm\u00f3 que hoy \u201cno se<\/p>\n","protected":false},"author":4,"featured_media":179285,"comment_status":"closed","ping_status":"closed","sticky":false,"template":"","format":"standard","meta":{"_jetpack_memberships_contains_paid_content":false,"footnotes":""},"categories":[4,1],"tags":[],"class_list":["post-179280","post","type-post","status-publish","format-standard","has-post-thumbnail","hentry","category-politica","category-portada"],"jetpack_featured_media_url":"https:\/\/i0.wp.com\/cdnoticias.com\/wp-content\/uploads\/2025\/08\/HCD-comision-de-infraestructura-Los-Palmares-03.jpg?fit=1000%2C556&ssl=1","jetpack_sharing_enabled":true,"_links":{"self":[{"href":"https:\/\/cdnoticias.com\/index.php\/wp-json\/wp\/v2\/posts\/179280","targetHints":{"allow":["GET"]}}],"collection":[{"href":"https:\/\/cdnoticias.com\/index.php\/wp-json\/wp\/v2\/posts"}],"about":[{"href":"https:\/\/cdnoticias.com\/index.php\/wp-json\/wp\/v2\/types\/post"}],"author":[{"embeddable":true,"href":"https:\/\/cdnoticias.com\/index.php\/wp-json\/wp\/v2\/users\/4"}],"replies":[{"embeddable":true,"href":"https:\/\/cdnoticias.com\/index.php\/wp-json\/wp\/v2\/comments?post=179280"}],"version-history":[{"count":0,"href":"https:\/\/cdnoticias.com\/index.php\/wp-json\/wp\/v2\/posts\/179280\/revisions"}],"wp:featuredmedia":[{"embeddable":true,"href":"https:\/\/cdnoticias.com\/index.php\/wp-json\/wp\/v2\/media\/179285"}],"wp:attachment":[{"href":"https:\/\/cdnoticias.com\/index.php\/wp-json\/wp\/v2\/media?parent=179280"}],"wp:term":[{"taxonomy":"category","embeddable":true,"href":"https:\/\/cdnoticias.com\/index.php\/wp-json\/wp\/v2\/categories?post=179280"},{"taxonomy":"post_tag","embeddable":true,"href":"https:\/\/cdnoticias.com\/index.php\/wp-json\/wp\/v2\/tags?post=179280"}],"curies":[{"name":"wp","href":"https:\/\/api.w.org\/{rel}","templated":true}]}}