{"id":179278,"date":"2025-08-12T11:40:03","date_gmt":"2025-08-12T14:40:03","guid":{"rendered":"https:\/\/cdnoticias.com\/?p=179278"},"modified":"2025-08-12T11:40:05","modified_gmt":"2025-08-12T14:40:05","slug":"vence-la-cuota-cuatro-del-impuesto-inmobiliario-urbano","status":"publish","type":"post","link":"https:\/\/cdnoticias.com\/index.php\/2025\/08\/12\/vence-la-cuota-cuatro-del-impuesto-inmobiliario-urbano\/","title":{"rendered":"Vence la cuota cuatro del Impuesto Inmobiliario Urbano"},"content":{"rendered":"<p>As\u00ed lo record\u00f3 la Agencia de Recaudaci\u00f3n de la Provincia de Buenos. Hay tiempo hasta este mi\u00e9rcoles 13 de agosto para pagar con descuento.<!--more--><\/p>\n<hr \/>\n<p>La <strong>Agencia de Recaudaci\u00f3n de la Provincia de Buenos Aires (ARBA)<\/strong> informa que <strong>hasta este mi\u00e9rcoles 13 de agosto rige el plazo para pagar con descuento la cuarta cuota del Impuesto Inmobiliario Urbano<\/strong> en sus plantas edificada y bald\u00eda.<\/p>\n<blockquote><p>Para quienes no tengan deudas, est\u00e9n adheridos al d\u00e9bito autom\u00e1tico y elijan abonar por cuota, la bonificaci\u00f3n ser\u00e1 de hasta el 10%.\u00a0Para efectuar el pago, las y los contribuyentes pueden ingresar a la web de ARBA (www.arba.gov.ar) y abonar con tarjeta de cr\u00e9dito o por cajero autom\u00e1tico, luego de generar el c\u00f3digo de pago electr\u00f3nico.<\/p><\/blockquote>\n<p>Tambi\u00e9n est\u00e1 disponible la <strong>opci\u00f3n de pago digital<\/strong> mediante la aplicaci\u00f3n Cuenta DNI, escaneando el c\u00f3digo QR enviado por correo electr\u00f3nico. Dicho c\u00f3digo se encuentra vigente hasta la fecha de vencimiento de cada cuota.<\/p>\n<p>Para quienes deseen <strong>abonar de manera presencial<\/strong>, pueden hacerlo en entidades bancarias habilitadas y bocas de pago de Provincia Net.<\/p>\n<p>Es importante recordar que tanto esta cuota como la siguiente, no tendr\u00e1n actualizaciones en sus valores y mantienen los mismos montos que las emitidas anteriormente, <a href=\"https:\/\/cdnoticias.com\/index.php\/2025\/08\/01\/arba-sin-aumentos-en-un-contexto-economico-critico-para-muchos-bonaerenses\/\" target=\"_blank\" rel=\"noopener\">tal como se inform\u00f3<\/a>.<\/p>\n<blockquote><p>Al respecto, el director ejecutivo de ARBA, Cristian Girard, explic\u00f3 que \u201cla decisi\u00f3n de mantener los valores de las cuotas se da en un contexto econ\u00f3mico cr\u00edtico para muchos bonaerenses, que, debido a la pol\u00edtica de ajuste del gobierno nacional, ven fuertemente deteriorados sus ingresos\u201d.<\/p><\/blockquote>\n<blockquote class=\"wp-embedded-content\" data-secret=\"ztmqLRXJ8k\"><p><a href=\"https:\/\/cdnoticias.com\/index.php\/2025\/08\/01\/arba-sin-aumentos-en-un-contexto-economico-critico-para-muchos-bonaerenses\/\">ARBA, sin aumentos \u201cen un contexto econ\u00f3mico cr\u00edtico para muchos bonaerenses\u201d<\/a><\/p><\/blockquote>\n<p><iframe loading=\"lazy\" class=\"wp-embedded-content\" sandbox=\"allow-scripts\" security=\"restricted\" style=\"position: absolute; visibility: hidden;\" title=\"&#8220;ARBA, sin aumentos \u201cen un contexto econ\u00f3mico cr\u00edtico para muchos bonaerenses\u201d&#8221; &#8212; Central de Noticias | Olavarr\u00eda\" src=\"https:\/\/cdnoticias.com\/index.php\/2025\/08\/01\/arba-sin-aumentos-en-un-contexto-economico-critico-para-muchos-bonaerenses\/embed\/#?secret=lfCyPDdF1J#?secret=ztmqLRXJ8k\" data-secret=\"ztmqLRXJ8k\" width=\"600\" height=\"338\" frameborder=\"0\" marginwidth=\"0\" marginheight=\"0\" scrolling=\"no\"><\/iframe><\/p>\n","protected":false},"excerpt":{"rendered":"<p>As\u00ed lo record\u00f3 la Agencia de Recaudaci\u00f3n de la Provincia de Buenos. Hay tiempo hasta este mi\u00e9rcoles 13 de agosto<\/p>\n","protected":false},"author":4,"featured_media":172506,"comment_status":"closed","ping_status":"closed","sticky":false,"template":"","format":"standard","meta":{"_jetpack_memberships_contains_paid_content":false,"footnotes":""},"categories":[6,1],"tags":[],"class_list":["post-179278","post","type-post","status-publish","format-standard","has-post-thumbnail","hentry","category-nacionales","category-portada"],"jetpack_featured_media_url":"https:\/\/i0.wp.com\/cdnoticias.com\/wp-content\/uploads\/2025\/05\/ARBA-Vencimiento-Automotor-patente.jpg?fit=800%2C445&ssl=1","jetpack_sharing_enabled":true,"_links":{"self":[{"href":"https:\/\/cdnoticias.com\/index.php\/wp-json\/wp\/v2\/posts\/179278","targetHints":{"allow":["GET"]}}],"collection":[{"href":"https:\/\/cdnoticias.com\/index.php\/wp-json\/wp\/v2\/posts"}],"about":[{"href":"https:\/\/cdnoticias.com\/index.php\/wp-json\/wp\/v2\/types\/post"}],"author":[{"embeddable":true,"href":"https:\/\/cdnoticias.com\/index.php\/wp-json\/wp\/v2\/users\/4"}],"replies":[{"embeddable":true,"href":"https:\/\/cdnoticias.com\/index.php\/wp-json\/wp\/v2\/comments?post=179278"}],"version-history":[{"count":0,"href":"https:\/\/cdnoticias.com\/index.php\/wp-json\/wp\/v2\/posts\/179278\/revisions"}],"wp:featuredmedia":[{"embeddable":true,"href":"https:\/\/cdnoticias.com\/index.php\/wp-json\/wp\/v2\/media\/172506"}],"wp:attachment":[{"href":"https:\/\/cdnoticias.com\/index.php\/wp-json\/wp\/v2\/media?parent=179278"}],"wp:term":[{"taxonomy":"category","embeddable":true,"href":"https:\/\/cdnoticias.com\/index.php\/wp-json\/wp\/v2\/categories?post=179278"},{"taxonomy":"post_tag","embeddable":true,"href":"https:\/\/cdnoticias.com\/index.php\/wp-json\/wp\/v2\/tags?post=179278"}],"curies":[{"name":"wp","href":"https:\/\/api.w.org\/{rel}","templated":true}]}}