{"id":179274,"date":"2025-08-12T10:19:56","date_gmt":"2025-08-12T13:19:56","guid":{"rendered":"https:\/\/cdnoticias.com\/?p=179274"},"modified":"2025-08-12T12:15:52","modified_gmt":"2025-08-12T15:15:52","slug":"olavarriense-condenado-a-seis-meses-de-prision-por-hechos-de-violencia-de-genero","status":"publish","type":"post","link":"https:\/\/cdnoticias.com\/index.php\/2025\/08\/12\/olavarriense-condenado-a-seis-meses-de-prision-por-hechos-de-violencia-de-genero\/","title":{"rendered":"Olavarriense condenado a seis meses de prisi\u00f3n por hechos de violencia de g\u00e9nero"},"content":{"rendered":"<p>La pena es de cumplimiento efectivo. Fue arrestado en la v\u00eda p\u00fablica por disposici\u00f3n del Juzgado Correccional local. Se dispuso su alojamiento en una sede penitenciaria.<!--more--><\/p>\n<hr \/>\n<p>Un<strong> olavarriense<\/strong> fue<strong> condenado una pena de seis meses de prisi\u00f3n<\/strong> por hechos de <strong>violencia de g\u00e9nero<\/strong>. La sanci\u00f3n penal es de <strong>\u201ccumplimiento efectivo\u201d<\/strong>, seg\u00fan se detall\u00f3. En ese marco se inform\u00f3 que<em> fue detenido para disponer su alojamiento en una c\u00e1rcel<\/em>.<\/p>\n<p>D\u00edas pasados personal del <strong>Grupo Operativo de la SubDDI Olavarr\u00eda<\/strong> en conjunto con personal de la<strong> Comisar\u00eda de la Mujer y la Familia<\/strong> de Olavarr\u00eda, dieron cumplimiento a la <strong>orden de detenci\u00f3n emitida por el Juzgado Correccional N\u00b01, a cargo de la Dra. Cecilia Desiata<\/strong>.<\/p>\n<blockquote><p>La medida recay\u00f3 sobre un olavarriense por hechos reiterados en el contexto de violencia de g\u00e9nero. Tras realizarse tareas investigativas, se mont\u00f3 un operativo en la intersecci\u00f3n de 9 de Julio, entre Bol\u00edvar y Hornos, donde se hizo efectiva la detenci\u00f3n.<\/p><\/blockquote>\n<p>El detenido fue <strong>trasladado a la sede de la SubDDI<\/strong> y posteriormente a la <strong>Unidad Penitenciaria N\u00b0 2 de Sierra Chica.<\/strong><\/p>\n","protected":false},"excerpt":{"rendered":"<p>La pena es de cumplimiento efectivo. Fue arrestado en la v\u00eda p\u00fablica por disposici\u00f3n del Juzgado Correccional local. Se dispuso<\/p>\n","protected":false},"author":4,"featured_media":179275,"comment_status":"closed","ping_status":"closed","sticky":false,"template":"","format":"standard","meta":{"_jetpack_memberships_contains_paid_content":false,"footnotes":""},"categories":[14,1],"tags":[],"class_list":["post-179274","post","type-post","status-publish","format-standard","has-post-thumbnail","hentry","category-policiales","category-portada"],"jetpack_featured_media_url":"https:\/\/i0.wp.com\/cdnoticias.com\/wp-content\/uploads\/2025\/08\/DDI-detenido-9-de-julio-y-bolivar-00.jpg?fit=1000%2C556&ssl=1","jetpack_sharing_enabled":true,"_links":{"self":[{"href":"https:\/\/cdnoticias.com\/index.php\/wp-json\/wp\/v2\/posts\/179274","targetHints":{"allow":["GET"]}}],"collection":[{"href":"https:\/\/cdnoticias.com\/index.php\/wp-json\/wp\/v2\/posts"}],"about":[{"href":"https:\/\/cdnoticias.com\/index.php\/wp-json\/wp\/v2\/types\/post"}],"author":[{"embeddable":true,"href":"https:\/\/cdnoticias.com\/index.php\/wp-json\/wp\/v2\/users\/4"}],"replies":[{"embeddable":true,"href":"https:\/\/cdnoticias.com\/index.php\/wp-json\/wp\/v2\/comments?post=179274"}],"version-history":[{"count":0,"href":"https:\/\/cdnoticias.com\/index.php\/wp-json\/wp\/v2\/posts\/179274\/revisions"}],"wp:featuredmedia":[{"embeddable":true,"href":"https:\/\/cdnoticias.com\/index.php\/wp-json\/wp\/v2\/media\/179275"}],"wp:attachment":[{"href":"https:\/\/cdnoticias.com\/index.php\/wp-json\/wp\/v2\/media?parent=179274"}],"wp:term":[{"taxonomy":"category","embeddable":true,"href":"https:\/\/cdnoticias.com\/index.php\/wp-json\/wp\/v2\/categories?post=179274"},{"taxonomy":"post_tag","embeddable":true,"href":"https:\/\/cdnoticias.com\/index.php\/wp-json\/wp\/v2\/tags?post=179274"}],"curies":[{"name":"wp","href":"https:\/\/api.w.org\/{rel}","templated":true}]}}