{"id":179246,"date":"2025-08-11T19:04:41","date_gmt":"2025-08-11T22:04:41","guid":{"rendered":"https:\/\/cdnoticias.com\/?p=179246"},"modified":"2025-08-11T19:04:42","modified_gmt":"2025-08-11T22:04:42","slug":"banderazos-de-vecinos-en-rutas-nacionales-para-reclamar-por-su-mal-estado","status":"publish","type":"post","link":"https:\/\/cdnoticias.com\/index.php\/2025\/08\/11\/banderazos-de-vecinos-en-rutas-nacionales-para-reclamar-por-su-mal-estado\/","title":{"rendered":"Banderazos de vecinos en rutas nacionales para reclamar por su mal estado"},"content":{"rendered":"\n<p>El epicentro fue en la ciudad de Azul, en reclamo por la Ruta N\u00ba3, donde se pide que se transforme en autov\u00eda. La nueva convocatoria ser\u00e1 el pr\u00f3ximo 14 de septiembre. <\/p>\n\n\n\n<hr class=\"wp-block-separator aligncenter has-alpha-channel-opacity\"\/>\n\n\n\n<p><strong>Vecinos autoconvocados <\/strong>de <strong>distintos puntos de la provincia de Buenos Aires<\/strong> realizaron el domingo un <strong>banderazo federal <\/strong>para<strong> reclamar por el mal estado de las rutas nacionales<\/strong> y<strong> exigir la reactivaci\u00f3n de obras paralizadas por el Gobierno nacional.<\/strong><\/p>\n\n\n\n<p><\/p>\n\n\n\n<p>Si bien algunos de los epicentros fueron las<strong> rutas nacionales 3, 5, 33 y 205,<\/strong> el <strong>epicentro se registr\u00f3 en la localidad de Azul,<\/strong> donde vecinos de esa localidad se concentraron frente a la<strong> rotonda del Cristo<\/strong> y reclamaron por la reactivaci\u00f3n de la autov\u00eda.<\/p>\n\n\n\n<p><\/p>\n\n\n\n<p>Los Vecinos Autoconvocados <strong>anunciaron una nueva concentraci\u00f3n para el pr\u00f3ximo 14 de septiembre<\/strong>, a las 15 horas, <strong>nuevamente en el acceso a Azul por Ruta 3.<\/strong><\/p>\n\n\n\n<p><\/p>\n\n\n\n<blockquote class=\"wp-block-quote is-layout-flow wp-block-quote-is-layout-flow\">\n<p>All\u00ed estuvieron presentes integrantes del grupo Vecinos Autoconvocados y de Estrellas Amarillas, concejales de diferentes bloques que integran el Concejo Deliberante, vecinos de localidades de la regi\u00f3n como Olavarr\u00eda, Tandil y Chillar y en representaci\u00f3n del Departamento Ejecutivo, el secretario de Obras y Servicios P\u00fablicos Gustavo Vitale.<\/p>\n<\/blockquote>\n\n\n\n<p><\/p>\n\n\n\n<p>La <strong>solicitud para transformar a la ruta 3 en autov\u00eda lleva a\u00f1os de lucha <\/strong>y tiene como objetivo <strong>lograr una medida estructural y definitiva<\/strong> para <strong>reducir los siniestros viales y las muertes en ese corredor. <\/strong>En este marco, el municipio de Azul est\u00e1 trabajando en una presentaci\u00f3n de<strong> amparo ante la Justicia Federal <\/strong>para reclamar por esa obra.<\/p>\n\n\n\n<p><\/p>\n\n\n\n<p>Por la Ruta 5, las actividades centrales tuvieron lugar en Mercedes donde los autoconvocados exigieron una mejora integral de la infraestructura vial. Pero el reclamo incluye a vecinos de <strong>Suipacha, Chivilcoy, Alberti, Bragado, 9 de Julio, Carlos Casares, Pehuaj\u00f3, Trenque Lauquen<\/strong> y comunas de la <strong>provincia de La Pampa.<\/strong><\/p>\n\n\n\n<p><\/p>\n\n\n\n<p>La movilizaci\u00f3n tambi\u00e9n tuvo reclamos por la <strong>Ruta Nacional 20<\/strong> (Urdinarrain, Entre R\u00edos); <strong>la 33<\/strong> (Tornquist y Bah\u00eda Blanca); la <strong>Provincial 65 <\/strong>(Urdampilleta y Bol\u00edvar) y <strong>la 205<\/strong> (Norberto de la Riestra), entre otras.<\/p>\n\n\n\n<p><\/p>\n\n\n\n<p>En las \u00faltimas d\u00e9cadas se sucedieron anuncios y licitaciones, pero<strong> gran parte de las obras quedaron inconclusas o directamente no se iniciaron<\/strong>. Las demoras, atribuidas a cambios de gobierno, falta de financiamiento o problemas contractuales, son parte del malestar que desemboca en este tipo de acciones colectivas.&nbsp;<\/p>\n\n\n\n<p><\/p>\n\n\n\n<p><em>Fuente: DIB&nbsp;<\/em><\/p>\n","protected":false},"excerpt":{"rendered":"<p>El epicentro fue en la ciudad de Azul, en reclamo por la Ruta N\u00ba3, donde se pide que se transforme<\/p>\n","protected":false},"author":6,"featured_media":179248,"comment_status":"closed","ping_status":"closed","sticky":false,"template":"","format":"standard","meta":{"_jetpack_memberships_contains_paid_content":false,"footnotes":""},"categories":[6,1],"tags":[],"class_list":["post-179246","post","type-post","status-publish","format-standard","has-post-thumbnail","hentry","category-nacionales","category-portada"],"jetpack_featured_media_url":"https:\/\/i0.wp.com\/cdnoticias.com\/wp-content\/uploads\/2025\/08\/banderazos.jpg?fit=900%2C506&ssl=1","jetpack_sharing_enabled":true,"_links":{"self":[{"href":"https:\/\/cdnoticias.com\/index.php\/wp-json\/wp\/v2\/posts\/179246","targetHints":{"allow":["GET"]}}],"collection":[{"href":"https:\/\/cdnoticias.com\/index.php\/wp-json\/wp\/v2\/posts"}],"about":[{"href":"https:\/\/cdnoticias.com\/index.php\/wp-json\/wp\/v2\/types\/post"}],"author":[{"embeddable":true,"href":"https:\/\/cdnoticias.com\/index.php\/wp-json\/wp\/v2\/users\/6"}],"replies":[{"embeddable":true,"href":"https:\/\/cdnoticias.com\/index.php\/wp-json\/wp\/v2\/comments?post=179246"}],"version-history":[{"count":0,"href":"https:\/\/cdnoticias.com\/index.php\/wp-json\/wp\/v2\/posts\/179246\/revisions"}],"wp:featuredmedia":[{"embeddable":true,"href":"https:\/\/cdnoticias.com\/index.php\/wp-json\/wp\/v2\/media\/179248"}],"wp:attachment":[{"href":"https:\/\/cdnoticias.com\/index.php\/wp-json\/wp\/v2\/media?parent=179246"}],"wp:term":[{"taxonomy":"category","embeddable":true,"href":"https:\/\/cdnoticias.com\/index.php\/wp-json\/wp\/v2\/categories?post=179246"},{"taxonomy":"post_tag","embeddable":true,"href":"https:\/\/cdnoticias.com\/index.php\/wp-json\/wp\/v2\/tags?post=179246"}],"curies":[{"name":"wp","href":"https:\/\/api.w.org\/{rel}","templated":true}]}}