{"id":179229,"date":"2025-08-11T17:59:07","date_gmt":"2025-08-11T20:59:07","guid":{"rendered":"https:\/\/cdnoticias.com\/?p=179229"},"modified":"2025-08-11T17:59:10","modified_gmt":"2025-08-11T20:59:10","slug":"incendio-de-un-vehiculo-en-la-ruta-3-la-conductora-resulto-ilesa","status":"publish","type":"post","link":"https:\/\/cdnoticias.com\/index.php\/2025\/08\/11\/incendio-de-un-vehiculo-en-la-ruta-3-la-conductora-resulto-ilesa\/","title":{"rendered":"Incendio de un veh\u00edculo en la Ruta 3: la conductora result\u00f3 ilesa"},"content":{"rendered":"\n<p>Fue a la altura del kil\u00f3metro 272 de la ruta nacional N\u00b03. La vecina es oriunda de Cachar\u00ed.<\/p>\n\n\n\n<hr class=\"wp-block-separator aligncenter has-alpha-channel-opacity\"\/>\n\n\n\n<p>Foto e informaci\u00f3n: Noticias de Azul<\/p>\n\n\n\n<p>En la tarde de este lunes, <strong>un autom\u00f3vil se vio afectado por un incendio en el kil\u00f3metro 272 de la Ruta Nacional N\u00ba 3. Las causas que originaron el siniestro a\u00fan no fueron determinadas.<\/strong><\/p>\n\n\n\n<p>El veh\u00edculo era conducido por<strong> Brenda Pereyra, vecina de la localidad de Cachar\u00ed, quien afortunadamente no sufri\u00f3 lesiones.<\/strong><\/p>\n\n\n\n<figure class=\"wp-block-image size-large\"><img data-recalc-dims=\"1\" loading=\"lazy\" decoding=\"async\" width=\"800\" height=\"450\" src=\"https:\/\/i0.wp.com\/cdnoticias.com\/wp-content\/uploads\/2025\/08\/530848235_1367865785343439_9155335385273236452_n.jpg?resize=800%2C450&#038;ssl=1\" alt=\"\" class=\"wp-image-179231\" srcset=\"https:\/\/i0.wp.com\/cdnoticias.com\/wp-content\/uploads\/2025\/08\/530848235_1367865785343439_9155335385273236452_n.jpg?resize=1024%2C576&amp;ssl=1 1024w, https:\/\/i0.wp.com\/cdnoticias.com\/wp-content\/uploads\/2025\/08\/530848235_1367865785343439_9155335385273236452_n.jpg?resize=300%2C169&amp;ssl=1 300w, https:\/\/i0.wp.com\/cdnoticias.com\/wp-content\/uploads\/2025\/08\/530848235_1367865785343439_9155335385273236452_n.jpg?resize=768%2C432&amp;ssl=1 768w, https:\/\/i0.wp.com\/cdnoticias.com\/wp-content\/uploads\/2025\/08\/530848235_1367865785343439_9155335385273236452_n.jpg?w=1440&amp;ssl=1 1440w\" sizes=\"auto, (max-width: 800px) 100vw, 800px\" \/><\/figure>\n\n\n\n<p>En el lugar trabajaron<strong> Bomberos Voluntarios de Cachar\u00ed, personal de Vial Azul, efectivos de la Comisar\u00eda de Cachar\u00ed y agentes de Corredores Viales, quienes controlaron la situaci\u00f3n y brindaron asistencia en la zona.<\/strong><\/p>\n\n\n\n<p><\/p>\n","protected":false},"excerpt":{"rendered":"<p>Fue a la altura del kil\u00f3metro 272 de la ruta nacional N\u00b03. La vecina es oriunda de Cachar\u00ed. Foto e<\/p>\n","protected":false},"author":2,"featured_media":179230,"comment_status":"closed","ping_status":"closed","sticky":false,"template":"","format":"standard","meta":{"_jetpack_memberships_contains_paid_content":false,"footnotes":""},"categories":[14,1],"tags":[],"class_list":["post-179229","post","type-post","status-publish","format-standard","has-post-thumbnail","hentry","category-policiales","category-portada"],"jetpack_featured_media_url":"https:\/\/i0.wp.com\/cdnoticias.com\/wp-content\/uploads\/2025\/08\/531015394_1367865762010108_1510538481712532948_n.jpg?fit=1440%2C810&ssl=1","jetpack_sharing_enabled":true,"_links":{"self":[{"href":"https:\/\/cdnoticias.com\/index.php\/wp-json\/wp\/v2\/posts\/179229","targetHints":{"allow":["GET"]}}],"collection":[{"href":"https:\/\/cdnoticias.com\/index.php\/wp-json\/wp\/v2\/posts"}],"about":[{"href":"https:\/\/cdnoticias.com\/index.php\/wp-json\/wp\/v2\/types\/post"}],"author":[{"embeddable":true,"href":"https:\/\/cdnoticias.com\/index.php\/wp-json\/wp\/v2\/users\/2"}],"replies":[{"embeddable":true,"href":"https:\/\/cdnoticias.com\/index.php\/wp-json\/wp\/v2\/comments?post=179229"}],"version-history":[{"count":0,"href":"https:\/\/cdnoticias.com\/index.php\/wp-json\/wp\/v2\/posts\/179229\/revisions"}],"wp:featuredmedia":[{"embeddable":true,"href":"https:\/\/cdnoticias.com\/index.php\/wp-json\/wp\/v2\/media\/179230"}],"wp:attachment":[{"href":"https:\/\/cdnoticias.com\/index.php\/wp-json\/wp\/v2\/media?parent=179229"}],"wp:term":[{"taxonomy":"category","embeddable":true,"href":"https:\/\/cdnoticias.com\/index.php\/wp-json\/wp\/v2\/categories?post=179229"},{"taxonomy":"post_tag","embeddable":true,"href":"https:\/\/cdnoticias.com\/index.php\/wp-json\/wp\/v2\/tags?post=179229"}],"curies":[{"name":"wp","href":"https:\/\/api.w.org\/{rel}","templated":true}]}}