{"id":179207,"date":"2025-08-11T14:55:36","date_gmt":"2025-08-11T17:55:36","guid":{"rendered":"https:\/\/cdnoticias.com\/?p=179207"},"modified":"2025-08-11T14:55:38","modified_gmt":"2025-08-11T17:55:38","slug":"kicillof-en-campana-entregara-60-viviendas-e-inaugurara-la-casa-de-la-provincia-en-olavarria","status":"publish","type":"post","link":"https:\/\/cdnoticias.com\/index.php\/2025\/08\/11\/kicillof-en-campana-entregara-60-viviendas-e-inaugurara-la-casa-de-la-provincia-en-olavarria\/","title":{"rendered":"Kicillof en campa\u00f1a: entregar\u00e1 60 viviendas e inaugurar\u00e1 la Casa de la Provincia en Olavarr\u00eda"},"content":{"rendered":"<p>El ministro de gobierno, Carlos Bianco, inform\u00f3 la agenda prevista para la visita del Gobernador el d\u00eda mi\u00e9rcoles. Adem\u00e1s ir\u00e1 a dos obras avanzadas: la pavimentaci\u00f3n de La Rioja y la construcci\u00f3n del Polo Judicial.<!--more--><\/p>\n<hr \/>\n<p>En la habitual conferencia de los lunes, <strong>el ministro de Gobierno Carlos Bianco, inform\u00f3 la agenda de actividades del gobernador Axel Kicillof<\/strong> y as\u00ed<a href=\"https:\/\/cdnoticias.com\/index.php\/2025\/08\/08\/el-gobernador-kicillof-visitara-olavarria-el-proximo-miercoles\/\" target=\"_blank\" rel=\"noopener\"> confirm\u00f3 que el mi\u00e9rcoles llegar\u00e1 a Olavarr\u00eda<\/a>.<\/p>\n<blockquote><p>El funcionario destac\u00f3 que desde esta semana el mandatario realiza sus actividades \u201cformalmente en campa\u00f1a\u201d para pasar a detallar d\u00eda por d\u00eda los viajes y presentaciones. \u201cVan a notar que no var\u00eda la agenda del Gobernador\u201d defini\u00f3 Bianco. Resalt\u00f3 que el mi\u00e9rcoles estar\u00e1 en \u201clos principales distritos\u201d de la S\u00e9ptima secci\u00f3n electoral: Azul y Olavarr\u00eda.<\/p><\/blockquote>\n<h4>La agenda en Olavarr\u00eda<\/h4>\n<p>El Gobernador participar\u00e1 del<strong> acto de entrega de 60 viviendas del barrio CECO III<\/strong>. Cabe recordar que la obra contempla en total 100 casas, de las cuales 40 siguen en construcci\u00f3n. El proyecto requiri\u00f3<strong> 4.000 millones de pesos<\/strong> y est\u00e1 a cargo del Instituto de la Vivienda de la provincia de Buenos Aires.<\/p>\n<p>En la conferencia tambi\u00e9n estuvo la<strong> ministra de H\u00e1bitat y Desarrollo Urbano, Silvina Batakis<\/strong>, quien inscribi\u00f3 esta obra<strong> \u201cen el marco del Plan Buenos Aires H\u00e1bitat\u201d<\/strong>. La funcionaria expres\u00f3 que <em>\u201ccontamos con 8.000 viviendas en construcci\u00f3n con recursos propios en los 135 distritos\u201d.<\/em><\/p>\n<p><strong>\u201cTenemos un Gobierno nacional que paraliza la obra p\u00fablica<\/strong> y, de esta manera, atenta contra la producci\u00f3n, el desarrollo, y la posibilidad de que los y las argentinas tengan un futuro mejor. <strong>Como contracara de este modelo, en la Provincia creemos en la planificaci\u00f3n e impulsamos la construcci\u00f3n de nueva infraestructura<\/strong> como motor dinamizador de la actividad econ\u00f3mica, la producci\u00f3n industrial y la generaci\u00f3n de nuevos puestos de trabajo\u201d sostuvo Batakis.<\/p>\n<p><strong>Luego Kicillof inaugurar\u00e1 la Casa de la Provincia<\/strong>, ubicada en Jun\u00edn y Sargento Cabral. \u201cEs un edificio de casi 800 metros cuadrados, <em>de las casas m\u00e1s grandes de la provincia\u201d<\/em> describi\u00f3 el ministro Bianco. Inform\u00f3 que la obra demand\u00f3 una <strong>inversi\u00f3n de 2.700 millones de pesos<\/strong> y record\u00f3 que <a href=\"https:\/\/cdnoticias.com\/index.php\/2025\/05\/19\/abrio-la-casa-de-la-provincia-y-ya-funcionan-organismos-provinciales\/\" target=\"_blank\" rel=\"noopener\">funciona desde mayo con 50 trabajadores<\/a>.<\/p>\n<p>Las otras dos actividades previstas son <strong>recorridas por obras en marcha<\/strong>. Primero la <strong>pavimentaci\u00f3n de avenida La Rioja<\/strong> de Del Valle a Col\u00f3n para la cual<a href=\"https:\/\/cdnoticias.com\/index.php\/2025\/05\/10\/comenzo-el-hormigonado-en-avenida-la-rioja-una-obra-clave-para-la-conectividad-del-sector-educativo\/\" target=\"_blank\" rel=\"noopener\"> la Provincia dispuso unos 600 millones de pesos. Esta obra comenz\u00f3 en marzo<\/a>.<\/p>\n<p>En segunda instancia, el gobernador se mover\u00e1 hasta la <strong>construcci\u00f3n del Polo Judicial, en Bol\u00edvar y 25 de Mayo<\/strong>. Carlos Bianco inform\u00f3 que se trata de una obra que en 2011 la Corte Suprema de Justicia solicit\u00f3 a la Gobernaci\u00f3n, \u201cen 2016 estuvo el proyecto terminado y en 2017 se inici\u00f3. En 2018 se par\u00f3 y fue retomada en 2023\u201d. <strong>El final de obra est\u00e1 previsto para febrero de 2026<\/strong>. Los montos actualizados de la inversi\u00f3n llegan a <strong>15.000 millones de pesos<\/strong>.<\/p>\n<h3>En Azul<\/h3>\n<p>El ministro de Gobierno inform\u00f3 que previamente a llegar a nuestra ciudad Kicillof estar\u00e1 en Azul donde se presentar\u00e1 <strong>en el Hospital Materno Infantil \u201cArgentina Diego\u201d para entregar equipamiento y una ambulancia de alta complejidad<\/strong> cuyo costo informado es de 190 millones de pesos.<em> \u201cEs la ambulancia 381 que se entregar\u00e1 desde el inicio de la gesti\u00f3n del gobernador\u201d<\/em> indic\u00f3.<\/p>\n","protected":false},"excerpt":{"rendered":"<p>El ministro de gobierno, Carlos Bianco, inform\u00f3 la agenda prevista para la visita del Gobernador el d\u00eda mi\u00e9rcoles. Adem\u00e1s ir\u00e1<\/p>\n","protected":false},"author":4,"featured_media":166411,"comment_status":"closed","ping_status":"closed","sticky":false,"template":"","format":"standard","meta":{"_jetpack_memberships_contains_paid_content":false,"footnotes":""},"categories":[4,1],"tags":[],"class_list":["post-179207","post","type-post","status-publish","format-standard","has-post-thumbnail","hentry","category-politica","category-portada"],"jetpack_featured_media_url":"https:\/\/i0.wp.com\/cdnoticias.com\/wp-content\/uploads\/2025\/03\/kicillof-bb2.jpg?fit=1920%2C1080&ssl=1","jetpack_sharing_enabled":true,"_links":{"self":[{"href":"https:\/\/cdnoticias.com\/index.php\/wp-json\/wp\/v2\/posts\/179207","targetHints":{"allow":["GET"]}}],"collection":[{"href":"https:\/\/cdnoticias.com\/index.php\/wp-json\/wp\/v2\/posts"}],"about":[{"href":"https:\/\/cdnoticias.com\/index.php\/wp-json\/wp\/v2\/types\/post"}],"author":[{"embeddable":true,"href":"https:\/\/cdnoticias.com\/index.php\/wp-json\/wp\/v2\/users\/4"}],"replies":[{"embeddable":true,"href":"https:\/\/cdnoticias.com\/index.php\/wp-json\/wp\/v2\/comments?post=179207"}],"version-history":[{"count":0,"href":"https:\/\/cdnoticias.com\/index.php\/wp-json\/wp\/v2\/posts\/179207\/revisions"}],"wp:featuredmedia":[{"embeddable":true,"href":"https:\/\/cdnoticias.com\/index.php\/wp-json\/wp\/v2\/media\/166411"}],"wp:attachment":[{"href":"https:\/\/cdnoticias.com\/index.php\/wp-json\/wp\/v2\/media?parent=179207"}],"wp:term":[{"taxonomy":"category","embeddable":true,"href":"https:\/\/cdnoticias.com\/index.php\/wp-json\/wp\/v2\/categories?post=179207"},{"taxonomy":"post_tag","embeddable":true,"href":"https:\/\/cdnoticias.com\/index.php\/wp-json\/wp\/v2\/tags?post=179207"}],"curies":[{"name":"wp","href":"https:\/\/api.w.org\/{rel}","templated":true}]}}