{"id":179122,"date":"2025-08-10T19:04:29","date_gmt":"2025-08-10T22:04:29","guid":{"rendered":"https:\/\/cdnoticias.com\/?p=179122"},"modified":"2025-08-10T21:51:30","modified_gmt":"2025-08-11T00:51:30","slug":"hay-clima-de-campana","status":"publish","type":"post","link":"https:\/\/cdnoticias.com\/index.php\/2025\/08\/10\/hay-clima-de-campana\/","title":{"rendered":"\u00bfHay clima de campa\u00f1a?"},"content":{"rendered":"<p>El inicio formal del camino a las elecciones bonaerenses, la agenda municipal y de sectores opositores. La marcha de San Cayetano: el trabajo, una preocupaci\u00f3n local. Adem\u00e1s, la auditor\u00eda de ANDIS: no hubo pedido de sesi\u00f3n especial del Pro.<!--more--><\/p>\n<hr \/>\n<p><em>Volver a las Fuentes \/ Por Alexis Grierson y Josefina Bargas<\/em><\/p>\n\n\n<p class=\"has-large-font-size\"><strong>Tudu bom, tudu legal<\/strong><\/p>\n\n\n<p><strong>Oficialmente estamos de campa\u00f1a. Es una campa\u00f1a rara, ser\u00e1 bastante fugaz<\/strong> -un mes, menos si lo contamos desde hoy- y separadas de las nacionales. As\u00ed nos preparamos para unas legislativas at\u00edpicas, desde las fechas, el desdoblamiento\u2026y tambi\u00e9n la reconfiguraci\u00f3n de lugares de votaci\u00f3n.<\/p>\n<p>\u00bfSe acuerdan que la semana pasada algo les dijimos? Bueno, esta semana <strong>el juez federal con competencia electoral, Alejo Ramos Padilla, blanque\u00f3 que hubo important\u00edsimos cambios en los padrones<\/strong> electorales: 8 de cada 10 vecinos, en promedio, tuvo cambios en la votaci\u00f3n.<\/p>\n<p><strong>Hasta el gobernador Kicillof emiti\u00f3 una nota pidiendo explicaciones<\/strong>, dado que la primera interpretaci\u00f3n fue l\u00f3gica: de por s\u00ed no hay un \u00e1nimo a ir a votar, con cambios en los padrones -buena parte de los vecinos ni siquiera lo busca, van al \u00faltimo lugar donde votaron- esto ser\u00eda un motivo m\u00e1s para alejarse de las urnas.<\/p>\n<p>Lo concreto es que Ramos Padilla se\u00f1al\u00f3 que se trata de una <strong>reconfiguraci\u00f3n para que la gente \u201cvote en lugares m\u00e1s cercanos\u201d<\/strong> pero es una generalidad, no es algo que le pase a todos. Nosotros nos preguntamos si lo hicieron con el chat GPT en la versi\u00f3n gratuita. Pero igualmente, lo aconsejable en estos casos es ir a la p\u00e1gina del padr\u00f3n electoral bonaerense y buscarse.<\/p>\n<p><img data-recalc-dims=\"1\" loading=\"lazy\" decoding=\"async\" class=\"alignnone size-full wp-image-100123 aligncenter\" src=\"https:\/\/i0.wp.com\/cdnoticias.com\/wp-content\/uploads\/2023\/10\/elecciones-2023-padron-00.jpg?resize=800%2C445&#038;ssl=1\" alt=\"\" width=\"800\" height=\"445\" srcset=\"https:\/\/i0.wp.com\/cdnoticias.com\/wp-content\/uploads\/2023\/10\/elecciones-2023-padron-00.jpg?w=1000&amp;ssl=1 1000w, https:\/\/i0.wp.com\/cdnoticias.com\/wp-content\/uploads\/2023\/10\/elecciones-2023-padron-00.jpg?resize=300%2C167&amp;ssl=1 300w, https:\/\/i0.wp.com\/cdnoticias.com\/wp-content\/uploads\/2023\/10\/elecciones-2023-padron-00.jpg?resize=768%2C427&amp;ssl=1 768w, https:\/\/i0.wp.com\/cdnoticias.com\/wp-content\/uploads\/2023\/10\/elecciones-2023-padron-00.jpg?resize=800%2C445&amp;ssl=1 800w\" sizes=\"auto, (max-width: 800px) 100vw, 800px\" \/><\/p>\n<p>En todas estas rarezas, otra de las particularidades es que <strong>las listas se oficializaron apenas horas antes del inicio formal de la campa\u00f1a<\/strong>: con suspenso, Fuerza Patria apareci\u00f3 en la n\u00f3mina de Olavarr\u00eda reci\u00e9n este s\u00e1bado. Se tomaron su tiempo para cargarlo \u2026 en total, <strong>ser\u00e1n 9 listas locales y 13 seccionales<\/strong> las que participar\u00e1n.<\/p>\n<p>Un dato a tener en cuenta es que de esas <strong>9, s\u00f3lo 1 ir\u00e1 en boleta corta con candidatos locales. Y adem\u00e1s otras 5 boletas ser\u00e1n cortas pero del otro segmento<\/strong>, es decir, de s\u00f3lo de senadores provinciales.<\/p>\n<p><em>Partido Libertario, Alianza Potencia, Alianza La Libertad Avanza, Frente de Izquierda de los Trabajadores &#8211; Unidad, Fuerza Patria, Somos Buenos Aires, Uni\u00f3n Liberal, Uni\u00f3n y Libertad y Partido Integrar<\/em>. \u00bfEl dato? Las PASO en sus 14 a\u00f1os de aplicaci\u00f3n lograron <strong>unificar los partidos de Izquierda en general, mientras que abundan los espacios que podr\u00edamos ubicarlos \u201ca la derecha\u201d<\/strong> en t\u00e9rminos ideol\u00f3gicos.<\/p>\n<p>S\u00ed, hay que realizar esa salvedad basados en el contexto, pero es interesante el florecimiento de <strong>varios frentes liberales o libertarios<\/strong> que predominan la oferta electoral para los ciudadanos.<\/p>\n<p><em>Leonardo Yunger Sarrasqueta, Nicol\u00e1s Zampini, Bel\u00e9n Vergel, Agust\u00edn Mestralet, Gustavo Alejandro Torrisi, Silvina Andrea Echeverr\u00eda, Sergio Alberto Romero, Mario \u00c1ngel Tordelli y Alexander Aquila<\/em> son las cabeza de listas locales que veremos en los cuartos oscuros de las escuelas del Partido.<\/p>\n<p>Obviamente, no podemos dejar de mencionar que <strong>se cay\u00f3 la lista que encabezaba a nivel local Jos\u00e9 Eseverri<\/strong> y que ten\u00eda a una candidata \u201crepetida\u201d en Fuerza Patria, Telma Cazot. Se trataba de una lista que present\u00f3 en un momento del cierre de listas Movimiento Derecho al Futuro (o el kicillofismo) ante la falta de acuerdo interno del peronismo. Estaba claro que al haber llegado a un acuerdo, Kicillof pedir\u00eda bajar todas las listas de los territorios excepto en ciertos lugares donde el cierre fue \u201cdif\u00edcil\u201d. En Olavarr\u00eda no fue el caso y m\u00e1s all\u00e1 de las rispideces propias de un cierre de listas, la lista se baj\u00f3 tal como se esperaba.<\/p>\n\n\n<p class=\"has-large-font-size\"><strong>\u00bfY c\u00f3mo arranc\u00f3 la campa\u00f1a?<\/strong><\/p>\n\n\n<p>Deber\u00edamos hacer una pregunta inicial: <strong>\u00bfarranc\u00f3 la campa\u00f1a? S\u00ed, arranc\u00f3 y con poco movimiento del que conocemos tradicionalmente<\/strong>. Ser\u00e1 una campa\u00f1a que ganar\u00e1 en visibilidad de aqu\u00ed al 7 de septiembre pero en l\u00edneas generales ser\u00e1 la denominada<strong> \u201ccuerpo a cuerpo\u201d donde la militancia y el territorio prevalecer\u00e1n por otras iniciativas<\/strong>. \u00bfActos grandes? Dif\u00edcil, o una forma distinta de mostrar masividad.<\/p>\n<p><strong>Fuerza Patria, por ejemplo, muestra su extensi\u00f3n territorial todos los s\u00e1bados en las recorridas<\/strong> encabezadas por el <strong>intendente Wesner y los primeros candidatos a concejal, Leonardo Yunger y Luc\u00eda Palacios<\/strong>. En ciertas actividades la lista se extiende a Juani Moreno, Telma Cazot y Gast\u00f3n Sarachu, en otras el protagonismo excluyente lo tiene Yunger. <em>Este s\u00e1bado estuvieron en un sector ubicado en ruta 60 y Col\u00f3n donde adem\u00e1s se mostr\u00f3 la obra de alumbrado p\u00fablico recientemente terminada.<\/em><\/p>\n<p><img data-recalc-dims=\"1\" loading=\"lazy\" decoding=\"async\" class=\"alignnone size-full wp-image-178967 aligncenter\" src=\"https:\/\/i0.wp.com\/cdnoticias.com\/wp-content\/uploads\/2025\/08\/vivienda3.jpg?resize=800%2C529&#038;ssl=1\" alt=\"\" width=\"800\" height=\"529\" srcset=\"https:\/\/i0.wp.com\/cdnoticias.com\/wp-content\/uploads\/2025\/08\/vivienda3.jpg?w=900&amp;ssl=1 900w, https:\/\/i0.wp.com\/cdnoticias.com\/wp-content\/uploads\/2025\/08\/vivienda3.jpg?resize=300%2C198&amp;ssl=1 300w, https:\/\/i0.wp.com\/cdnoticias.com\/wp-content\/uploads\/2025\/08\/vivienda3.jpg?resize=768%2C508&amp;ssl=1 768w\" sizes=\"auto, (max-width: 800px) 100vw, 800px\" \/><\/p>\n<p><strong>El oficialismo local parece ser el \u00fanico espacio en campa\u00f1a abiertamente<\/strong>. Sostiene esta actividad semanal desde hace ya varias semanas y, recordamos, es un esquema similar de actividades a las que plantearon en 2023.<\/p>\n<p>En paralelo, se dio a conocer que <strong>Wesner, autoridades educativas y los candidatos estuvieron en un encuentro con unos 250 docentes, no docentes y auxiliares de educaci\u00f3n<\/strong> para avanzar en la <a href=\"https:\/\/cdnoticias.com\/index.php\/2025\/08\/09\/politicas-publicas-encuentro-de-educacion-con-mas-de-250-asistentes\/\" target=\"_blank\" rel=\"noopener\">evaluaci\u00f3n de pol\u00edticas p\u00fablicas para el sector<\/a>. La reuni\u00f3n se present\u00f3 como \u201cde puesta en valor\u201d de gestiones municipales e incluy\u00f3 \u201cdi\u00e1logo y debate\u201d. En esa l\u00ednea, tambi\u00e9n debe resaltarse que <strong>durante la semana se anunciaron importantes obras para distintas escuelas<\/strong>, con licitaci\u00f3n en marcha y como presentaci\u00f3n de proyecto.<\/p>\n<p><strong>Otro anuncio destacado de los \u00faltimos d\u00edas, fue en materia de vivienda<\/strong>: se presentaron <a href=\"https:\/\/cdnoticias.com\/index.php\/2025\/08\/08\/se-presento-el-programa-municipal-de-viviendas-con-asistencia-tecnica-y-financiera\/\" target=\"_blank\" rel=\"noopener\">los primeros 56 beneficiarios del programa de entrega de materiales de construcci\u00f3n<\/a>. Es una iniciativa que alcanza primero a quienes tienen los lotes de FISU (detr\u00e1s del barrio Coronel Dorrego) y que se extender\u00e1 a otros vecinos adjudicatarios de lotes en otros puntos del distrito. Con la entrega de materiales los beneficiarios se comprometen a la devoluci\u00f3n en cuotas y, esos fondos, retroalimentan el programa para su continuidad. A su vez, Wesner resalt\u00f3 que tambi\u00e9n beneficia a los proveedores locales de materiales de construcci\u00f3n.<\/p>\n<p><img data-recalc-dims=\"1\" loading=\"lazy\" decoding=\"async\" class=\"alignnone size-full wp-image-178971\" src=\"https:\/\/i0.wp.com\/cdnoticias.com\/wp-content\/uploads\/2025\/08\/vivienda7.jpg?resize=800%2C563&#038;ssl=1\" alt=\"\" width=\"800\" height=\"563\" srcset=\"https:\/\/i0.wp.com\/cdnoticias.com\/wp-content\/uploads\/2025\/08\/vivienda7.jpg?w=878&amp;ssl=1 878w, https:\/\/i0.wp.com\/cdnoticias.com\/wp-content\/uploads\/2025\/08\/vivienda7.jpg?resize=300%2C211&amp;ssl=1 300w, https:\/\/i0.wp.com\/cdnoticias.com\/wp-content\/uploads\/2025\/08\/vivienda7.jpg?resize=768%2C541&amp;ssl=1 768w\" sizes=\"auto, (max-width: 800px) 100vw, 800px\" \/><\/p>\n<p>Por otro lado,<strong> Somos Buenos Aires (o Somos Olavarr\u00eda) tambi\u00e9n sali\u00f3 fuerte a caminar las calles y recorrer comercios locales<\/strong> priorizando el conocimiento que tienen sus candidatos en l\u00edneas generales pero en sus especificidades, como Karina Ostertag en lo cultural y art\u00edstico y \u201cBachi\u201d Casta\u00f1ares en el turismo y el ciclismo. Ya plantearon algunos temas -caminos rurales en voz de Sebasti\u00e1n Matrella- y el escenario de tercios puede ganar protagonismo en lo local.<\/p>\n<p><strong>\u00bfY La Libertad Avanza? El intento por nacionalizar la campa\u00f1a tuvo un fuerte hito esta semana<\/strong>, con una foto de Javier Milei y todos sus primeros candidatos a senadores seccionales en La Matanza con un <strong>pol\u00e9mico -rozando lo repudiable- slogan de campa\u00f1a: \u201cKirchnerismo nunca m\u00e1s\u201d<\/strong> haciendo alusi\u00f3n a la frase s\u00edmbolo del rechazo al terrorismo de Estado y utilizada en el alegato final del fiscal Julio Strassera durante el juicio a las juntas militares.<\/p>\n<p>M\u00e1s all\u00e1 de este tema, la imagen fue el <strong>lanzamiento del espacio tambi\u00e9n en Olavarr\u00eda<\/strong>: l<em>os primeros cuatro candidatos se presentaron en las redes sociales del espacio con una peque\u00f1a descripci\u00f3n: se trata de Zampini, Eugenia Dumerauf, Marcelino Quinteros Videla y Luciana Islas<\/em>.<\/p>\n<p>De todas maneras, <strong>la b\u00fasqueda de nacionalizar la campa\u00f1a se sostiene: Ezequiel Galli<\/strong>, ex intendente y tercer candidato a senador del movimiento libertario comparti\u00f3 la imagen de Milei y se muestra como <strong>una figura un poco m\u00e1s \u201cindependiente\u201d de la campa\u00f1a libertaria<\/strong>. La paradoja de sus publicaciones es que no recibe adhesiones de sus compa\u00f1eros de militancia o incluso del bloque que lo tiene como referencia en el HCD. Son detalles que no hacen al hecho, pero que siempre vale la pena mencionar.<\/p>\n<p>El resto de los espacios, con m\u00e1s o menos herramientas, tambi\u00e9n intentan posicionarse en la agenda local o nacional, dependiendo las estrategias para buscar adhesiones ciudadanas. El que quiz\u00e1s se muestra<strong> m\u00e1s local -al 100%, podr\u00edamos decir- es Alexander Aquila<\/strong>, que plantea tem\u00e1ticas y situaciones que afectan a los olavarrienses. \u00bfEl \u00faltimo tema que busc\u00f3 sentar postura? Caminos rurales.<\/p>\n<p>Por \u00faltimo, una menci\u00f3n porque es un tema del que habr\u00e1 m\u00e1s novedades la semana pr\u00f3xima: <strong>la Facultad de Ingenier\u00eda fij\u00f3 fecha para el 27 de agosto para el debate de candidatos<\/strong>. <a href=\"https:\/\/cdnoticias.com\/index.php\/2025\/08\/06\/elecciones-en-olavarria-la-facultad-de-ingenieria-anuncio-el-debate-de-candidatos\/\" target=\"_blank\" rel=\"noopener\">Este lunes har\u00e1n el lanzamiento formal<\/a>.<\/p>\n\n\n<p class=\"has-large-font-size\"><strong>Y viene Kicillof<\/strong><\/p>\n\n\n<p><strong>Ser\u00e1 este mi\u00e9rcoles<\/strong> -siempre que el clima lo acompa\u00f1e, todos sabemos c\u00f3mo es esto- y el Gobernador dir\u00e1 presente para <strong>marcar su presencia en la S\u00e9ptima Secci\u00f3n Electoral<\/strong> en la campa\u00f1a provincial.<\/p>\n<p>Se prev\u00e9, seg\u00fan trascendi\u00f3 de su agenda, que <strong>estar\u00e1 primero en Azul donde recorrer\u00e1 obras y se mostrar\u00e1 con los candidatos del espacio<\/strong> (la primera candidata a senadora de Fuerza Patria es azule\u00f1a, Mar\u00eda In\u00e9s Laurini) y luego vendr\u00e1n a Olavarr\u00eda donde se estima una agenda con tres grandes actividades.<\/p>\n<p><img data-recalc-dims=\"1\" loading=\"lazy\" decoding=\"async\" class=\"alignnone size-full wp-image-169379 aligncenter\" src=\"https:\/\/i0.wp.com\/cdnoticias.com\/wp-content\/uploads\/2025\/04\/fondo-de-seguridad-municipal-wesner-kicillof-B.jpg?resize=800%2C445&#038;ssl=1\" alt=\"\" width=\"800\" height=\"445\" srcset=\"https:\/\/i0.wp.com\/cdnoticias.com\/wp-content\/uploads\/2025\/04\/fondo-de-seguridad-municipal-wesner-kicillof-B.jpg?w=1000&amp;ssl=1 1000w, https:\/\/i0.wp.com\/cdnoticias.com\/wp-content\/uploads\/2025\/04\/fondo-de-seguridad-municipal-wesner-kicillof-B.jpg?resize=300%2C167&amp;ssl=1 300w, https:\/\/i0.wp.com\/cdnoticias.com\/wp-content\/uploads\/2025\/04\/fondo-de-seguridad-municipal-wesner-kicillof-B.jpg?resize=768%2C427&amp;ssl=1 768w, https:\/\/i0.wp.com\/cdnoticias.com\/wp-content\/uploads\/2025\/04\/fondo-de-seguridad-municipal-wesner-kicillof-B.jpg?resize=800%2C445&amp;ssl=1 800w\" sizes=\"auto, (max-width: 800px) 100vw, 800px\" \/><\/p>\n<p>No est\u00e1n ordenadas ni tuvimos acceso pero se adelant\u00f3 que habr\u00e1 una<strong> \u201cgran entrega de escrituras\u201d<\/strong> que podr\u00eda generar una importante convocatoria; tambi\u00e9n<strong> se recorrer\u00eda la obra del Polo Judicial<\/strong> -que est\u00e1 en una avanzada etapa, seg\u00fan lo que se puede ver desde afuera del edificio ubicado en Bol\u00edvar y 25 de Mayo- y Kicillof podr\u00eda tener participaci\u00f3n en la p<strong>robable entrega de las primeras viviendas del barrio CECO III.<\/strong><\/p>\n<p>No es casual, de hecho, que en un emotivo acto d\u00edas atr\u00e1s el CECO realiz\u00f3 el <a href=\"https:\/\/cdnoticias.com\/index.php\/2025\/08\/08\/barrio-ceco-iii-se-realizo-el-sorteo-de-las-primeras-45-viviendas\/\" target=\"_blank\" rel=\"noopener\">sorteo de las primeras 45 viviendas<\/a>. Es decir, hay 45 familias que saben d\u00f3nde vivir\u00e1n. Teniendo en cuenta el rol del Instituto de la Vivienda y que Kicillof ya las recorri\u00f3, es probable que forme parte de una entrega \u2026 en su visita a la ciudad.<\/p>\n<p>Tambi\u00e9n se descuenta que <strong>se mostrar\u00e1 junto al intendente Wesner, a los candidatos locales y restar\u00e1 ver la participaci\u00f3n de otros jefes comunales de la Secci\u00f3n<\/strong> -Gustavo Cocconi, por ejemplo- y la presencia de Marcos Pisano que adem\u00e1s de ser el jefe comunal de Bol\u00edvar es el segundo candidato a senador de Fuerza Patria. Evelyn D\u00edaz, olavarriense, completa la n\u00f3mina seccional del oficialismo bonaerense.<\/p>\n\n\n<p class=\"has-large-font-size\"><strong>Que nos ayude San Cayetano<\/strong><\/p>\n\n\n<p>El mi\u00e9rcoles fue el <strong>d\u00eda de la celebraci\u00f3n de San Cayetano, patrono del trabajo y el pan<\/strong>. En un contexto muy particular para Olavarr\u00eda dicha fecha toma un significado distinto, y se busc\u00f3 replicar -con \u00e9xito- una nueva <strong>procesi\u00f3n desde el centro de la ciudad hasta la Parroquia ubicada en Barrio CECO I<\/strong>.<\/p>\n<p>Encabezando la procesi\u00f3n <strong>estuvo el intendente Wesner y el candidato a concejal Leonardo Yunger<\/strong> acompa\u00f1ados en todo momento por el titular de la parroquia, Marcos Picaroni. Detr\u00e1s de ellos una importante convocatoria: algunos quedaron rezagados en el camino y otros llegaron a sumarse a la <strong>important\u00edsima manifestaci\u00f3n de fieles<\/strong> que aguardaban con la imagen de San Cayetano para celebrar una de las cuatro misas programadas para la fecha.<\/p>\n<p><img data-recalc-dims=\"1\" loading=\"lazy\" decoding=\"async\" class=\"alignnone size-full wp-image-178798\" src=\"https:\/\/i0.wp.com\/cdnoticias.com\/wp-content\/uploads\/2025\/08\/peregrinacion-san-cayetano-olavarria-agosto-7-2025-5.jpg?resize=800%2C580&#038;ssl=1\" alt=\"\" width=\"800\" height=\"580\" srcset=\"https:\/\/i0.wp.com\/cdnoticias.com\/wp-content\/uploads\/2025\/08\/peregrinacion-san-cayetano-olavarria-agosto-7-2025-5.jpg?w=889&amp;ssl=1 889w, https:\/\/i0.wp.com\/cdnoticias.com\/wp-content\/uploads\/2025\/08\/peregrinacion-san-cayetano-olavarria-agosto-7-2025-5.jpg?resize=300%2C217&amp;ssl=1 300w, https:\/\/i0.wp.com\/cdnoticias.com\/wp-content\/uploads\/2025\/08\/peregrinacion-san-cayetano-olavarria-agosto-7-2025-5.jpg?resize=768%2C556&amp;ssl=1 768w\" sizes=\"auto, (max-width: 800px) 100vw, 800px\" \/><\/p>\n<p>Nuevamente, <strong>la columna del Movimiento de Trabajadores Excluidos (MTE) fue la m\u00e1s importante de la movilizaci\u00f3n<\/strong>: un espacio que pone al trabajo como uno de los valores primordiales de su agrupaci\u00f3n, su lucha y las diversas conquistas que lograron en Olavarr\u00eda. De intentar agrupar cartoneros a fundar una cooperativa que hoy gestiona los destinos del Programa GIRO, sumado a la diversidad de cooperativas y grupos de trabajo que se desempe\u00f1an en nuestra ciudad.<\/p>\n<p>M\u00e1s all\u00e1 de la cuesti\u00f3n pol\u00edtica de la marcha, <strong>las historias en la Parroquia exponen, y preocupan, sobre la situaci\u00f3n laboral de Olavarr\u00eda<\/strong>. En las \u00faltimas semanas <strong>los despidos se multiplicaron<\/strong> y m\u00e1s all\u00e1 de que la cuesti\u00f3n laboral se profundiz\u00f3, hay dos fen\u00f3menos que habr\u00e1 que prestarle mucha atenci\u00f3n.<\/p>\n<p>Por un lado, <strong>la enorme dificultad que implica acceder a un nuevo trabajo tras un despido<\/strong>. Hay una mayor cantidad de gente buscando trabajar \u201cdonde sea\u201d porque no obtiene resultados en su especialidad, en su profesi\u00f3n o vocaci\u00f3n. Lo segundo tambi\u00e9n deja abierta una preocupaci\u00f3n latente: quienes logran acceder a un nuevo trabajo, en su enorme mayor\u00eda son por peores condiciones que las que ten\u00edan en su trabajo anterior. Es decir,<strong> la precarizaci\u00f3n se profundiza<\/strong>: o prefieren ser contratados en negro, o por menor salario, o por menor salario y mayores tareas. La idea es trabajar.<\/p>\n<p>Ese mismo mi\u00e9rcoles incluso se dieron dos situaciones particulares: <strong>se inaugur\u00f3 una nueva empresa ubicada en ruta 226<\/strong>, a la que estuvo invitado el Intendente y no pudo asistir por la demora que implic\u00f3 la procesi\u00f3n de San Cayetano. M\u00e1s all\u00e1 de que la intenci\u00f3n del jefe comunal es siempre estar, se dio un simbolismo: <strong>Wesner \u201celigi\u00f3\u201d a los fieles que agradecen o asisten a pedir trabajo que acompa\u00f1ar al sector que lo brinda.<\/strong><\/p>\n<p>Esta semana tambi\u00e9n <strong>se homolog\u00f3 un acuerdo paritario para empleadas y empleados de comercio<\/strong> que <a href=\"https:\/\/cdnoticias.com\/index.php\/2025\/08\/08\/se-homologo-el-aumento-salarial-para-empleados-y-empleadas-de-comercio\/\" target=\"_blank\" rel=\"noopener\">ser\u00e1 del 6% de aumento para el tramo julio-diciembre<\/a> y se ratific\u00f3 el acuerdo de abril con incrementos del 5,4% m\u00e1s bonos. Es decir, esa suma no remunerativa significar\u00e1 $35.000 en abril y $40.000 de mayo a diciembre.<\/p>\n<p><img data-recalc-dims=\"1\" loading=\"lazy\" decoding=\"async\" class=\"alignnone size-full wp-image-124547 aligncenter\" src=\"https:\/\/i0.wp.com\/cdnoticias.com\/wp-content\/uploads\/2024\/09\/ceco-santellan-vicepresidencia.png?resize=800%2C430&#038;ssl=1\" alt=\"\" width=\"800\" height=\"430\" srcset=\"https:\/\/i0.wp.com\/cdnoticias.com\/wp-content\/uploads\/2024\/09\/ceco-santellan-vicepresidencia.png?w=896&amp;ssl=1 896w, https:\/\/i0.wp.com\/cdnoticias.com\/wp-content\/uploads\/2024\/09\/ceco-santellan-vicepresidencia.png?resize=300%2C161&amp;ssl=1 300w, https:\/\/i0.wp.com\/cdnoticias.com\/wp-content\/uploads\/2024\/09\/ceco-santellan-vicepresidencia.png?resize=768%2C413&amp;ssl=1 768w\" sizes=\"auto, (max-width: 800px) 100vw, 800px\" \/><\/p>\n<p>A eso le sumamos declaraciones del <strong>secretario general del CECO, Miguel Santell\u00e1n<\/strong>, quien sostuvo en Radio Olavarr\u00eda que desde el gremio<strong> \u201cno estamos en conformidad con el acuerdo, el salario no alcanza a llegar a fin de mes.<\/strong> Las circunstancias hacen que tengamos que acordar. La m\u00ednima aspiraci\u00f3n de un trabajador es llegar a fin de mes y el trabajador no llega\u201d.<\/p>\n<p>Un empresario y reconocido dirigente local mostr\u00f3 mucha preocupaci\u00f3n por el acuerdo salarial alcanzado. En di\u00e1logo con este newsletter se lament\u00f3 que <strong>\u201ces nada\u201d y agreg\u00f3: \u201cno se puede pedir m\u00e1s porque los comercios est\u00e1n cerrando<\/strong>, vas a un callej\u00f3n sin salida y es el gremio m\u00e1s grande del pa\u00eds\u201d. Y avizor\u00f3 que<strong> lo que venga despu\u00e9s de octubre \u201ces muy, muy preocupante\u201d.<\/strong><\/p>\n<p>Esa mirada hacia adelante despu\u00e9s de octubre es de preocupaci\u00f3n por la mayor\u00eda de los sectores. Durante la semana recibimos <strong>datos y apreciaciones de diferentes \u00e1mbitos en ese sentido. Inicialmente, el sector financiero<\/strong> muestra que se profundizan los indicadores de alarma con el <strong>aumento del \u00edndice de incobrabilidad<\/strong>.<\/p>\n\n\n<p class=\"has-large-font-size\"><strong>\u201cLos expedientes en cuesti\u00f3n no est\u00e1n objetados por ANDIS\u201d<\/strong><\/p>\n\n\n<p><a href=\"https:\/\/cdnoticias.com\/index.php\/2025\/08\/03\/polarizacion-y-participacion-dudas-en-la-previa-de-la-campana\/\" target=\"_blank\" rel=\"noopener\">Tras la pol\u00e9mica<\/a> por las <strong>supuestas irregularidades en la renovaci\u00f3n de los Certificados \u00danicos de Discapacidad<\/strong> que involucraban a dos funcionarios -uno municipal y uno provincial- <strong>la Agencia Nacional de Discapacidad (ANDIS) visit\u00f3 Olavarr\u00eda para hacer una auditor\u00eda en el Municipio<\/strong> y certificar -o no- estas supuestas irregularidades.<\/p>\n<p>Solo hubo una <a href=\"https:\/\/cdnoticias.com\/index.php\/2025\/08\/05\/la-agencia-nacional-de-discapacidad-realizo-una-auditoria-en-el-municipio-y-ratificaron-que-no-hubo-irregularidades\/\" target=\"_blank\" rel=\"noopener\">comunicaci\u00f3n oficial del Municipio<\/a> -que se sobreentiende fue en acuerdo con ANDIS- en la que dejaron en claro que<strong> \u201cno hay pruebas suficientes para realizar una denuncia formal\u201d<\/strong>&#8211; y que <strong>los expedientes no estaban objetados por la Agencia.<\/strong><\/p>\n<p>\u201cSe conversa sobre <strong>los criterios de atenci\u00f3n y priorizaci\u00f3n para la evaluaci\u00f3n de los CUD vencidos que asume la Direcci\u00f3n Municipal, resultando validados por ANDIS\u201d<\/strong> indicaron. Un dato no menor que inform\u00f3 es que actualmente no hay lista de espera de personas con pr\u00f3rroga de CUD vencidas que deben renovar.<\/p>\n<p>Tambi\u00e9n se explic\u00f3 <strong>el uso de la modalidad virtual, algo \u201cv\u00e1lido\u201d que \u201creafirma ANDIS<\/strong> y alcanzan copia de la resoluci\u00f3n que as\u00ed lo estipula (Resoluci\u00f3n 106\/2020)\u201d. <em>\u201cPor parte de ANDIS se comenta que el procedimiento realizado est\u00e1 validado y que las Juntas pueden seguir trabajando\u201d<\/em> se agreg\u00f3.<\/p>\n<p>Este punto es clave, porque justamente fueron los dos casos se\u00f1alados como irregulares. La resoluci\u00f3n, emitida durante la pandemia, permite la realizaci\u00f3n de <strong>procedimientos de renovaci\u00f3n por videollamada, y si bien el texto es bastante ambiguo, legalmente no se encontr\u00f3<\/strong> -al menos en la b\u00fasqueda de este newsletter- <strong>una fecha que marque el final de esa modalidad de uso.<\/strong><\/p>\n<p>Si, hay que decir, que la normativa citada se\u00f1ala que el formato videollamada es \u201cdurante el aislamiento social preventivo y obligatorio\u201d pero como dec\u00edamos despu\u00e9s <strong>entra en una serie de abstracciones y ambig\u00fcedades que no dejan en claro su final<\/strong>. Tal es as\u00ed, que nunca lo marca directamente. El tristemente c\u00e9lebre ASPO fue prorrogado en varias oportunidades y el sistema implementado por ANDIS, nunca derogado.<\/p>\n<p>Con esto, al menos en los movimientos legislativos que siguieron, finalmente <strong>se decidi\u00f3 no convocar a una sesi\u00f3n especial para indagar sobre el tema ni tampoco realizar una denuncia formal<\/strong>. Pero, en principio, no ser\u00e1 el final del asunto: este newsletter logr\u00f3 saber, s\u00ed, que <strong>se buscaba presentar un proyecto vinculado al tema en la pr\u00f3xima sesi\u00f3n del Concejo Deliberante<\/strong> -que saldr\u00e1 del PRO- y que buscar\u00e1 ahondar en informaci\u00f3n de la auditor\u00eda. Por ejemplo, <em>tener acceso a las actas de dicha reuni\u00f3n e incluso conocer quienes realizaron dicho control desde la Agencia Nacional.<\/em><\/p>\n\n\n<p class=\"has-large-font-size\"><strong>Hay m\u00e1s<\/strong><\/p>\n\n\n<p><strong>Wesner en el &#8220;operativo clamor&#8221; por M\u00e1ximo Kirchner<\/strong>. Intendentes camporistas bonaerenses pidieron que el hoy diputado (tiene mandato hasta 2027) encabece la lista provincial de candidatos a diputados nacionales del peronismo para las elecciones del 26 de octubre. <a href=\"https:\/\/cdnoticias.com\/index.php\/2025\/08\/09\/maximiliano-wesner-tambien-pidio-por-la-candidatura-a-diputado-de-maximo-kirchner\/\" target=\"_blank\" rel=\"noopener\">El intendente local se expres\u00f3 en la red X<\/a>: &#8220;Por su historia, por plantarse frente a lo que no iba, por defender los valores de la justicia social y la soberan\u00eda, por el presente y por el futuro\u201d argument\u00f3.<\/p>\n<p><strong>Los Palmares en la comisi\u00f3n de Infraestructura<\/strong>. Para el lunes en el HCD est\u00e1n citados los propietarios del fideicomiso que tiene los terrenos. Hasta donde pudimos saber, no hab\u00eda confirmaci\u00f3n de asistencia. La comisi\u00f3n est\u00e1 en el tramo final de su tratamiento del expediente ya que quedan pocos pasos para dar curso a la siguiente comisi\u00f3n.<\/p>\n<p><strong>Movilizaci\u00f3n en defensa de la atenci\u00f3n para discapacidad<\/strong>. El martes por la tarde cerca de un centenar de personas se manifestaron en repudio al veto del presidente Javier Milei de la Ley que declaraba la Emergencia en Discapacidad. Se\u00f1alaron que la situaci\u00f3n es cr\u00edtica para todo el sector, tanto para las personas con discapacidad, sus familias y trabajadores y acompa\u00f1antes terap\u00e9uticos. \u201cNo podemos permitir que solo puedan atenderse quienes puedan pagar\u201d sostuvieron los acompa\u00f1antes terap\u00e9uticos, que hab\u00edan convocado a la protesta.<\/p>\n<p><strong>Segunda movilizaci\u00f3n en pedido de justicia por Gonzalo Tamame<\/strong>. Tambi\u00e9n fue el martes cuando familiares y amigos del joven fallecido en la Comisar\u00eda Primera se concentr\u00f3 en el Paseo Jes\u00fas Mend\u00eda y desde all\u00ed marcharon para visibilizar el reclamo. Ese d\u00eda por la ma\u00f1ana volvi\u00f3 el vallado a la cuadra de la seccional, aunque la marcha vit\u00f3 acercarse a esa zona. Pidieron la prisi\u00f3n para los 10 polic\u00edas investigados y que \u201cpaguen\u201d por el hecho. La familia Tamame inform\u00f3 que pedir\u00e1n \u201cuna segunda autopsia\u201d al cuerpo y tambi\u00e9n se cuestion\u00f3 a Wesner: \u201cni una respuesta nos dio\u201d.<\/p>\n<p><strong>Manifestaci\u00f3n en defensa de la ciencia.<\/strong> En Olavarr\u00eda, los investigadores del CONICET se sumaron a la movida nacional de 48 horas de reclamo por financiamiento de la educaci\u00f3n universitaria y en protesta por la falta de resoluci\u00f3n sobre las becas, las contrataciones y el futuro del personal cient\u00edfico. Estuvieron en Del Valle y La Rioja el mi\u00e9rcoles y jueves donde <a href=\"https:\/\/cdnoticias.com\/index.php\/2025\/08\/07\/ruidazo-en-defensa-de-la-ciencia-la-investigacion-nacional-es-prioritaria\/\" target=\"_blank\" rel=\"noopener\">la manifestaci\u00f3n no fue muy numerosa, aunque s\u00ed se destac\u00f3 el apoyo de la comunidad<\/a>. El primer d\u00eda entregaron stickers de la estrellita viral de la expedici\u00f3n submarina.<\/p>\n<p><strong>Paro docente universitario<\/strong>. <a href=\"https:\/\/cdnoticias.com\/index.php\/2025\/07\/30\/universidades-semana-de-paro-y-plan-de-lucha-para-el-inicio-del-segundo-cuatrimestre\/\" target=\"_blank\" rel=\"noopener\">CONADU decidi\u00f3 paro total de actividades del 11 al 15 de agosto<\/a> en el marco del debate por la Ley de Presupuesto Universitario. Hay adhesi\u00f3n de los sindicatos de docentes y de no docentes de Unicen.<\/p>\n\n\n<p class=\"has-large-font-size\"><strong>El newsletter<\/strong><\/p>\n\n\n\n<p>Esta publicaci\u00f3n es la <a href=\"https:\/\/mailchi.mp\/19c746dcde3f\/hay-clima-de-campaa?e=e4ffb04d40\">edici\u00f3n de este domingo del newsletter Volver a las Fuentes<\/a> que escriben Alexis Grierson y Josefina Bargas.<a href=\"https:\/\/linktr.ee\/volveralasfuentes\"> Tiene un sistema de suscripci\u00f3n econ\u00f3mica y aportes \u00fanicos al que se puede acceder aqu\u00ed.<\/a><\/p>\n\n\n\n<p><\/p>\n","protected":false},"excerpt":{"rendered":"<p>El inicio formal del camino a las elecciones bonaerenses, la agenda municipal y de sectores opositores. La marcha de San<\/p>\n","protected":false},"author":4,"featured_media":178801,"comment_status":"closed","ping_status":"closed","sticky":false,"template":"","format":"standard","meta":{"_jetpack_memberships_contains_paid_content":false,"footnotes":""},"categories":[4,1],"tags":[],"class_list":["post-179122","post","type-post","status-publish","format-standard","has-post-thumbnail","hentry","category-politica","category-portada"],"jetpack_featured_media_url":"https:\/\/i0.wp.com\/cdnoticias.com\/wp-content\/uploads\/2025\/08\/peregrinacion-san-cayetano-olavarria-agosto-7-2025-8.jpg?fit=859%2C608&ssl=1","jetpack_sharing_enabled":true,"_links":{"self":[{"href":"https:\/\/cdnoticias.com\/index.php\/wp-json\/wp\/v2\/posts\/179122","targetHints":{"allow":["GET"]}}],"collection":[{"href":"https:\/\/cdnoticias.com\/index.php\/wp-json\/wp\/v2\/posts"}],"about":[{"href":"https:\/\/cdnoticias.com\/index.php\/wp-json\/wp\/v2\/types\/post"}],"author":[{"embeddable":true,"href":"https:\/\/cdnoticias.com\/index.php\/wp-json\/wp\/v2\/users\/4"}],"replies":[{"embeddable":true,"href":"https:\/\/cdnoticias.com\/index.php\/wp-json\/wp\/v2\/comments?post=179122"}],"version-history":[{"count":0,"href":"https:\/\/cdnoticias.com\/index.php\/wp-json\/wp\/v2\/posts\/179122\/revisions"}],"wp:featuredmedia":[{"embeddable":true,"href":"https:\/\/cdnoticias.com\/index.php\/wp-json\/wp\/v2\/media\/178801"}],"wp:attachment":[{"href":"https:\/\/cdnoticias.com\/index.php\/wp-json\/wp\/v2\/media?parent=179122"}],"wp:term":[{"taxonomy":"category","embeddable":true,"href":"https:\/\/cdnoticias.com\/index.php\/wp-json\/wp\/v2\/categories?post=179122"},{"taxonomy":"post_tag","embeddable":true,"href":"https:\/\/cdnoticias.com\/index.php\/wp-json\/wp\/v2\/tags?post=179122"}],"curies":[{"name":"wp","href":"https:\/\/api.w.org\/{rel}","templated":true}]}}