{"id":178922,"date":"2025-08-09T12:32:09","date_gmt":"2025-08-09T15:32:09","guid":{"rendered":"https:\/\/cdnoticias.com\/?p=178922"},"modified":"2025-08-09T12:32:11","modified_gmt":"2025-08-09T15:32:11","slug":"la-mutual-de-arte-los-sikuris-participara-del-festival-invicines","status":"publish","type":"post","link":"https:\/\/cdnoticias.com\/index.php\/2025\/08\/09\/la-mutual-de-arte-los-sikuris-participara-del-festival-invicines\/","title":{"rendered":"La Mutual de Arte Los Sikuris participar\u00e1 del Festival INVICINES\u00a0"},"content":{"rendered":"\n<p>El audiovisual \u201cSapos en la Laguna\u201d fue seleccionado para formar parte de la edici\u00f3n N\u00ba11. El festival ser\u00e1 del 3 al 6 de septiembre en la ciudad de C\u00f3rdoba.<\/p>\n\n\n\n<hr class=\"wp-block-separator aligncenter has-alpha-channel-opacity\"\/>\n\n\n\n<p>Desde la <strong>Mutual de Arte Los Sikuris <\/strong>dieron a conocer que <strong>participar\u00e1n en el Festival INVICINES, <\/strong>un festival de<strong> cine social y comunitario.\u00a0<\/strong><\/p>\n\n\n\n<p><\/p>\n\n\n\n<p>El <strong>audiovisual \u201cSapos en la Laguna\u201d<\/strong> fue <strong>seleccionado para formar parte de la edici\u00f3n N\u00ba11 que ser\u00e1 del 3 al 6 de septiembre <\/strong>en la<strong> ciudad de C\u00f3rdoba.<\/strong><\/p>\n\n\n\n<p><\/p>\n\n\n\n<blockquote class=\"wp-block-quote is-layout-flow wp-block-quote-is-layout-flow\">\n<p>Asimismo, la producci\u00f3n ser\u00e1 proyectada el 14 de agosto en la apertura de un seminario de la Facultad de Ciencias M\u00e9dicas que se realizar\u00e1 en la Universidad Nacional de C\u00f3rdoba. El tema del seminario est\u00e1 vinculado a la agroecolog\u00eda y con la importancia de preservar la biodiversidad.<\/p>\n<\/blockquote>\n\n\n\n<p><\/p>\n\n\n\n<figure class=\"wp-block-image aligncenter size-full\"><img data-recalc-dims=\"1\" loading=\"lazy\" decoding=\"async\" width=\"800\" height=\"539\" src=\"https:\/\/i0.wp.com\/cdnoticias.com\/wp-content\/uploads\/2025\/08\/mutual-sikuris-audiovisual-sapos-en-la-laguna1.jpg?resize=800%2C539&#038;ssl=1\" alt=\"\" class=\"wp-image-178924\" srcset=\"https:\/\/i0.wp.com\/cdnoticias.com\/wp-content\/uploads\/2025\/08\/mutual-sikuris-audiovisual-sapos-en-la-laguna1.jpg?w=876&amp;ssl=1 876w, https:\/\/i0.wp.com\/cdnoticias.com\/wp-content\/uploads\/2025\/08\/mutual-sikuris-audiovisual-sapos-en-la-laguna1.jpg?resize=300%2C202&amp;ssl=1 300w, https:\/\/i0.wp.com\/cdnoticias.com\/wp-content\/uploads\/2025\/08\/mutual-sikuris-audiovisual-sapos-en-la-laguna1.jpg?resize=768%2C517&amp;ssl=1 768w, https:\/\/i0.wp.com\/cdnoticias.com\/wp-content\/uploads\/2025\/08\/mutual-sikuris-audiovisual-sapos-en-la-laguna1.jpg?resize=272%2C182&amp;ssl=1 272w\" sizes=\"auto, (max-width: 800px) 100vw, 800px\" \/><\/figure>\n\n\n\n<p><\/p>\n\n\n\n<p>El proyecto cuenta con una<strong> producci\u00f3n de trabajo interdisciplinario y art\u00edstico de tres talleres <\/strong>que se dictan en la mutual: Taller de cine, de sikus y de guitarra. La m\u00fasica original fue compuesta por Alba Mancinella y Atilio Guyi Mieri.<\/p>\n\n\n\n<p><\/p>\n\n\n\n<p><strong>Participaron en la realizaci\u00f3n del audiovisual:<\/strong><\/p>\n\n\n\n<ul class=\"wp-block-list\">\n<li>Cine: Isabella Ruiz, Liz Berd\u00fan, Sur Weisz, Say\u00e9n Blanco Ferro, Juana Gallo, M\u00eda Degliaspostti y Taiel Bricka<\/li>\n<\/ul>\n\n\n\n<ul class=\"wp-block-list\">\n<li>Sikus: Irina Angelelli, Isabella Ruiz, Liz Berd\u00fan, Frachesca Beber y Agustin Robalo Santos<\/li>\n<\/ul>\n\n\n\n<ul class=\"wp-block-list\">\n<li>Guitarras: Valentino Telechea, Maia Neber y Benjam\u00edn Bax<\/li>\n<\/ul>\n\n\n\n<ul class=\"wp-block-list\">\n<li>Coordinadores: Agustin Begue, Alba Mancinella, Atilio Guyi Mieri, Marcelo G\u00f3ngora, Eduardo Santell\u00e1n y Veronica Eseberri.<\/li>\n<\/ul>\n\n\n\n<p><\/p>\n\n\n\n<p><strong><em>\u201cAgradecemos la difusi\u00f3n del recorrido de esta obra que nos enorgullece y reafirma c\u00f3mo a trav\u00e9s del arte podemos construir miradas m\u00e1s amorosas y respetuosas en torno al medio ambiente<\/em><\/strong>\u201d cerraron.<\/p>\n\n\n\n<p><\/p>\n","protected":false},"excerpt":{"rendered":"<p>El audiovisual \u201cSapos en la Laguna\u201d fue seleccionado para formar parte de la edici\u00f3n N\u00ba11. El festival ser\u00e1 del 3<\/p>\n","protected":false},"author":6,"featured_media":178925,"comment_status":"closed","ping_status":"closed","sticky":false,"template":"","format":"standard","meta":{"_jetpack_memberships_contains_paid_content":false,"footnotes":""},"categories":[9,1],"tags":[],"class_list":["post-178922","post","type-post","status-publish","format-standard","has-post-thumbnail","hentry","category-cultura","category-portada"],"jetpack_featured_media_url":"https:\/\/i0.wp.com\/cdnoticias.com\/wp-content\/uploads\/2025\/08\/mutual-sikuris-audiovisual-sapos-en-la-laguna.png?fit=900%2C592&ssl=1","jetpack_sharing_enabled":true,"_links":{"self":[{"href":"https:\/\/cdnoticias.com\/index.php\/wp-json\/wp\/v2\/posts\/178922","targetHints":{"allow":["GET"]}}],"collection":[{"href":"https:\/\/cdnoticias.com\/index.php\/wp-json\/wp\/v2\/posts"}],"about":[{"href":"https:\/\/cdnoticias.com\/index.php\/wp-json\/wp\/v2\/types\/post"}],"author":[{"embeddable":true,"href":"https:\/\/cdnoticias.com\/index.php\/wp-json\/wp\/v2\/users\/6"}],"replies":[{"embeddable":true,"href":"https:\/\/cdnoticias.com\/index.php\/wp-json\/wp\/v2\/comments?post=178922"}],"version-history":[{"count":0,"href":"https:\/\/cdnoticias.com\/index.php\/wp-json\/wp\/v2\/posts\/178922\/revisions"}],"wp:featuredmedia":[{"embeddable":true,"href":"https:\/\/cdnoticias.com\/index.php\/wp-json\/wp\/v2\/media\/178925"}],"wp:attachment":[{"href":"https:\/\/cdnoticias.com\/index.php\/wp-json\/wp\/v2\/media?parent=178922"}],"wp:term":[{"taxonomy":"category","embeddable":true,"href":"https:\/\/cdnoticias.com\/index.php\/wp-json\/wp\/v2\/categories?post=178922"},{"taxonomy":"post_tag","embeddable":true,"href":"https:\/\/cdnoticias.com\/index.php\/wp-json\/wp\/v2\/tags?post=178922"}],"curies":[{"name":"wp","href":"https:\/\/api.w.org\/{rel}","templated":true}]}}