{"id":17884,"date":"2021-04-03T18:00:29","date_gmt":"2021-04-03T21:00:29","guid":{"rendered":"http:\/\/www.centraldenoticias.com.ar\/?p=17884"},"modified":"2021-04-04T10:57:39","modified_gmt":"2021-04-04T13:57:39","slug":"claudio-fabian-stoessel-q-e-p-d","status":"publish","type":"post","link":"https:\/\/cdnoticias.com\/index.php\/2021\/04\/03\/claudio-fabian-stoessel-q-e-p-d\/","title":{"rendered":"Claudio Fabi\u00e1n Stoessel (Q.E.P.D.)"},"content":{"rendered":"<p>Falleci\u00f3 en Sierras Bayas el d\u00eda 2 de abril de 2021 a los 46 a\u00f1os de edad. Su madre, hijos, hermano y dem\u00e1s deudos participan su fallecimiento.<\/p>\n<p>&nbsp;<\/p>\n<p>Sus restos ser\u00e1n velados este domingo desde las 8.30 en la sala velatoria de Smirnoff 2663, de Sierras Bayas, y ser\u00e1n inhumados desde las 10.30 en el cementerio de la localidad serrana, previo responso en la capilla ardiente. Servicio adherido a Coopelectric.<\/p>\n<p>&nbsp;<\/p>\n<p>Vecino de Sierras Bayas, empleado de comercio.<\/p>\n","protected":false},"excerpt":{"rendered":"<p>Falleci\u00f3 en Sierras Bayas el d\u00eda 2 de abril de 2021 a los 46 a\u00f1os de edad. Su madre, hijos,<\/p>\n","protected":false},"author":3,"featured_media":0,"comment_status":"closed","ping_status":"closed","sticky":false,"template":"","format":"standard","meta":{"_jetpack_memberships_contains_paid_content":false,"footnotes":""},"categories":[10],"tags":[],"class_list":["post-17884","post","type-post","status-publish","format-standard","hentry","category-necrologicas"],"jetpack_featured_media_url":"","jetpack_sharing_enabled":true,"_links":{"self":[{"href":"https:\/\/cdnoticias.com\/index.php\/wp-json\/wp\/v2\/posts\/17884","targetHints":{"allow":["GET"]}}],"collection":[{"href":"https:\/\/cdnoticias.com\/index.php\/wp-json\/wp\/v2\/posts"}],"about":[{"href":"https:\/\/cdnoticias.com\/index.php\/wp-json\/wp\/v2\/types\/post"}],"author":[{"embeddable":true,"href":"https:\/\/cdnoticias.com\/index.php\/wp-json\/wp\/v2\/users\/3"}],"replies":[{"embeddable":true,"href":"https:\/\/cdnoticias.com\/index.php\/wp-json\/wp\/v2\/comments?post=17884"}],"version-history":[{"count":0,"href":"https:\/\/cdnoticias.com\/index.php\/wp-json\/wp\/v2\/posts\/17884\/revisions"}],"wp:attachment":[{"href":"https:\/\/cdnoticias.com\/index.php\/wp-json\/wp\/v2\/media?parent=17884"}],"wp:term":[{"taxonomy":"category","embeddable":true,"href":"https:\/\/cdnoticias.com\/index.php\/wp-json\/wp\/v2\/categories?post=17884"},{"taxonomy":"post_tag","embeddable":true,"href":"https:\/\/cdnoticias.com\/index.php\/wp-json\/wp\/v2\/tags?post=17884"}],"curies":[{"name":"wp","href":"https:\/\/api.w.org\/{rel}","templated":true}]}}