{"id":178784,"date":"2025-08-07T17:32:31","date_gmt":"2025-08-07T20:32:31","guid":{"rendered":"https:\/\/cdnoticias.com\/?p=178784"},"modified":"2025-08-07T17:32:33","modified_gmt":"2025-08-07T20:32:33","slug":"este-viernes-nueva-jornada-de-mercados-bonaerenses","status":"publish","type":"post","link":"https:\/\/cdnoticias.com\/index.php\/2025\/08\/07\/este-viernes-nueva-jornada-de-mercados-bonaerenses\/","title":{"rendered":"Este viernes, nueva jornada de \u201cMercados Bonaerenses\u201d\u00a0"},"content":{"rendered":"\n<p>La feria se desarrollar\u00e1 de 9 a 15 horas, en el sector de Amparo Castro y avenida Del Valle.<\/p>\n\n\n\n<hr class=\"wp-block-separator aligncenter has-alpha-channel-opacity\"\/>\n\n\n\n<p>Este <strong>viernes 8 de agosto<\/strong> se llevar\u00e1 a cabo una <strong>nueva edici\u00f3n del programa \u201cMercados Bonaerenses\u201d.<\/strong> La feria se desarrollar\u00e1 <strong>de 9 a 15 horas, <\/strong>en el sector de <strong>Amparo Castro y avenida Del Valle<\/strong>. <strong>Se solicita a la comunidad llevar bolsa.\u00a0<\/strong><\/p>\n\n\n\n<p><\/p>\n\n\n\n<blockquote class=\"wp-block-quote is-layout-flow wp-block-quote-is-layout-flow\">\n<p>En esta oportunidad contar\u00e1 con la participaci\u00f3n de productores locales entre los cuales se podr\u00e1n encontrar elaboraciones como: panificados dulces y salados, bebidas, plantas y plantines, miel, productos sin TAAC, frutas y verduras, alfajores.\u00a0<\/p>\n<\/blockquote>\n\n\n\n<p><\/p>\n\n\n\n<p>Adem\u00e1s, participar\u00e1n de la feria <strong>los camiones del Ministerio de Desarrollo Agrario bonaerense, <\/strong>que dispondr\u00e1n productos l<strong>\u00e1cteos, pastas y pescados,<\/strong> estos \u00faltimos dos rubros <strong>40% de descuento con Cuenta DNI<\/strong> (tope de reintegro $4000).<\/p>\n\n\n\n<p><\/p>\n\n\n\n<p>El Programa \u201cMercados Bonaerenses\u201d es impulsado desde el Ministerio de Desarrollo Agrario de la Provincia de Buenos Aires, <strong>promociona la producci\u00f3n y el consumo de Alimentos Bonaerenses<\/strong> acercando a productores, productoras, consumidores y consumidoras a trav\u00e9s de una red de ferias y mercados en toda la provincia de Buenos Aires.<\/p>\n\n\n\n<p><\/p>\n\n\n\n<p>Asimismo tiene por objetivo <strong>fortalecer y asistir experiencias de producci\u00f3n, comercializaci\u00f3n y abastecimiento local de agroalimentos<\/strong>, que se desarrollen en el \u00e1mbito de la provincia de Buenos Aires; fomentar la producci\u00f3n y el consumo de \u201cAlimentos Bonaerenses\u201d a trav\u00e9s de la asistencia, formalizaci\u00f3n y capacitaci\u00f3n a productores, comercializadores y municipios, para crear, ampliar y fortalecer mercados y ferias de alimentos fijas o itinerantes.<\/p>\n\n\n\n<p><\/p>\n","protected":false},"excerpt":{"rendered":"<p>La feria se desarrollar\u00e1 de 9 a 15 horas, en el sector de Amparo Castro y avenida Del Valle. Este<\/p>\n","protected":false},"author":6,"featured_media":134868,"comment_status":"closed","ping_status":"closed","sticky":false,"template":"","format":"standard","meta":{"_jetpack_memberships_contains_paid_content":false,"footnotes":""},"categories":[5,1],"tags":[],"class_list":["post-178784","post","type-post","status-publish","format-standard","has-post-thumbnail","hentry","category-informacion-general","category-portada"],"jetpack_featured_media_url":"https:\/\/i0.wp.com\/cdnoticias.com\/wp-content\/uploads\/2025\/01\/mercados-bonaerenses-enero-2025-3.jpg?fit=1072%2C597&ssl=1","jetpack_sharing_enabled":true,"_links":{"self":[{"href":"https:\/\/cdnoticias.com\/index.php\/wp-json\/wp\/v2\/posts\/178784","targetHints":{"allow":["GET"]}}],"collection":[{"href":"https:\/\/cdnoticias.com\/index.php\/wp-json\/wp\/v2\/posts"}],"about":[{"href":"https:\/\/cdnoticias.com\/index.php\/wp-json\/wp\/v2\/types\/post"}],"author":[{"embeddable":true,"href":"https:\/\/cdnoticias.com\/index.php\/wp-json\/wp\/v2\/users\/6"}],"replies":[{"embeddable":true,"href":"https:\/\/cdnoticias.com\/index.php\/wp-json\/wp\/v2\/comments?post=178784"}],"version-history":[{"count":0,"href":"https:\/\/cdnoticias.com\/index.php\/wp-json\/wp\/v2\/posts\/178784\/revisions"}],"wp:featuredmedia":[{"embeddable":true,"href":"https:\/\/cdnoticias.com\/index.php\/wp-json\/wp\/v2\/media\/134868"}],"wp:attachment":[{"href":"https:\/\/cdnoticias.com\/index.php\/wp-json\/wp\/v2\/media?parent=178784"}],"wp:term":[{"taxonomy":"category","embeddable":true,"href":"https:\/\/cdnoticias.com\/index.php\/wp-json\/wp\/v2\/categories?post=178784"},{"taxonomy":"post_tag","embeddable":true,"href":"https:\/\/cdnoticias.com\/index.php\/wp-json\/wp\/v2\/tags?post=178784"}],"curies":[{"name":"wp","href":"https:\/\/api.w.org\/{rel}","templated":true}]}}