{"id":17878,"date":"2021-04-03T19:23:02","date_gmt":"2021-04-03T22:23:02","guid":{"rendered":"http:\/\/www.centraldenoticias.com.ar\/?p=17878"},"modified":"2021-04-03T19:28:33","modified_gmt":"2021-04-03T22:28:33","slug":"axel-kicillof-se-reunio-con-intendentes-bonaerenses-para-evaluar-nuevas-medidas","status":"publish","type":"post","link":"https:\/\/cdnoticias.com\/index.php\/2021\/04\/03\/axel-kicillof-se-reunio-con-intendentes-bonaerenses-para-evaluar-nuevas-medidas\/","title":{"rendered":"Axel Kicillof se reuni\u00f3 con intendentes bonaerenses para evaluar nuevas medidas"},"content":{"rendered":"<p>Fue a trav\u00e9s de medios virtuales y tomaron parte m\u00e1s de un centenar de jefes comunales. Ezequiel Galli no fue parte. Eval\u00faan pasos conjuntos para frenar el avance del virus.<!--more--><\/p>\n<hr \/>\n<p><strong>El gobernador Axel Kicillof mantuvo en la ma\u00f1ana de este s\u00e1bado una reuni\u00f3n virtual con m\u00e1s de cien intendentes e intendentas<\/strong> de todas las fuerzas pol\u00edticas para evaluar la situaci\u00f3n epidemiol\u00f3gica de la provincia de Buenos Aires y abordar los pasos a seguir ante la segunda ola de contagios de coronavirus. <strong>El intendente de Olavarr\u00eda, seg\u00fan pudo saber<em> Central de Noticias<\/em>, no fue parte del encuentro.<\/strong><\/p>\n<p>&nbsp;<\/p>\n<p>Participaron tambi\u00e9n el jefe de Gabinete, Carlos Bianco; la ministra de Gobierno, Teresa Garc\u00eda; la directora general de Cultura y Educaci\u00f3n, Agustina Vila; los ministros de Salud, Daniel Gollan; y de Desarrollo de la Comunidad, Andr\u00e9s Larroque; y el viceministro de Salud, Nicol\u00e1s Kreplak. En ese marco, <strong>Kicillof destac\u00f3 que \u201cel trabajo coordinado que hicimos la Provincia y los municipios durante la primera ola nos va a servir de experiencia para enfrentar esta nueva etapa, mientras continuamos con el plan de vacunaci\u00f3n\u201d. \u201cEl sistema de fases ha arrojado muy buenos resultados, por lo cual ser\u00e1 muy importante que podamos mantener este esquema ante un aumento exponencial de los casos positivos\u201d, agreg\u00f3<\/strong>.<\/p>\n<p>&nbsp;<\/p>\n<p><img data-recalc-dims=\"1\" loading=\"lazy\" decoding=\"async\" class=\"alignnone size-large wp-image-17882\" src=\"https:\/\/i0.wp.com\/cdnoticias.com\/wp-content\/uploads\/2021\/04\/2021_04_03_AK_Videoconferencia-con-intendentes_002.jpg?resize=800%2C534&#038;ssl=1\" alt=\"\" width=\"800\" height=\"534\" srcset=\"https:\/\/i0.wp.com\/cdnoticias.com\/wp-content\/uploads\/2021\/04\/2021_04_03_AK_Videoconferencia-con-intendentes_002.jpg?resize=1024%2C683&amp;ssl=1 1024w, https:\/\/i0.wp.com\/cdnoticias.com\/wp-content\/uploads\/2021\/04\/2021_04_03_AK_Videoconferencia-con-intendentes_002.jpg?resize=300%2C200&amp;ssl=1 300w, https:\/\/i0.wp.com\/cdnoticias.com\/wp-content\/uploads\/2021\/04\/2021_04_03_AK_Videoconferencia-con-intendentes_002.jpg?resize=768%2C512&amp;ssl=1 768w, https:\/\/i0.wp.com\/cdnoticias.com\/wp-content\/uploads\/2021\/04\/2021_04_03_AK_Videoconferencia-con-intendentes_002.jpg?resize=272%2C182&amp;ssl=1 272w, https:\/\/i0.wp.com\/cdnoticias.com\/wp-content\/uploads\/2021\/04\/2021_04_03_AK_Videoconferencia-con-intendentes_002.jpg?w=1600&amp;ssl=1 1600w, https:\/\/i0.wp.com\/cdnoticias.com\/wp-content\/uploads\/2021\/04\/2021_04_03_AK_Videoconferencia-con-intendentes_002.jpg?w=2400&amp;ssl=1 2400w\" sizes=\"auto, (max-width: 800px) 100vw, 800px\" \/><\/p>\n<p>&nbsp;<\/p>\n<p>Asimismo, detall\u00f3: \u201cEstamos analizando el impacto que implicar\u00edan medidas en tres ejes: la nocturnidad, el transporte p\u00fablico y las actividades recreativas en las que se aglomera mucha gente\u201d. \u201cEste es el momento de hacer un esfuerzo que nos permita retrasar los contagios\u201d, se\u00f1al\u00f3. <strong>El Gobernador subray\u00f3 que las pautas establecidas para cada de una de las fases indican un piso de cumplimiento respecto de las medidas necesarias para disminuir los contagios, y explic\u00f3 que los jefes y las jefas municipales pueden optar luego por criterios m\u00e1s estrictos en los casos que se requiera debido a la din\u00e1mica del virus en cada territorio.<\/strong><\/p>\n<p>&nbsp;<\/p>\n<p>En esa l\u00ednea, Goll\u00e1n remarc\u00f3: \u201cLas decisiones que estamos trabajando se basan en la experiencia cient\u00edfica que surge sobre todo de aquellos pa\u00edses que est\u00e1n atravesando una tercera ola\u201d. <strong>\u201cNo podemos hacernos los distra\u00eddos cuando vemos que nuestros pa\u00edses lim\u00edtrofes est\u00e1n viviendo situaciones dram\u00e1ticas\u201d<\/strong>, a\u00f1adi\u00f3.<\/p>\n<p>&nbsp;<\/p>\n<p><img data-recalc-dims=\"1\" loading=\"lazy\" decoding=\"async\" class=\"alignnone size-large wp-image-17880\" src=\"https:\/\/i0.wp.com\/cdnoticias.com\/wp-content\/uploads\/2021\/04\/2021_04_03_AK_Videoconferencia-con-intendentes_027.jpg?resize=800%2C534&#038;ssl=1\" alt=\"\" width=\"800\" height=\"534\" srcset=\"https:\/\/i0.wp.com\/cdnoticias.com\/wp-content\/uploads\/2021\/04\/2021_04_03_AK_Videoconferencia-con-intendentes_027.jpg?resize=1024%2C683&amp;ssl=1 1024w, https:\/\/i0.wp.com\/cdnoticias.com\/wp-content\/uploads\/2021\/04\/2021_04_03_AK_Videoconferencia-con-intendentes_027.jpg?resize=300%2C200&amp;ssl=1 300w, https:\/\/i0.wp.com\/cdnoticias.com\/wp-content\/uploads\/2021\/04\/2021_04_03_AK_Videoconferencia-con-intendentes_027.jpg?resize=768%2C512&amp;ssl=1 768w, https:\/\/i0.wp.com\/cdnoticias.com\/wp-content\/uploads\/2021\/04\/2021_04_03_AK_Videoconferencia-con-intendentes_027.jpg?resize=272%2C182&amp;ssl=1 272w, https:\/\/i0.wp.com\/cdnoticias.com\/wp-content\/uploads\/2021\/04\/2021_04_03_AK_Videoconferencia-con-intendentes_027.jpg?w=1600&amp;ssl=1 1600w, https:\/\/i0.wp.com\/cdnoticias.com\/wp-content\/uploads\/2021\/04\/2021_04_03_AK_Videoconferencia-con-intendentes_027.jpg?w=2400&amp;ssl=1 2400w\" sizes=\"auto, (max-width: 800px) 100vw, 800px\" \/><\/p>\n<p>&nbsp;<\/p>\n<p>\u201cPese a que ya ve\u00edamos un crecimiento de los casos, desde la semana anterior se observa una duplicaci\u00f3n d\u00eda contra d\u00eda que da cuenta de que se quebr\u00f3 la din\u00e1mica de la curva de contagios\u201d, enfatiz\u00f3 Kreplak, en tanto que valor\u00f3 que<strong> \u201clo m\u00e1s efectivo es disminuir la movilidad y ahora que la zona metropolitana vuelve a ser el foco de los contagios, necesitamos preservar al resto de la Provincia mientas avanza la vacunaci\u00f3n\u201d.<\/strong><\/p>\n<p>&nbsp;<\/p>\n<p>\u201cEstamos en una carrera contra la segunda ola, en la cual necesitamos implementar las medidas que nos permitan aminorar el ritmo de contagios mientras seguimos vacunando a toda velocidad\u201d, afirm\u00f3 Kicillof e indic\u00f3 que \u201cen esta instancia, <strong>seguimos trabajando para inmunizar a mayores de 70 a\u00f1os y a los y las bonaerenses mayores de 60 a\u00f1os que integran grupos de riesgo\u201d<\/strong>.<\/p>\n<p>&nbsp;<\/p>\n<p><img data-recalc-dims=\"1\" loading=\"lazy\" decoding=\"async\" class=\"alignnone size-large wp-image-17879\" src=\"https:\/\/i0.wp.com\/cdnoticias.com\/wp-content\/uploads\/2021\/04\/2021_04_03_AK_Videoconferencia-con-intendentes_040.jpg?resize=800%2C449&#038;ssl=1\" alt=\"\" width=\"800\" height=\"449\" srcset=\"https:\/\/i0.wp.com\/cdnoticias.com\/wp-content\/uploads\/2021\/04\/2021_04_03_AK_Videoconferencia-con-intendentes_040.jpg?resize=1024%2C575&amp;ssl=1 1024w, https:\/\/i0.wp.com\/cdnoticias.com\/wp-content\/uploads\/2021\/04\/2021_04_03_AK_Videoconferencia-con-intendentes_040.jpg?resize=300%2C169&amp;ssl=1 300w, https:\/\/i0.wp.com\/cdnoticias.com\/wp-content\/uploads\/2021\/04\/2021_04_03_AK_Videoconferencia-con-intendentes_040.jpg?resize=768%2C431&amp;ssl=1 768w, https:\/\/i0.wp.com\/cdnoticias.com\/wp-content\/uploads\/2021\/04\/2021_04_03_AK_Videoconferencia-con-intendentes_040.jpg?w=1068&amp;ssl=1 1068w\" sizes=\"auto, (max-width: 800px) 100vw, 800px\" \/><\/p>\n<p>&nbsp;<\/p>\n<p>Respecto a los avances del Plan p\u00fablico, gratuito y optativo de vacunaci\u00f3n contra el Covid-19, se inform\u00f3 que <strong>el viernes se super\u00f3 el mill\u00f3n y medio de aplicaciones en las m\u00e1s de 600 postas emplazadas en los 135 municipios<\/strong>.<\/p>\n<p>&nbsp;<\/p>\n<p><strong> \u201cEl lunes mantendremos una nueva reuni\u00f3n con el Comit\u00e9 de Expertos y luego coordinaremos los pasos a seguir junto al Gobierno Nacional y las autoridades de la Ciudad de Buenos Aires\u201d<\/strong>, concluy\u00f3 Kicillof.<\/p>\n","protected":false},"excerpt":{"rendered":"<p>Fue a trav\u00e9s de medios virtuales y tomaron parte m\u00e1s de un centenar de jefes comunales. Ezequiel Galli no fue<\/p>\n","protected":false},"author":3,"featured_media":17881,"comment_status":"closed","ping_status":"closed","sticky":false,"template":"","format":"standard","meta":{"_jetpack_memberships_contains_paid_content":false,"footnotes":""},"categories":[6,1],"tags":[],"class_list":["post-17878","post","type-post","status-publish","format-standard","has-post-thumbnail","hentry","category-nacionales","category-portada"],"jetpack_featured_media_url":"https:\/\/i0.wp.com\/cdnoticias.com\/wp-content\/uploads\/2021\/04\/2021_04_03_AK_Videoconferencia-con-intendentes_010.jpg?fit=4290%2C2860&ssl=1","jetpack_sharing_enabled":true,"_links":{"self":[{"href":"https:\/\/cdnoticias.com\/index.php\/wp-json\/wp\/v2\/posts\/17878","targetHints":{"allow":["GET"]}}],"collection":[{"href":"https:\/\/cdnoticias.com\/index.php\/wp-json\/wp\/v2\/posts"}],"about":[{"href":"https:\/\/cdnoticias.com\/index.php\/wp-json\/wp\/v2\/types\/post"}],"author":[{"embeddable":true,"href":"https:\/\/cdnoticias.com\/index.php\/wp-json\/wp\/v2\/users\/3"}],"replies":[{"embeddable":true,"href":"https:\/\/cdnoticias.com\/index.php\/wp-json\/wp\/v2\/comments?post=17878"}],"version-history":[{"count":0,"href":"https:\/\/cdnoticias.com\/index.php\/wp-json\/wp\/v2\/posts\/17878\/revisions"}],"wp:featuredmedia":[{"embeddable":true,"href":"https:\/\/cdnoticias.com\/index.php\/wp-json\/wp\/v2\/media\/17881"}],"wp:attachment":[{"href":"https:\/\/cdnoticias.com\/index.php\/wp-json\/wp\/v2\/media?parent=17878"}],"wp:term":[{"taxonomy":"category","embeddable":true,"href":"https:\/\/cdnoticias.com\/index.php\/wp-json\/wp\/v2\/categories?post=17878"},{"taxonomy":"post_tag","embeddable":true,"href":"https:\/\/cdnoticias.com\/index.php\/wp-json\/wp\/v2\/tags?post=17878"}],"curies":[{"name":"wp","href":"https:\/\/api.w.org\/{rel}","templated":true}]}}