{"id":178777,"date":"2025-08-07T16:00:35","date_gmt":"2025-08-07T19:00:35","guid":{"rendered":"https:\/\/cdnoticias.com\/?p=178777"},"modified":"2025-08-10T05:45:35","modified_gmt":"2025-08-10T08:45:35","slug":"ruidazo-en-defensa-de-la-ciencia-la-investigacion-nacional-es-prioritaria","status":"publish","type":"post","link":"https:\/\/cdnoticias.com\/index.php\/2025\/08\/07\/ruidazo-en-defensa-de-la-ciencia-la-investigacion-nacional-es-prioritaria\/","title":{"rendered":"Ruidazo en defensa de la ciencia: \u201cla investigaci\u00f3n nacional es prioritaria\u201d"},"content":{"rendered":"<p>Investigadores del Conicet, docentes y representantes de las facultades de Unicen en Olavarr\u00eda mantuvieron este jueves una manifestaci\u00f3n en Del Valle y La Rioja. Importante apoyo de la comunidad.<!--more--><\/p>\n<hr \/>\n<p><strong>Este jueves se llev\u00f3 adelante en Olavarr\u00eda<\/strong> una <strong>manifestaci\u00f3n en reclamo de fondos nacionales<\/strong> para sostener el <strong>sistema educativo universitario y el desarrollo cient\u00edfico.<\/strong> El punto de encuentro fue<strong> Del Valle y La Rioja<\/strong>, en la esquina del campus de Unicen donde desde la ma\u00f1ana se ubicaron los manifestantes con carteles y meg\u00e1fono.<\/p>\n<p>La protesta en Olavarr\u00eda se sum\u00f3 a la <strong>convocatoria nacional en reclamo por la aprobaci\u00f3n urgente de la ley de financiamiento de la educaci\u00f3n universitaria<\/strong> y frente a la falta de resoluci\u00f3n sobre las becas, las contrataciones y el futuro del personal cient\u00edfico.<\/p>\n<blockquote class=\"instagram-media\" style=\"background: #FFF; border: 0; border-radius: 3px; box-shadow: 0 0 1px 0 rgba(0,0,0,0.5),0 1px 10px 0 rgba(0,0,0,0.15); margin: 1px; max-width: 540px; min-width: 326px; padding: 0; width: calc(100% - 2px);\" data-instgrm-permalink=\"https:\/\/www.instagram.com\/reel\/DNEIHV7PMPv\/?utm_source=ig_embed&amp;utm_campaign=loading\" data-instgrm-version=\"14\">\n<div style=\"padding: 16px;\">\n<div style=\"display: flex; flex-direction: row; align-items: center;\">\n<div style=\"background-color: #f4f4f4; border-radius: 50%; flex-grow: 0; height: 40px; margin-right: 14px; width: 40px;\"><\/div>\n<div style=\"display: flex; flex-direction: column; flex-grow: 1; justify-content: center;\">\n<div style=\"background-color: #f4f4f4; border-radius: 4px; flex-grow: 0; height: 14px; margin-bottom: 6px; width: 100px;\"><\/div>\n<div style=\"background-color: #f4f4f4; border-radius: 4px; flex-grow: 0; height: 14px; width: 60px;\"><\/div>\n<\/div>\n<\/div>\n<div style=\"padding: 19% 0;\"><\/div>\n<div style=\"display: block; height: 50px; margin: 0 auto 12px; width: 50px;\"><\/div>\n<div style=\"padding-top: 8px;\">\n<div style=\"color: #3897f0; font-family: Arial,sans-serif; font-size: 14px; font-style: normal; font-weight: 550; line-height: 18px;\">Ver esta publicaci\u00f3n en Instagram<\/div>\n<\/div>\n<div style=\"padding: 12.5% 0;\"><\/div>\n<div style=\"display: flex; flex-direction: row; margin-bottom: 14px; align-items: center;\">\n<div>\n<div style=\"background-color: #f4f4f4; border-radius: 50%; height: 12.5px; width: 12.5px; transform: translateX(0px) translateY(7px);\"><\/div>\n<div style=\"background-color: #f4f4f4; height: 12.5px; transform: rotate(-45deg) translateX(3px) translateY(1px); width: 12.5px; flex-grow: 0; margin-right: 14px; margin-left: 2px;\"><\/div>\n<div style=\"background-color: #f4f4f4; border-radius: 50%; height: 12.5px; width: 12.5px; transform: translateX(9px) translateY(-18px);\"><\/div>\n<\/div>\n<div style=\"margin-left: 8px;\">\n<div style=\"background-color: #f4f4f4; border-radius: 50%; flex-grow: 0; height: 20px; width: 20px;\"><\/div>\n<div style=\"width: 0; height: 0; border-top: 2px solid transparent; border-left: 6px solid #f4f4f4; border-bottom: 2px solid transparent; transform: translateX(16px) translateY(-4px) rotate(30deg);\"><\/div>\n<\/div>\n<div style=\"margin-left: auto;\">\n<div style=\"width: 0px; border-top: 8px solid #F4F4F4; border-right: 8px solid transparent; transform: translateY(16px);\"><\/div>\n<div style=\"background-color: #f4f4f4; flex-grow: 0; height: 12px; width: 16px; transform: translateY(-4px);\"><\/div>\n<div style=\"width: 0; height: 0; border-top: 8px solid #F4F4F4; border-left: 8px solid transparent; transform: translateY(-4px) translateX(8px);\"><\/div>\n<\/div>\n<\/div>\n<div style=\"display: flex; flex-direction: column; flex-grow: 1; justify-content: center; margin-bottom: 24px;\">\n<div style=\"background-color: #f4f4f4; border-radius: 4px; flex-grow: 0; height: 14px; margin-bottom: 6px; width: 224px;\"><\/div>\n<div style=\"background-color: #f4f4f4; border-radius: 4px; flex-grow: 0; height: 14px; width: 144px;\"><\/div>\n<\/div>\n<p style=\"color: #c9c8cd; font-family: Arial,sans-serif; font-size: 14px; line-height: 17px; margin-bottom: 0; margin-top: 8px; overflow: hidden; padding: 8px 0 7px; text-align: center; text-overflow: ellipsis; white-space: nowrap;\"><a style=\"color: #c9c8cd; font-family: Arial,sans-serif; font-size: 14px; font-style: normal; font-weight: normal; line-height: 17px; text-decoration: none;\" href=\"https:\/\/www.instagram.com\/reel\/DNEIHV7PMPv\/?utm_source=ig_embed&amp;utm_campaign=loading\" target=\"_blank\" rel=\"noopener\">Una publicaci\u00f3n compartida por Central de Noticias Olavarr\u00eda (@cdnolavarria)<\/a><\/p>\n<\/div>\n<\/blockquote>\n<p><script async src=\"\/\/www.instagram.com\/embed.js\"><\/script><\/p>\n<p><strong>Investigadores del Conicet, docentes y representantes de las facultades de Unicen<\/strong> en Olavarr\u00eda estuvieron hasta pasado el mediod\u00eda en el llamado <strong>\u201cRuidazo en defensa de la ciencia\u201d<\/strong>. La manifestaci\u00f3n no fue muy numerosa, aunque s\u00ed se destac\u00f3 el<strong> apoyo de la comunidad<\/strong> ya que los ocasionales transe\u00fantes se expresaban con bocinas desde sus veh\u00edculos.<\/p>\n<p><strong>Central de Noticias<\/strong> habl\u00f3 con F<strong>lorencia Morena, investigadora independiente del Conicet y profesora en la Unicen<\/strong>. <em>\u201cPedimos para el sostenimiento de la carrera universitaria, para que nuestros j\u00f3venes puedan seguir estudiando e investigando\u201d<\/em> explic\u00f3.<\/p>\n<p><img data-recalc-dims=\"1\" loading=\"lazy\" decoding=\"async\" class=\"alignnone size-full wp-image-178780 aligncenter\" src=\"https:\/\/i0.wp.com\/cdnoticias.com\/wp-content\/uploads\/2025\/08\/conicet-ruidazo-02.jpg?resize=800%2C445&#038;ssl=1\" alt=\"\" width=\"800\" height=\"445\" srcset=\"https:\/\/i0.wp.com\/cdnoticias.com\/wp-content\/uploads\/2025\/08\/conicet-ruidazo-02.jpg?w=1000&amp;ssl=1 1000w, https:\/\/i0.wp.com\/cdnoticias.com\/wp-content\/uploads\/2025\/08\/conicet-ruidazo-02.jpg?resize=300%2C167&amp;ssl=1 300w, https:\/\/i0.wp.com\/cdnoticias.com\/wp-content\/uploads\/2025\/08\/conicet-ruidazo-02.jpg?resize=768%2C427&amp;ssl=1 768w, https:\/\/i0.wp.com\/cdnoticias.com\/wp-content\/uploads\/2025\/08\/conicet-ruidazo-02.jpg?resize=800%2C445&amp;ssl=1 800w\" sizes=\"auto, (max-width: 800px) 100vw, 800px\" \/><\/p>\n<blockquote><p>\u201cLa investigaci\u00f3n nacional es prioritaria, y en las ciencias sociales tambi\u00e9n. Nos da fuerza para conocer nuestro patrimonio cultural y nuestra historia, nadie mejor que nosotros podemos hacer eso. Y es importante que el capital que tenemos en recursos humanos se quede en nuestro pa\u00eds. Por eso es importante mantener el sistema de educaci\u00f3n y de investigaci\u00f3n\u201d subray\u00f3.<\/p><\/blockquote>\n<p>Florencia valor\u00f3 que<strong> \u201cla recepci\u00f3n es buena\u201d<\/strong> en la comunidad al tiempo que reconoci\u00f3 que \u201ctenemos que salir a la calle para explicar mejor porque hay muchas noticias falsas y desconocimiento de lo que hacemos\u201d.<\/p>\n<p><img data-recalc-dims=\"1\" loading=\"lazy\" decoding=\"async\" class=\"alignnone size-full wp-image-178778 aligncenter\" src=\"https:\/\/i0.wp.com\/cdnoticias.com\/wp-content\/uploads\/2025\/08\/conicet-ruidazo-00.jpg?resize=800%2C446&#038;ssl=1\" alt=\"\" width=\"800\" height=\"446\" srcset=\"https:\/\/i0.wp.com\/cdnoticias.com\/wp-content\/uploads\/2025\/08\/conicet-ruidazo-00.jpg?w=1000&amp;ssl=1 1000w, https:\/\/i0.wp.com\/cdnoticias.com\/wp-content\/uploads\/2025\/08\/conicet-ruidazo-00.jpg?resize=300%2C167&amp;ssl=1 300w, https:\/\/i0.wp.com\/cdnoticias.com\/wp-content\/uploads\/2025\/08\/conicet-ruidazo-00.jpg?resize=768%2C428&amp;ssl=1 768w, https:\/\/i0.wp.com\/cdnoticias.com\/wp-content\/uploads\/2025\/08\/conicet-ruidazo-00.jpg?resize=800%2C445&amp;ssl=1 800w\" sizes=\"auto, (max-width: 800px) 100vw, 800px\" \/><\/p>\n<blockquote class=\"wp-embedded-content\" data-secret=\"JYOyMEwS32\"><p><a href=\"https:\/\/cdnoticias.com\/index.php\/2024\/03\/25\/hay-una-politica-de-este-gobierno-de-vaciamiento-de-instituciones-como-el-conicet\/\">\u201cHay una pol\u00edtica de este gobierno de vaciamiento de instituciones como el CONICET\u201d<\/a><\/p><\/blockquote>\n<p><iframe loading=\"lazy\" class=\"wp-embedded-content\" sandbox=\"allow-scripts\" security=\"restricted\" style=\"position: absolute; visibility: hidden;\" title=\"&#8220;\u201cHay una pol\u00edtica de este gobierno de vaciamiento de instituciones como el CONICET\u201d&#8221; &#8212; Central de Noticias | Olavarr\u00eda\" src=\"https:\/\/cdnoticias.com\/index.php\/2024\/03\/25\/hay-una-politica-de-este-gobierno-de-vaciamiento-de-instituciones-como-el-conicet\/embed\/#?secret=0qMV9Hocly#?secret=JYOyMEwS32\" data-secret=\"JYOyMEwS32\" width=\"600\" height=\"338\" frameborder=\"0\" marginwidth=\"0\" marginheight=\"0\" scrolling=\"no\"><\/iframe><\/p>\n","protected":false},"excerpt":{"rendered":"<p>Investigadores del Conicet, docentes y representantes de las facultades de Unicen en Olavarr\u00eda mantuvieron este jueves una manifestaci\u00f3n en Del<\/p>\n","protected":false},"author":4,"featured_media":178779,"comment_status":"closed","ping_status":"closed","sticky":false,"template":"","format":"standard","meta":{"_jetpack_memberships_contains_paid_content":false,"footnotes":""},"categories":[5,1],"tags":[],"class_list":["post-178777","post","type-post","status-publish","format-standard","has-post-thumbnail","hentry","category-informacion-general","category-portada"],"jetpack_featured_media_url":"https:\/\/i0.wp.com\/cdnoticias.com\/wp-content\/uploads\/2025\/08\/conicet-ruidazo-01.jpg?fit=1000%2C556&ssl=1","jetpack_sharing_enabled":true,"_links":{"self":[{"href":"https:\/\/cdnoticias.com\/index.php\/wp-json\/wp\/v2\/posts\/178777","targetHints":{"allow":["GET"]}}],"collection":[{"href":"https:\/\/cdnoticias.com\/index.php\/wp-json\/wp\/v2\/posts"}],"about":[{"href":"https:\/\/cdnoticias.com\/index.php\/wp-json\/wp\/v2\/types\/post"}],"author":[{"embeddable":true,"href":"https:\/\/cdnoticias.com\/index.php\/wp-json\/wp\/v2\/users\/4"}],"replies":[{"embeddable":true,"href":"https:\/\/cdnoticias.com\/index.php\/wp-json\/wp\/v2\/comments?post=178777"}],"version-history":[{"count":0,"href":"https:\/\/cdnoticias.com\/index.php\/wp-json\/wp\/v2\/posts\/178777\/revisions"}],"wp:featuredmedia":[{"embeddable":true,"href":"https:\/\/cdnoticias.com\/index.php\/wp-json\/wp\/v2\/media\/178779"}],"wp:attachment":[{"href":"https:\/\/cdnoticias.com\/index.php\/wp-json\/wp\/v2\/media?parent=178777"}],"wp:term":[{"taxonomy":"category","embeddable":true,"href":"https:\/\/cdnoticias.com\/index.php\/wp-json\/wp\/v2\/categories?post=178777"},{"taxonomy":"post_tag","embeddable":true,"href":"https:\/\/cdnoticias.com\/index.php\/wp-json\/wp\/v2\/tags?post=178777"}],"curies":[{"name":"wp","href":"https:\/\/api.w.org\/{rel}","templated":true}]}}