{"id":178768,"date":"2025-08-07T13:10:37","date_gmt":"2025-08-07T16:10:37","guid":{"rendered":"https:\/\/cdnoticias.com\/?p=178768"},"modified":"2025-08-07T13:10:39","modified_gmt":"2025-08-07T16:10:39","slug":"se-viene-una-nueva-edicion-de-la-feria-dominguera","status":"publish","type":"post","link":"https:\/\/cdnoticias.com\/index.php\/2025\/08\/07\/se-viene-una-nueva-edicion-de-la-feria-dominguera\/","title":{"rendered":"Se viene una nueva edici\u00f3n de la Feria Dominguera"},"content":{"rendered":"<p>Se har\u00e1 este domingo desde las 14.30 en el Sal\u00f3n del Club Pueblo Nuevo.<!--more--><\/p>\n<hr \/>\n<p>Se viene una<strong> nueva edici\u00f3n de la Feria Dominguera<\/strong>: se anunci\u00f3 para el <strong>domingo 10 de agosto de 14.30 a 20 horas<\/strong>.<\/p>\n<p><strong>En el Sal\u00f3n del Club Pueblo Nuevo -Necochea y Chacabuco<\/strong>&#8211; se dispondr\u00e1n <strong>m\u00e1s de 40 puestos<\/strong> para recorrer con propuestas de juguetes y ropita de bebe, artesan\u00edas en madera, deco, materas, blanco, cester\u00eda n\u00f3rdica, kokedamas, vitrofusi\u00f3n, cuadros, cuchillos artesanales, velas, aromas y mucho m\u00e1s.<\/p>\n<p>Adem\u00e1s, habr\u00e1<strong> cosas ricas para compartir:<\/strong> pasteler\u00eda libre de gluten, budines y alfajores.<\/p>\n<p>Se destac\u00f3 que el <em>sal\u00f3n est\u00e1 calefaccionado, la entrada es libre y gratuita y la propuesta es \u201cpet friendly\u201d.<\/em><\/p>\n","protected":false},"excerpt":{"rendered":"<p>Se har\u00e1 este domingo desde las 14.30 en el Sal\u00f3n del Club Pueblo Nuevo.<\/p>\n","protected":false},"author":4,"featured_media":106628,"comment_status":"closed","ping_status":"closed","sticky":false,"template":"","format":"standard","meta":{"_jetpack_memberships_contains_paid_content":false,"footnotes":""},"categories":[9,1],"tags":[],"class_list":["post-178768","post","type-post","status-publish","format-standard","has-post-thumbnail","hentry","category-cultura","category-portada"],"jetpack_featured_media_url":"https:\/\/i0.wp.com\/cdnoticias.com\/wp-content\/uploads\/2024\/01\/atardecer-de-feria-8-scaled.jpg?fit=2560%2C1424&ssl=1","jetpack_sharing_enabled":true,"_links":{"self":[{"href":"https:\/\/cdnoticias.com\/index.php\/wp-json\/wp\/v2\/posts\/178768","targetHints":{"allow":["GET"]}}],"collection":[{"href":"https:\/\/cdnoticias.com\/index.php\/wp-json\/wp\/v2\/posts"}],"about":[{"href":"https:\/\/cdnoticias.com\/index.php\/wp-json\/wp\/v2\/types\/post"}],"author":[{"embeddable":true,"href":"https:\/\/cdnoticias.com\/index.php\/wp-json\/wp\/v2\/users\/4"}],"replies":[{"embeddable":true,"href":"https:\/\/cdnoticias.com\/index.php\/wp-json\/wp\/v2\/comments?post=178768"}],"version-history":[{"count":0,"href":"https:\/\/cdnoticias.com\/index.php\/wp-json\/wp\/v2\/posts\/178768\/revisions"}],"wp:featuredmedia":[{"embeddable":true,"href":"https:\/\/cdnoticias.com\/index.php\/wp-json\/wp\/v2\/media\/106628"}],"wp:attachment":[{"href":"https:\/\/cdnoticias.com\/index.php\/wp-json\/wp\/v2\/media?parent=178768"}],"wp:term":[{"taxonomy":"category","embeddable":true,"href":"https:\/\/cdnoticias.com\/index.php\/wp-json\/wp\/v2\/categories?post=178768"},{"taxonomy":"post_tag","embeddable":true,"href":"https:\/\/cdnoticias.com\/index.php\/wp-json\/wp\/v2\/tags?post=178768"}],"curies":[{"name":"wp","href":"https:\/\/api.w.org\/{rel}","templated":true}]}}