{"id":178760,"date":"2025-08-07T17:24:47","date_gmt":"2025-08-07T20:24:47","guid":{"rendered":"https:\/\/cdnoticias.com\/?p=178760"},"modified":"2025-08-07T20:57:04","modified_gmt":"2025-08-07T23:57:04","slug":"emprendedores-de-la-economia-popular-hay-un-75-que-no-esta-registrado","status":"publish","type":"post","link":"https:\/\/cdnoticias.com\/index.php\/2025\/08\/07\/emprendedores-de-la-economia-popular-hay-un-75-que-no-esta-registrado\/","title":{"rendered":"Emprendedores de la Econom\u00eda Popular: \u201chay un 75% que no est\u00e1 registrado\u201d"},"content":{"rendered":"\n<p>El dato se desprende del Registro Emprendedor del municipio. El acompa\u00f1amiento del \u00e1rea de econom\u00eda popular para obtener una registraci\u00f3n impositiva y los talleres que se brindan seg\u00fan las inquietudes del sector.<\/p>\n\n\n\n<hr class=\"wp-block-separator has-alpha-channel-opacity\"\/>\n\n\n\n<p>Solange Rivarola Vales, coordinadora del \u00e1rea de Econom\u00eda Popular del Municipio, habl\u00f3 sobre el lanzamiento de un <strong>taller sobre herramientas para la gesti\u00f3n econ\u00f3mica y financiera<\/strong>, a partir de las necesidades que se desprenden del <strong>Registro de Emprendedores y las charlas con el sector.<\/strong><\/p>\n\n\n\n<p><\/p>\n\n\n\n<p>En el <a href=\"https:\/\/docs.google.com\/forms\/d\/e\/1FAIpQLSet4Nb2-18zmHaIiQVvD9UUrHjdLGcE2Y0rBD_NAF5Q_cWbBg\/closedform?pli=1\" data-type=\"link\" data-id=\"https:\/\/docs.google.com\/forms\/d\/e\/1FAIpQLSet4Nb2-18zmHaIiQVvD9UUrHjdLGcE2Y0rBD_NAF5Q_cWbBg\/closedform?pli=1\">Registro Municipal de Emprendedores y Trabajadores de la Econom\u00eda Popular <\/a>implementado hace un a\u00f1o hay <strong>actualmente un total de 370 respuestas.<\/strong> De esta sistematizaci\u00f3n de datos surge que<strong> \u201cel 67% de las personas que tienen su propio emprendimiento desarrollan sus tareas productivas en sus domicilios\u201d.<\/strong><\/p>\n\n\n\n<p><\/p>\n\n\n\n<p>\u201cEsto implica que tanto la familia para vivir como la persona para producir gasta del mismo medidor de luz, de gas, el mismo servicio de internet. Bueno, esas cuestiones son un gran problema porque<strong> muchas veces no sabe qu\u00e9 paga la familia para vivir y qu\u00e9 paga el emprendimiento para producir<\/strong>\u201d, indic\u00f3 Rivarola Vales.<\/p>\n\n\n\n<p><\/p>\n\n\n\n<p>\u201c<strong>Sabemos que hay un universo mucho m\u00e1s amplio<\/strong> que de hecho ha crecido este \u00faltimo tiempo debido a la gran crisis que estamos viviendo\u201d por eso es que \u201cseguimos trabajando en promover el registro porque nos da un insumo para pensar acciones para acompa\u00f1ar este tipo de trabajo\u201d, se\u00f1al\u00f3 la coordinadora y detall\u00f3 que<strong> el formulario se puede completar de manera online<\/strong> y <a href=\"https:\/\/docs.google.com\/forms\/d\/e\/1FAIpQLSet4Nb2-18zmHaIiQVvD9UUrHjdLGcE2Y0rBD_NAF5Q_cWbBg\/closedform?pli=1\" data-type=\"link\" data-id=\"https:\/\/docs.google.com\/forms\/d\/e\/1FAIpQLSet4Nb2-18zmHaIiQVvD9UUrHjdLGcE2Y0rBD_NAF5Q_cWbBg\/closedform?pli=1\">se encuentra en la p\u00e1gina web del Municipio.<\/a><\/p>\n\n\n\n<p><\/p>\n\n\n\n<p>Otro de los puntos que destac\u00f3 Rivarola Vales fue la \u201cdiversidad\u201d respecto al impacto del emprendimiento en la econom\u00eda familiar. \u201c<strong>El 12,7% de las personas registradas tienen otro trabajo.<\/strong> Algunos con un salario equivalente superior al Salario M\u00ednimo Vital y M\u00f3vil, otros con un salario inferior\u201d.<\/p>\n\n\n\n<p><\/p>\n\n\n\n<p>Ante estos datos \u201cdeducimos que hay muchas personas que para vivir necesitan m\u00e1s de un trabajo. Ese es un dato importante que nos brinda el registro\u201d.<\/p>\n\n\n\n<p><\/p>\n\n\n\n<blockquote class=\"wp-block-quote is-layout-flow wp-block-quote-is-layout-flow\">\n<p>El an\u00e1lisis realizado de los datos del Registro de Emprendedores, indica que \u201chay un 75% que no est\u00e1 registrado, no tiene monotributo ni ninguna figura jur\u00eddica que formalice su trabajo\u201d.<\/p>\n<\/blockquote>\n\n\n\n<p><\/p>\n\n\n\n<p><strong>\u201cEso implica la imposibilidad de acceder a un mont\u00f3n de beneficios\u201d <\/strong>y cont\u00f3 que \u201chasta el 31 de julio estuvimos acompa\u00f1ando a un mont\u00f3n de trabajadores en la postulaci\u00f3n a un cr\u00e9dito que se llama<strong> Arriba Emprendedores.<\/strong> Tuvimos alrededor de 300 consultas y pudimos concretar 24 postulaciones. <strong>Las personas que no pudieron acceder fue porque no ten\u00edan el principal requisito que es la registraci\u00f3n impositiva<\/strong>\u201d.<\/p>\n\n\n\n<p><\/p>\n\n\n\n<p>En ese sentido, resalt\u00f3 que \u201csiempre aconsejamos que no se hagan el monotributo solo para sacar un cr\u00e9dito sino que<strong> analicemos cu\u00e1les son todas las posibilidades que te brinda tener ese registro impositivo<\/strong>\u201d.<\/p>\n\n\n\n<p><\/p>\n\n\n\n<p>Rivarola Vales aprovech\u00f3 para mencionar la <a href=\"https:\/\/cdnoticias.com\/index.php\/2025\/08\/06\/en-olavarria-es-posible-adherirse-a-la-ley-alas\/\" data-type=\"link\" data-id=\"https:\/\/cdnoticias.com\/index.php\/2025\/08\/06\/en-olavarria-es-posible-adherirse-a-la-ley-alas\/\">difusi\u00f3n de la ley ALAS que promueve el Ministerio de Trabajo <\/a>\u201cque implica que el monotributista, el peque\u00f1o contribuyente, no paga ingresos brutos. Eso es algo importante a difundir porque la gente muchas veces va a hacer el monotributo y despu\u00e9s no sabe qu\u00e9 m\u00e1s tiene que hacer\u201d.<\/p>\n\n\n\n<p><\/p>\n\n\n\n<p><strong>Taller sobre gesti\u00f3n econ\u00f3mica y financiera<\/strong><\/p>\n\n\n\n<p><\/p>\n\n\n\n<p>El taller <strong>se desarrollar\u00e1 el 19 de agosto<\/strong> (las inscripciones se encuentran abiertas) y apunta a acompa\u00f1ar a los trabajadores de la econom\u00eda popular en el desarrollo emprendedor.<\/p>\n\n\n\n<p><\/p>\n\n\n\n<p>Una de las inquietudes que se repite en el sector de la econom\u00eda popular es la<strong> planificaci\u00f3n<\/strong>. De esta forma, el taller est\u00e1 dirigido \u201ca quienes ya vienen trabajando en su emprendimiento\u201d y aclar\u00f3 que \u201cdurante el a\u00f1o damos un taller que se llama Gesti\u00f3n para emprendimiento que aborda cuestiones b\u00e1sicas de este mismo tema. Este es para quienes ya han hecho ese primer taller y requieren un poquito m\u00e1s de complejidad\u201d.<\/p>\n\n\n\n<p><\/p>\n\n\n\n<p>\u201cCuando hablamos con los trabajadores de la econom\u00eda popular,<strong> no saben cu\u00e1nto vale su trabajo.<\/strong> Vemos por ah\u00ed que se cobra menos, est\u00e1n perdiendo plata o invirtiendo separando los costos y los gastos de una manera incorrecta. A veces hay una primera planificaci\u00f3n en ese sentido y nosotros podemos intentar mejorarla\u201d, describi\u00f3 la funcionaria.<\/p>\n\n\n\n<p><\/p>\n\n\n\n<p>Por \u00faltimo, indic\u00f3 que los emprendedores pueden dirigirse a la <strong>oficina de Desarrollo Econ\u00f3mico ubicada en Moreno 2765.<\/strong><\/p>\n","protected":false},"excerpt":{"rendered":"<p>El dato se desprende del Registro Emprendedor del municipio. El acompa\u00f1amiento del \u00e1rea de econom\u00eda popular para obtener una registraci\u00f3n<\/p>\n","protected":false},"author":5,"featured_media":69300,"comment_status":"closed","ping_status":"closed","sticky":false,"template":"","format":"standard","meta":{"_jetpack_memberships_contains_paid_content":false,"footnotes":""},"categories":[5,1],"tags":[],"class_list":["post-178760","post","type-post","status-publish","format-standard","has-post-thumbnail","hentry","category-informacion-general","category-portada"],"jetpack_featured_media_url":"https:\/\/i0.wp.com\/cdnoticias.com\/wp-content\/uploads\/2022\/11\/movimiento-evita-protocolo-02.jpg?fit=800%2C445&ssl=1","jetpack_sharing_enabled":true,"_links":{"self":[{"href":"https:\/\/cdnoticias.com\/index.php\/wp-json\/wp\/v2\/posts\/178760","targetHints":{"allow":["GET"]}}],"collection":[{"href":"https:\/\/cdnoticias.com\/index.php\/wp-json\/wp\/v2\/posts"}],"about":[{"href":"https:\/\/cdnoticias.com\/index.php\/wp-json\/wp\/v2\/types\/post"}],"author":[{"embeddable":true,"href":"https:\/\/cdnoticias.com\/index.php\/wp-json\/wp\/v2\/users\/5"}],"replies":[{"embeddable":true,"href":"https:\/\/cdnoticias.com\/index.php\/wp-json\/wp\/v2\/comments?post=178760"}],"version-history":[{"count":0,"href":"https:\/\/cdnoticias.com\/index.php\/wp-json\/wp\/v2\/posts\/178760\/revisions"}],"wp:featuredmedia":[{"embeddable":true,"href":"https:\/\/cdnoticias.com\/index.php\/wp-json\/wp\/v2\/media\/69300"}],"wp:attachment":[{"href":"https:\/\/cdnoticias.com\/index.php\/wp-json\/wp\/v2\/media?parent=178760"}],"wp:term":[{"taxonomy":"category","embeddable":true,"href":"https:\/\/cdnoticias.com\/index.php\/wp-json\/wp\/v2\/categories?post=178760"},{"taxonomy":"post_tag","embeddable":true,"href":"https:\/\/cdnoticias.com\/index.php\/wp-json\/wp\/v2\/tags?post=178760"}],"curies":[{"name":"wp","href":"https:\/\/api.w.org\/{rel}","templated":true}]}}