{"id":17875,"date":"2021-04-03T17:07:44","date_gmt":"2021-04-03T20:07:44","guid":{"rendered":"http:\/\/www.centraldenoticias.com.ar\/?p=17875"},"modified":"2021-04-03T17:23:34","modified_gmt":"2021-04-03T20:23:34","slug":"la-unidad-medica-presidencial-confirmo-que-alberto-fernandez-tiene-coronavirus","status":"publish","type":"post","link":"https:\/\/cdnoticias.com\/index.php\/2021\/04\/03\/la-unidad-medica-presidencial-confirmo-que-alberto-fernandez-tiene-coronavirus\/","title":{"rendered":"La Unidad M\u00e9dica Presidencial confirm\u00f3 que Alberto Fern\u00e1ndez tiene Coronavirus"},"content":{"rendered":"<p>Se recibi\u00f3 el resultado del hisopado para PCR practicado una vez que el mandatario hab\u00eda presentado s\u00edntomas compatibles. Se a\u00f1adi\u00f3 que presenta un cuadro cl\u00ednico \u201cleve\u201d gracias a estar vacunado.<!--more--><\/p>\n<hr \/>\n<p><strong>\u201cMe realic\u00e9 un test de ant\u00edgeno cuyo resultado fue positivo\u201d<\/strong> comunic\u00f3 en el inicio de la madrugada de este s\u00e1bado el presidente Alberto Fern\u00e1ndez, a trav\u00e9s de un \u201chilo\u201d publicado en su cuenta en la red social Twitter. La novedad recorri\u00f3 r\u00e1pidamente el mundo, con r\u00e9plicas y mensajes que a\u00fan persisten.<\/p>\n<p>&nbsp;<\/p>\n<p>Lo concreto es que en la tarde de este s\u00e1bado fue confirmado el diagn\u00f3stico de Coronavirus a trav\u00e9s de un comunicado emitido desde la Unidad M\u00e9dica Presidencial. <strong>\u201cEl d\u00eda viernes 2 de Abril del corriente a\u00f1o, el se\u00f1or Presidente de la Naci\u00f3n, Doctor D. Alberto \u00c1ngel Fern\u00e1ndez tras haber presentado un registro de temperatura de 37,3\u00b0cent\u00edgrados y cefalea se realiz\u00f3 un test de determinaci\u00f3n de ant\u00edgeno para COVID-19 siendo positivo\u201d<\/strong>, se inicia el escrito difundido en las \u00faltimas horas.<\/p>\n<p>&nbsp;<\/p>\n<blockquote class=\"twitter-tweet\" data-width=\"550\" data-dnt=\"true\">\n<p lang=\"es\" dir=\"ltr\">Quer\u00eda contarles que al terminar el d\u00eda de hoy, luego de presentar un registro de fiebre de 37.3 y un leve dolor de cabeza, me realice un test de ant\u00edgeno cuyo resultado fue positivo.<\/p>\n<p>&mdash; Alberto Fern\u00e1ndez (@alferdez) <a href=\"https:\/\/twitter.com\/alferdez\/status\/1378182884947804160?ref_src=twsrc%5Etfw\">April 3, 2021<\/a><\/p><\/blockquote>\n<p><script async src=\"https:\/\/platform.twitter.com\/widgets.js\" charset=\"utf-8\"><\/script><\/p>\n<p>&nbsp;<\/p>\n<p>\u201cAnte esta situaci\u00f3n se tomaron las medidas de aislamiento obligatorio para el primer mandatario y todos los contactos estrechos del mismo en las 48 horas previas al inicio de los s\u00edntomas, <strong>como as\u00ed tambi\u00e9n se procedi\u00f3 a realizar un hisopado para PCR a fin de confirmar o descartar la enfermedad\u201d<\/strong>, continua el documento.<\/p>\n<p>&nbsp;<\/p>\n<p>\u201cQuiero transmitir que en el d\u00eda de la fecha, he evaluado al Primer Mandatario quien se encuentra estable, asintom\u00e1tico, con par\u00e1metros dentro de rangos de normalidad. <strong>Se confirma el diagn\u00f3stico de infecci\u00f3n por COVID-19 al recibir el de PCR positivo, dejando en claro que el cuadro cl\u00ednico es leve debido en gran parte al efecto protector de la vacuna recibida<\/strong>\u201d, concluye el comunicado que cuenta con la firma del doctor Federico Saavedra.<\/p>\n","protected":false},"excerpt":{"rendered":"<p>Se recibi\u00f3 el resultado del hisopado para PCR practicado una vez que el mandatario hab\u00eda presentado s\u00edntomas compatibles. Se a\u00f1adi\u00f3<\/p>\n","protected":false},"author":3,"featured_media":11945,"comment_status":"closed","ping_status":"closed","sticky":false,"template":"","format":"standard","meta":{"_jetpack_memberships_contains_paid_content":false,"footnotes":""},"categories":[6,1],"tags":[],"class_list":["post-17875","post","type-post","status-publish","format-standard","has-post-thumbnail","hentry","category-nacionales","category-portada"],"jetpack_featured_media_url":"https:\/\/i0.wp.com\/cdnoticias.com\/wp-content\/uploads\/2021\/01\/EsRU0TYXcAEuFv6.jpg?fit=1280%2C854&ssl=1","jetpack_sharing_enabled":true,"_links":{"self":[{"href":"https:\/\/cdnoticias.com\/index.php\/wp-json\/wp\/v2\/posts\/17875","targetHints":{"allow":["GET"]}}],"collection":[{"href":"https:\/\/cdnoticias.com\/index.php\/wp-json\/wp\/v2\/posts"}],"about":[{"href":"https:\/\/cdnoticias.com\/index.php\/wp-json\/wp\/v2\/types\/post"}],"author":[{"embeddable":true,"href":"https:\/\/cdnoticias.com\/index.php\/wp-json\/wp\/v2\/users\/3"}],"replies":[{"embeddable":true,"href":"https:\/\/cdnoticias.com\/index.php\/wp-json\/wp\/v2\/comments?post=17875"}],"version-history":[{"count":0,"href":"https:\/\/cdnoticias.com\/index.php\/wp-json\/wp\/v2\/posts\/17875\/revisions"}],"wp:featuredmedia":[{"embeddable":true,"href":"https:\/\/cdnoticias.com\/index.php\/wp-json\/wp\/v2\/media\/11945"}],"wp:attachment":[{"href":"https:\/\/cdnoticias.com\/index.php\/wp-json\/wp\/v2\/media?parent=17875"}],"wp:term":[{"taxonomy":"category","embeddable":true,"href":"https:\/\/cdnoticias.com\/index.php\/wp-json\/wp\/v2\/categories?post=17875"},{"taxonomy":"post_tag","embeddable":true,"href":"https:\/\/cdnoticias.com\/index.php\/wp-json\/wp\/v2\/tags?post=17875"}],"curies":[{"name":"wp","href":"https:\/\/api.w.org\/{rel}","templated":true}]}}