{"id":178736,"date":"2025-08-06T20:06:20","date_gmt":"2025-08-06T23:06:20","guid":{"rendered":"https:\/\/cdnoticias.com\/?p=178736"},"modified":"2025-08-07T09:22:13","modified_gmt":"2025-08-07T12:22:13","slug":"diputados-aprobo-la-ley-de-financiamiento-universitario-y-le-dio-media-sancion","status":"publish","type":"post","link":"https:\/\/cdnoticias.com\/index.php\/2025\/08\/06\/diputados-aprobo-la-ley-de-financiamiento-universitario-y-le-dio-media-sancion\/","title":{"rendered":"Diputados aprob\u00f3 la ley de financiamiento universitario y le dio media sanci\u00f3n"},"content":{"rendered":"\n<p>Con 158 votos afirmativos, 75 negativos y 5 abstenciones, la C\u00e1mara de Diputados dio media sanci\u00f3n al proyecto que actualiza los fondos para las universidades nacionales. La iniciativa, rechazada por el oficialismo, ahora pasar\u00e1 al Senado.<\/p>\n\n\n\n<hr class=\"wp-block-separator aligncenter has-alpha-channel-opacity\"\/>\n\n\n\n<p>La <strong>C\u00e1mara de Diputados aprob\u00f3 hoy en general el proyecto de ley que establece una actualizaci\u00f3n del presupuesto para las universidades nacionales. La votaci\u00f3n cerr\u00f3 con 158 votos positivos, 75 en contra y 5 abstenciones,<\/strong> y represent\u00f3 un rev\u00e9s significativo para el gobierno de Javier Milei, que se opone a la medida. <\/p>\n\n\n\n<blockquote class=\"wp-block-quote is-layout-flow wp-block-quote-is-layout-flow\">\n<p>La iniciativa ser\u00e1 enviada al Senado en las pr\u00f3ximas horas, donde se estima que podr\u00eda contar con respaldo suficiente para su sanci\u00f3n definitiva, en un contexto de creciente tensi\u00f3n entre el oficialismo y los gobernadores denominados \u201cdialoguistas\u201d.<\/p>\n<\/blockquote>\n\n\n\n<p><strong>El texto fue elaborado por los rectores del Consejo Interuniversitario Nacional (CIN) y contempla una recomposici\u00f3n presupuestaria desde mayo hasta diciembre de 2024, as\u00ed como una actualizaci\u00f3n bimestral de los fondos a partir de enero de este a\u00f1o,<\/strong> tomando como referencia la inflaci\u00f3n. El objetivo es alcanzar una <strong>inversi\u00f3n equivalente al 1 por ciento del Producto Bruto Interno.<\/strong><\/p>\n\n\n\n<p><strong>Adem\u00e1s de garantizar el funcionamiento de las universidades y sus hospitales, los fondos tambi\u00e9n estar\u00e1n destinados a actividades de ciencia y t\u00e9cnica y de extensi\u00f3n universitaria. <\/strong>La ley tambi\u00e9n propone una partida especial para la creaci\u00f3n de carreras estrat\u00e9gicas y la convocatoria a paritarias para docentes y no docentes.<\/p>\n\n\n\n<p>En cuanto a la cuesti\u00f3n salarial,<strong> el proyecto plantea compensar las diferencias entre los incrementos otorgados y la inflaci\u00f3n acumulada desde el 1 de diciembre de 2023 hasta la fecha de sanci\u00f3n de la ley, y establece una pauta de actualizaci\u00f3n bimestral no inferior a la variaci\u00f3n del \u00edndice de precios al consumidor.<\/strong> Tambi\u00e9n se prev\u00e9 que durante el 2025 se incorpore al salario b\u00e1sico todo concepto no remunerativo ni bonificable vigente.<\/p>\n\n\n\n<p>Finalmente<strong>, la norma estipula que la Auditor\u00eda General de la Naci\u00f3n (AGN) ser\u00e1 la encargada del control externo administrativo de las universidades nacionales y deber\u00e1 remitir al Congreso los informes de auditor\u00eda y el correspondiente plan de seguimiento.<\/strong><\/p>\n","protected":false},"excerpt":{"rendered":"<p>Con 158 votos afirmativos, 75 negativos y 5 abstenciones, la C\u00e1mara de Diputados dio media sanci\u00f3n al proyecto que actualiza<\/p>\n","protected":false},"author":2,"featured_media":178737,"comment_status":"closed","ping_status":"closed","sticky":false,"template":"","format":"standard","meta":{"_jetpack_memberships_contains_paid_content":false,"footnotes":""},"categories":[4,1],"tags":[],"class_list":["post-178736","post","type-post","status-publish","format-standard","has-post-thumbnail","hentry","category-politica","category-portada"],"jetpack_featured_media_url":"https:\/\/i0.wp.com\/cdnoticias.com\/wp-content\/uploads\/2025\/08\/universidades-mediasancion.jpg?fit=980%2C581&ssl=1","jetpack_sharing_enabled":true,"_links":{"self":[{"href":"https:\/\/cdnoticias.com\/index.php\/wp-json\/wp\/v2\/posts\/178736","targetHints":{"allow":["GET"]}}],"collection":[{"href":"https:\/\/cdnoticias.com\/index.php\/wp-json\/wp\/v2\/posts"}],"about":[{"href":"https:\/\/cdnoticias.com\/index.php\/wp-json\/wp\/v2\/types\/post"}],"author":[{"embeddable":true,"href":"https:\/\/cdnoticias.com\/index.php\/wp-json\/wp\/v2\/users\/2"}],"replies":[{"embeddable":true,"href":"https:\/\/cdnoticias.com\/index.php\/wp-json\/wp\/v2\/comments?post=178736"}],"version-history":[{"count":0,"href":"https:\/\/cdnoticias.com\/index.php\/wp-json\/wp\/v2\/posts\/178736\/revisions"}],"wp:featuredmedia":[{"embeddable":true,"href":"https:\/\/cdnoticias.com\/index.php\/wp-json\/wp\/v2\/media\/178737"}],"wp:attachment":[{"href":"https:\/\/cdnoticias.com\/index.php\/wp-json\/wp\/v2\/media?parent=178736"}],"wp:term":[{"taxonomy":"category","embeddable":true,"href":"https:\/\/cdnoticias.com\/index.php\/wp-json\/wp\/v2\/categories?post=178736"},{"taxonomy":"post_tag","embeddable":true,"href":"https:\/\/cdnoticias.com\/index.php\/wp-json\/wp\/v2\/tags?post=178736"}],"curies":[{"name":"wp","href":"https:\/\/api.w.org\/{rel}","templated":true}]}}