{"id":178678,"date":"2025-08-06T13:10:10","date_gmt":"2025-08-06T16:10:10","guid":{"rendered":"https:\/\/cdnoticias.com\/?p=178678"},"modified":"2025-08-06T18:30:52","modified_gmt":"2025-08-06T21:30:52","slug":"elecciones-en-olavarria-la-facultad-de-ingenieria-anuncio-el-debate-de-candidatos","status":"publish","type":"post","link":"https:\/\/cdnoticias.com\/index.php\/2025\/08\/06\/elecciones-en-olavarria-la-facultad-de-ingenieria-anuncio-el-debate-de-candidatos\/","title":{"rendered":"Elecciones en Olavarr\u00eda: la Facultad de Ingenier\u00eda anunci\u00f3 el debate de candidatos"},"content":{"rendered":"<p>Se har\u00e1 el mi\u00e9rcoles 27 de agosto. El lunes pr\u00f3ximo se presentar\u00e1 formalmente.<!--more--><\/p>\n<hr \/>\n<p>El<strong> pr\u00f3ximo 27 de agosto, la Facultad de Ingenier\u00eda de la UNICEN<\/strong> ser\u00e1 nuevamente sede de un <strong>debate entre candidatas y candidatos a ocupar cargos legislativos<\/strong> del Gobierno Municipal en las pr\u00f3ximas elecciones.<\/p>\n<blockquote><p>Desde las 20 horas y bajo la denominaci\u00f3n \u201cOlavarr\u00eda. El Debate\u201d, toda la ciudadan\u00eda podr\u00e1 conocer las propuestas y convicciones de los distintos espacios pol\u00edticos que competir\u00e1n en los comicios del 7 de septiembre.<\/p><\/blockquote>\n<p>Se record\u00f3 que <strong>en Olavarr\u00eda se elegir\u00e1n diez concejales titulares<\/strong>, seis suplentes, as\u00ed como<strong> cuatro consejeros escolares titulares<\/strong> y otros tantos como suplentes.<\/p>\n<p>La Facultad plante\u00f3 que <em>\u201chasta el momento, son seis los espacios pol\u00edticos que presentaron listas para las elecciones<\/em>. Ellos son Fuerza Patria, La Libertad Avanza, Somos Olavarr\u00eda, Frente de Izquierda, Potencia Olavarr\u00eda, y Fuerzas del Sur. En los pr\u00f3ximos d\u00edas se conocer\u00e1 la oficializaci\u00f3n de las listas\u201d.<\/p>\n<p>Este Debate, <strong>el cuarto que se realiza en la FIO<\/strong>, se impulsa en el marco de la <a href=\"https:\/\/cdnoticias.com\/index.php\/2023\/11\/23\/quedo-aprobada-la-obligatoriedad-de-debates-preelectorales-de-candidatos\/\" target=\"_blank\" rel=\"noopener\"><strong>Ordenanza N\u00b0 5262\/23<\/strong>, que establece la obligatoriedad de los debates preelectorales<\/a> entre candidatos. En esa norma, la autoridad de aplicaci\u00f3n es el Honorable Concejo Deliberante, y a trav\u00e9s de la Facultad de Ingenier\u00eda se instrumentar\u00e1n todas las acciones para que se lleve a cabo.<\/p>\n<p>As\u00ed se determin\u00f3 que <strong>la FIO articular\u00e1 con los distintos candidatos y agrupacione<\/strong>s para acordar los temarios a abordar, los tiempos de discursos, exposiciones y r\u00e9plicas, y la din\u00e1mica general del Debate.<\/p>\n<h3>Conferencia de prensa<\/h3>\n<p>Asimismo, el evento <strong>ser\u00e1 transmitido en directo<\/strong>, con una amplia cobertura de medios de comunicaci\u00f3n.<\/p>\n<p>En ese sentido, y como presentaci\u00f3n de \u201cOlavarr\u00eda. El Debate\u201d, el pr\u00f3ximo<strong> lunes 11 de agosto se realizar\u00e1 una conferencia de prensa<\/strong> en la Facultad de Ingenier\u00eda, a las 11 horas, en la sala de Consejo Acad\u00e9mico.<\/p>\n","protected":false},"excerpt":{"rendered":"<p>Se har\u00e1 el mi\u00e9rcoles 27 de agosto. El lunes pr\u00f3ximo se presentar\u00e1 formalmente.<\/p>\n","protected":false},"author":4,"featured_media":98698,"comment_status":"closed","ping_status":"closed","sticky":false,"template":"","format":"standard","meta":{"_jetpack_memberships_contains_paid_content":false,"footnotes":""},"categories":[4,1],"tags":[],"class_list":["post-178678","post","type-post","status-publish","format-standard","has-post-thumbnail","hentry","category-politica","category-portada"],"jetpack_featured_media_url":"https:\/\/i0.wp.com\/cdnoticias.com\/wp-content\/uploads\/2023\/10\/DebateFIO2023-03.jpg?fit=1024%2C680&ssl=1","jetpack_sharing_enabled":true,"_links":{"self":[{"href":"https:\/\/cdnoticias.com\/index.php\/wp-json\/wp\/v2\/posts\/178678","targetHints":{"allow":["GET"]}}],"collection":[{"href":"https:\/\/cdnoticias.com\/index.php\/wp-json\/wp\/v2\/posts"}],"about":[{"href":"https:\/\/cdnoticias.com\/index.php\/wp-json\/wp\/v2\/types\/post"}],"author":[{"embeddable":true,"href":"https:\/\/cdnoticias.com\/index.php\/wp-json\/wp\/v2\/users\/4"}],"replies":[{"embeddable":true,"href":"https:\/\/cdnoticias.com\/index.php\/wp-json\/wp\/v2\/comments?post=178678"}],"version-history":[{"count":0,"href":"https:\/\/cdnoticias.com\/index.php\/wp-json\/wp\/v2\/posts\/178678\/revisions"}],"wp:featuredmedia":[{"embeddable":true,"href":"https:\/\/cdnoticias.com\/index.php\/wp-json\/wp\/v2\/media\/98698"}],"wp:attachment":[{"href":"https:\/\/cdnoticias.com\/index.php\/wp-json\/wp\/v2\/media?parent=178678"}],"wp:term":[{"taxonomy":"category","embeddable":true,"href":"https:\/\/cdnoticias.com\/index.php\/wp-json\/wp\/v2\/categories?post=178678"},{"taxonomy":"post_tag","embeddable":true,"href":"https:\/\/cdnoticias.com\/index.php\/wp-json\/wp\/v2\/tags?post=178678"}],"curies":[{"name":"wp","href":"https:\/\/api.w.org\/{rel}","templated":true}]}}