{"id":178665,"date":"2025-08-06T11:36:27","date_gmt":"2025-08-06T14:36:27","guid":{"rendered":"https:\/\/cdnoticias.com\/?p=178665"},"modified":"2025-08-06T16:09:27","modified_gmt":"2025-08-06T19:09:27","slug":"anunciaron-la-ampliacion-de-las-escuelas-primaria-65-y-secundaria-13-de-villa-aurora","status":"publish","type":"post","link":"https:\/\/cdnoticias.com\/index.php\/2025\/08\/06\/anunciaron-la-ampliacion-de-las-escuelas-primaria-65-y-secundaria-13-de-villa-aurora\/","title":{"rendered":"Anunciaron la ampliaci\u00f3n de las Escuelas Primaria 65 y Secundaria 13 de Villa Aurora"},"content":{"rendered":"<p>El intendente estuvo en las instituciones para explicar los trabajos. La licitaci\u00f3n se abrir\u00e1 el d\u00eda 28 de agosto. El presupuesto supera los 470 millones de pesos.<!--more--><\/p>\n<hr \/>\n<p>En el marco del <strong>Plan de Infraestructura Educativa<\/strong>, tal como fuera anunciado por el <strong>intendente Maximiliano Wesner<\/strong>, el Municipio llevar\u00e1 adelante la obra de <strong>ampliaci\u00f3n y refacci\u00f3n de la Escuela Primaria N\u00ba 65 y de la Escuela Secundaria N\u00ba 13<\/strong>, ambas ubicadas en <em>Villa Aurora, en calle Bol\u00edvar entre Betty Roca de Schwindt y Los Gladiolos.<\/em><\/p>\n<p>Cabe recordar que d\u00edas atr\u00e1s <strong>el Intendente Wesner, junto al presidente del Consejo Escolar Ariel Rodr\u00edguez y el secretario de Obras, Infraestructura y Servicios P\u00fablicos Orfel Fari\u00f1a, visitaron el establecimiento<\/strong>. Se inform\u00f3 que el jefe comunal \u201crecorri\u00f3 las instalaciones y mantuvo un encuentro con estudiantes, cuerpo docente y auxiliares para compartir y brindar detalles del <em>proyecto de obra que se desarrollar\u00e1 en beneficio de toda la comunidad educativa y de vecinos y vecinas que all\u00ed residen\u201d.<\/em><\/p>\n<p>Desde el equipo t\u00e9cnico de Obras P\u00fablicas del Municipio explicaron que las ampliaciones en ambos edificios comprenden<strong> demoliciones, arreglos y construcciones nuevas de estilo tradicional.<\/strong><\/p>\n<p>La<strong> inversi\u00f3n<\/strong> prevista por el Municipio supera los <strong>470 millones de pesos<\/strong>.<\/p>\n<h4>Los detalles<\/h4>\n<p>La<strong> Escuela Primaria N\u00ba 65 ceder\u00e1 dos aulas, sala de maestros y porter\u00eda<\/strong>, ubicados en el extremo del edificio sobre calle Betty Roca de Schwindt y <strong>recuperar\u00e1 lo transferido por medio de una nueva construcci\u00f3n<\/strong>, en el otro extremo del edificio, lindero a la Junta Vecinal. La actual<strong> biblioteca<\/strong> tambi\u00e9n se dividir\u00e1, una parte ser\u00e1 utilizada para la sala de maestros y otra para la galer\u00eda interna que conectar\u00e1 la construcci\u00f3n nueva con la actual.<\/p>\n<blockquote><p>En este sentido, la ampliaci\u00f3n edilicia en la EEP N\u00ba 65 comprender\u00e1 un nuevo acceso a la instituci\u00f3n (por calle Bol\u00edvar) con vereda y rampa, patio de ingreso y de juegos, ampliaci\u00f3n de galer\u00eda y nuevo acceso, construcci\u00f3n de dos aulas, construcci\u00f3n de biblioteca, nuevo gabinete, refacci\u00f3n total de los sanitarios del establecimiento de nivel primario, colocaci\u00f3n de ca\u00f1er\u00eda para nueva provisi\u00f3n de agua, cerramiento de muros en l\u00ednea municipal, pintura exterior y rejas en acceso y forestaci\u00f3n.<\/p><\/blockquote>\n<p>En tanto que en la <strong>Escuela Secundaria N\u00ba 13<\/strong>, en base a la superficie entregada por la Escuela Primaria N\u00ba 65, y la construcci\u00f3n de oficinas y sanitarios en el patio, se<strong> rearmar\u00e1 la planta baja de la secundaria<\/strong>.<\/p>\n<p><img data-recalc-dims=\"1\" loading=\"lazy\" decoding=\"async\" class=\"alignnone size-full wp-image-178667 aligncenter\" src=\"https:\/\/i0.wp.com\/cdnoticias.com\/wp-content\/uploads\/2025\/08\/obras-escuela-villa-aurora-1.jpg?resize=800%2C445&#038;ssl=1\" alt=\"\" width=\"800\" height=\"445\" srcset=\"https:\/\/i0.wp.com\/cdnoticias.com\/wp-content\/uploads\/2025\/08\/obras-escuela-villa-aurora-1.jpg?w=1000&amp;ssl=1 1000w, https:\/\/i0.wp.com\/cdnoticias.com\/wp-content\/uploads\/2025\/08\/obras-escuela-villa-aurora-1.jpg?resize=300%2C167&amp;ssl=1 300w, https:\/\/i0.wp.com\/cdnoticias.com\/wp-content\/uploads\/2025\/08\/obras-escuela-villa-aurora-1.jpg?resize=768%2C427&amp;ssl=1 768w, https:\/\/i0.wp.com\/cdnoticias.com\/wp-content\/uploads\/2025\/08\/obras-escuela-villa-aurora-1.jpg?resize=800%2C445&amp;ssl=1 800w\" sizes=\"auto, (max-width: 800px) 100vw, 800px\" \/><\/p>\n<blockquote><p>En planta baja, se realizar\u00e1 un nuevo acceso al establecimiento por calle Betty Roca de Schwindt, con vereda de losetas y vado peatonal, se retomar\u00e1n las aulas cedidas por la Escuela Primaria y se crear\u00e1 una preceptor\u00eda y porter\u00eda, quedando en total con cinco aulas en planta baja.<\/p><\/blockquote>\n<p>En el patio existente, se realizar\u00e1 una la <strong>ampliaci\u00f3n con construcci\u00f3n tradicional<\/strong> de aproximadamente 50 metros cuadrados, que incluye:<strong> direcci\u00f3n, secretar\u00eda, sanitarios y gabinete.<\/strong><\/p>\n<p>Como parte de la obra en la EES N\u00ba 13 <strong>se reemplazar\u00e1 el piso y cielorraso en acceso y pasillo central de planta baja<\/strong>. Mientras que <strong>en planta alta se realizar\u00e1 el arreglo y pintura de todas las aberturas, cielorrasos y muros<\/strong>.<\/p>\n<h3>Etapas de obras<\/h3>\n<blockquote><p>Se aclar\u00f3 que &#8220;las obras se desarrollar\u00e1n siguiendo distintas etapas, la ejecuci\u00f3n de las mismas se iniciar\u00e1 con el ciclo lectivo en curso, con la ampliaci\u00f3n de la Escuela Primaria N\u00ba 65 con el patio y vereda de acceso, en primera instancia, sin entorpecer el funcionamiento de ambas escuelas. Una vez terminada esa primera etapa se realizar\u00e1 la conexi\u00f3n entre la actual y la antigua construcci\u00f3n, y se levantar\u00e1 un muro divisorio interno para separar los establecimientos&#8221;.<\/p><\/blockquote>\n<p>En el patio de la escuela secundaria se colocar\u00e1<strong> un tabique divisor<\/strong> de fen\u00f3lico con estructura de madera para realizar la<strong> segunda etapa de obra<\/strong> (construcci\u00f3n nueva), separado del resto. Una vez finalizado se conectar\u00e1 con el establecimiento y se continuar\u00e1 con el resto de la planta baja.<\/p>\n<p>Los<strong> ba\u00f1os de la escuela primaria se construir\u00e1n fuera del ciclo lectivo<\/strong>, por lo cual la empresa deber\u00e1 proveer al establecimiento cuatro ba\u00f1os qu\u00edmicos como m\u00ednimo, a partir del 1\u00ba de diciembre de 2025, hasta finalizar con los sanitarios internos.<\/p>\n<p>&#8220;En estas distintas etapas de obra planificadas <strong>se trata de compatibilizar los trabajos con el transcurrir del ciclo lectivo<\/strong> e ir anulando sectores con el consentimiento de las autoridades escolares, tratando de no entorpecer el funcionamiento&#8221; remarc\u00f3 el Ejecutivo.<\/p>\n<h3>Licitaci\u00f3n<\/h3>\n<p>La <strong>Licitaci\u00f3n P\u00fablica N\u00b021\/25 \u201cObra: Escuela Secundaria N\u00b0 13 y Primaria N\u00b0 65. Ampliaci\u00f3n y Refacci\u00f3n\u201d<\/strong> se abrir\u00e1 el d\u00eda <strong>jueves 28 de agosto, a las 10 horas<\/strong> en el Palacio San Mart\u00edn. El <strong>presupuesto oficial es de $ 470.940.000<\/strong>.<\/p>\n<p>En tanto que el pliego de bases y condiciones de la licitaci\u00f3n estar\u00e1 disponible a partir del pr\u00f3ximo lunes 11 de agosto, tanto en la Direcci\u00f3n de Licitaciones (Palacio San Mart\u00edn) y en la p\u00e1gina web del Municipio www.olavarria.gov.ar<\/p>\n","protected":false},"excerpt":{"rendered":"<p>El intendente estuvo en las instituciones para explicar los trabajos. La licitaci\u00f3n se abrir\u00e1 el d\u00eda 28 de agosto. El<\/p>\n","protected":false},"author":4,"featured_media":178666,"comment_status":"closed","ping_status":"closed","sticky":false,"template":"","format":"standard","meta":{"_jetpack_memberships_contains_paid_content":false,"footnotes":""},"categories":[5,1],"tags":[],"class_list":["post-178665","post","type-post","status-publish","format-standard","has-post-thumbnail","hentry","category-informacion-general","category-portada"],"jetpack_featured_media_url":"https:\/\/i0.wp.com\/cdnoticias.com\/wp-content\/uploads\/2025\/08\/obras-escuela-villa-aurora.jpg?fit=1000%2C556&ssl=1","jetpack_sharing_enabled":true,"_links":{"self":[{"href":"https:\/\/cdnoticias.com\/index.php\/wp-json\/wp\/v2\/posts\/178665","targetHints":{"allow":["GET"]}}],"collection":[{"href":"https:\/\/cdnoticias.com\/index.php\/wp-json\/wp\/v2\/posts"}],"about":[{"href":"https:\/\/cdnoticias.com\/index.php\/wp-json\/wp\/v2\/types\/post"}],"author":[{"embeddable":true,"href":"https:\/\/cdnoticias.com\/index.php\/wp-json\/wp\/v2\/users\/4"}],"replies":[{"embeddable":true,"href":"https:\/\/cdnoticias.com\/index.php\/wp-json\/wp\/v2\/comments?post=178665"}],"version-history":[{"count":0,"href":"https:\/\/cdnoticias.com\/index.php\/wp-json\/wp\/v2\/posts\/178665\/revisions"}],"wp:featuredmedia":[{"embeddable":true,"href":"https:\/\/cdnoticias.com\/index.php\/wp-json\/wp\/v2\/media\/178666"}],"wp:attachment":[{"href":"https:\/\/cdnoticias.com\/index.php\/wp-json\/wp\/v2\/media?parent=178665"}],"wp:term":[{"taxonomy":"category","embeddable":true,"href":"https:\/\/cdnoticias.com\/index.php\/wp-json\/wp\/v2\/categories?post=178665"},{"taxonomy":"post_tag","embeddable":true,"href":"https:\/\/cdnoticias.com\/index.php\/wp-json\/wp\/v2\/tags?post=178665"}],"curies":[{"name":"wp","href":"https:\/\/api.w.org\/{rel}","templated":true}]}}