{"id":178664,"date":"2025-08-06T10:41:43","date_gmt":"2025-08-06T13:41:43","guid":{"rendered":"https:\/\/cdnoticias.com\/?p=178664"},"modified":"2025-08-06T13:10:52","modified_gmt":"2025-08-06T16:10:52","slug":"el-ajuste-no-tiene-que-ser-con-los-discapacitados","status":"publish","type":"post","link":"https:\/\/cdnoticias.com\/index.php\/2025\/08\/06\/el-ajuste-no-tiene-que-ser-con-los-discapacitados\/","title":{"rendered":"\u201cEl ajuste no tiene que ser con los discapacitados\u201d"},"content":{"rendered":"\n<p>As\u00ed lo expres\u00f3 Maite Salerno referente de Familias TDAH Olavarr\u00eda. El impacto econ\u00f3mico del veto en las personas con discapacidad y sus familias.<\/p>\n\n\n\n<hr class=\"wp-block-separator has-alpha-channel-opacity\"\/>\n\n\n\n<p>Maite Salerno, integrante de la <strong>asociaci\u00f3n civil Familias TDAH Olavarr\u00eda <\/strong>expres\u00f3 el <a href=\"https:\/\/cdnoticias.com\/index.php\/2025\/08\/04\/repudio-al-veto-a-la-ley-de-emergencia-en-discapacidad-pedimos-a-nuestros-representantes-que-nos-vean\/\" target=\"_blank\" rel=\"noreferrer noopener\">repudio de la organizaci\u00f3n<\/a> al <strong>veto del presidente Javier Milei a la ley de emergencia en discapacidad,<\/strong> sancionada por el Congreso el 10 de julio.<\/p>\n\n\n\n<p><\/p>\n\n\n\n<p>El proyecto <strong>declaraba la emergencia nacional en discapacidad hasta 2026<\/strong>, creaba una nueva pensi\u00f3n no contributiva compatible con el trabajo formal y establec\u00eda actualizaciones autom\u00e1ticas de aranceles y compensaciones para prestadores.<\/p>\n\n\n\n<p><\/p>\n\n\n\n<p>El argumento del veto es que de implementarse la ley implicar\u00eda un gasto de <strong>m\u00e1s de 2 billones de pesos en 2025 y 4,7 billones en 20<\/strong>26, sin contemplar el impacto en el programa de atenci\u00f3n m\u00e9dica \u201cIncluir Salud\u201d.<\/p>\n\n\n\n<p><\/p>\n\n\n\n<p>\u201cEsto no es un qui\u00e9n gana, qui\u00e9n pierde, sino que los que estamos perdiendo somos las personas con discapacidad y todas las familias\u201d, se\u00f1al\u00f3 en di\u00e1logo con el <strong>programa Levantate por Radio Sapiens <\/strong>y agreg\u00f3: \u201cel veto lo que genera es que vamos a perder esos derechos adquiridos de prestaciones al 100%, profesionales que dejan de atender por obra social porque los nomencladores no est\u00e1n actualizados\u201d.<\/p>\n\n\n\n<p><\/p>\n\n\n\n<figure class=\"wp-block-image size-full\"><img data-recalc-dims=\"1\" loading=\"lazy\" decoding=\"async\" width=\"800\" height=\"445\" src=\"https:\/\/i0.wp.com\/cdnoticias.com\/wp-content\/uploads\/2023\/03\/familias-tdha.jpg?resize=800%2C445&#038;ssl=1\" alt=\"\" class=\"wp-image-79950\" srcset=\"https:\/\/i0.wp.com\/cdnoticias.com\/wp-content\/uploads\/2023\/03\/familias-tdha.jpg?w=800&amp;ssl=1 800w, https:\/\/i0.wp.com\/cdnoticias.com\/wp-content\/uploads\/2023\/03\/familias-tdha.jpg?resize=300%2C167&amp;ssl=1 300w, https:\/\/i0.wp.com\/cdnoticias.com\/wp-content\/uploads\/2023\/03\/familias-tdha.jpg?resize=768%2C427&amp;ssl=1 768w\" sizes=\"auto, (max-width: 800px) 100vw, 800px\" \/><\/figure>\n\n\n\n<p><\/p>\n\n\n\n<p>Salerno habl\u00f3 del <strong>impacto en t\u00e9rminos econ\u00f3micos para las familias<\/strong>: \u201cpor ejemplo un chico que tienen cinco terapias a la semana, m\u00e1s dos o tres medicaciones, m\u00e1s un acompa\u00f1ante terap\u00e9utico, <strong>supera el mill\u00f3n de pesos<\/strong>. Si te cortan esos derechos <strong>es imposible costearlo para una familia<\/strong>\u201d.<\/p>\n\n\n\n<p><\/p>\n\n\n\n<blockquote class=\"wp-block-quote is-layout-flow wp-block-quote-is-layout-flow\">\n<p>\u201cEstamos en una situaci\u00f3n cr\u00edtica\u201d, asegur\u00f3 y cont\u00f3 que \u201cyo no podr\u00eda costearle los tratamientos a mi hijo. Es angustiante, son temas sensibles, no se corta por lo m\u00e1s d\u00e9bil, el ajuste no tiene que ser con los discapacitados\u201d.<\/p>\n<\/blockquote>\n\n\n\n<p><\/p>\n\n\n\n<p>Por \u00faltimo, se\u00f1al\u00f3 que \u201cnos gustar\u00eda escuchar las voces de todas las fuerzas, porque esto no tiene un color pol\u00edtico\u201d y resalt\u00f3 que <strong>\u201cse seguir\u00e1 apelando y se va a judicializar porque va en contra de las garant\u00edas constitucionales\u201d.<\/strong><\/p>\n\n\n\n<p><\/p>\n\n\n<blockquote class=\"wp-embedded-content\" data-secret=\"6VMsZI50rX\"><a href=\"https:\/\/cdnoticias.com\/index.php\/2025\/08\/05\/importante-convocatoria-en-repudio-al-veto-de-milei-a-la-ley-de-emergencia-en-discapacidad\/\">Importante convocatoria en repudio al veto de Milei a la Ley de Emergencia en Discapacidad<\/a><\/blockquote><iframe loading=\"lazy\" class=\"wp-embedded-content\" sandbox=\"allow-scripts\" security=\"restricted\" style=\"position: absolute; visibility: hidden;\" title=\"&#8220;Importante convocatoria en repudio al veto de Milei a la Ley de Emergencia en Discapacidad&#8221; &#8212; Central de Noticias | Olavarr\u00eda\" src=\"https:\/\/cdnoticias.com\/index.php\/2025\/08\/05\/importante-convocatoria-en-repudio-al-veto-de-milei-a-la-ley-de-emergencia-en-discapacidad\/embed\/#?secret=IsqOaMMGfc#?secret=6VMsZI50rX\" data-secret=\"6VMsZI50rX\" width=\"600\" height=\"338\" frameborder=\"0\" marginwidth=\"0\" marginheight=\"0\" scrolling=\"no\"><\/iframe>\n","protected":false},"excerpt":{"rendered":"<p>As\u00ed lo expres\u00f3 Maite Salerno referente de Familias TDAH Olavarr\u00eda. El impacto econ\u00f3mico del veto en las personas con discapacidad<\/p>\n","protected":false},"author":5,"featured_media":62579,"comment_status":"closed","ping_status":"closed","sticky":false,"template":"","format":"standard","meta":{"_jetpack_memberships_contains_paid_content":false,"footnotes":""},"categories":[5,1],"tags":[],"class_list":["post-178664","post","type-post","status-publish","format-standard","has-post-thumbnail","hentry","category-informacion-general","category-portada"],"jetpack_featured_media_url":"https:\/\/i0.wp.com\/cdnoticias.com\/wp-content\/uploads\/2022\/08\/HCD-chamula-3-maite-salerno.jpeg?fit=1280%2C855&ssl=1","jetpack_sharing_enabled":true,"_links":{"self":[{"href":"https:\/\/cdnoticias.com\/index.php\/wp-json\/wp\/v2\/posts\/178664","targetHints":{"allow":["GET"]}}],"collection":[{"href":"https:\/\/cdnoticias.com\/index.php\/wp-json\/wp\/v2\/posts"}],"about":[{"href":"https:\/\/cdnoticias.com\/index.php\/wp-json\/wp\/v2\/types\/post"}],"author":[{"embeddable":true,"href":"https:\/\/cdnoticias.com\/index.php\/wp-json\/wp\/v2\/users\/5"}],"replies":[{"embeddable":true,"href":"https:\/\/cdnoticias.com\/index.php\/wp-json\/wp\/v2\/comments?post=178664"}],"version-history":[{"count":0,"href":"https:\/\/cdnoticias.com\/index.php\/wp-json\/wp\/v2\/posts\/178664\/revisions"}],"wp:featuredmedia":[{"embeddable":true,"href":"https:\/\/cdnoticias.com\/index.php\/wp-json\/wp\/v2\/media\/62579"}],"wp:attachment":[{"href":"https:\/\/cdnoticias.com\/index.php\/wp-json\/wp\/v2\/media?parent=178664"}],"wp:term":[{"taxonomy":"category","embeddable":true,"href":"https:\/\/cdnoticias.com\/index.php\/wp-json\/wp\/v2\/categories?post=178664"},{"taxonomy":"post_tag","embeddable":true,"href":"https:\/\/cdnoticias.com\/index.php\/wp-json\/wp\/v2\/tags?post=178664"}],"curies":[{"name":"wp","href":"https:\/\/api.w.org\/{rel}","templated":true}]}}