{"id":178599,"date":"2025-08-05T18:59:17","date_gmt":"2025-08-05T21:59:17","guid":{"rendered":"https:\/\/cdnoticias.com\/?p=178599"},"modified":"2025-08-05T18:59:19","modified_gmt":"2025-08-05T21:59:19","slug":"paritarias-en-provincia-todavia-no-hay-propuesta-de-aumentos-salarial","status":"publish","type":"post","link":"https:\/\/cdnoticias.com\/index.php\/2025\/08\/05\/paritarias-en-provincia-todavia-no-hay-propuesta-de-aumentos-salarial\/","title":{"rendered":"Paritarias en Provincia: todav\u00eda no hay propuesta de aumentos salarial"},"content":{"rendered":"\n<p>El Gobierno de la Provincia de Buenos Aires reabri\u00f3 formalmente este martes las discusiones paritarias con los sindicatos docentes y estatales. Se entr\u00f3 en un cuarto intermedio.<\/p>\n\n\n\n<hr class=\"wp-block-separator aligncenter has-alpha-channel-opacity\"\/>\n\n\n\n<p><strong>A primer turno<\/strong>, las autoridades de los ministerios de Econom\u00eda, Empleo P\u00fablico, Hacienda, Educaci\u00f3n y Trabajo <strong>se reunieron con los gremios de maestros<\/strong> en lo que com\u00fanmente se conoce como una <strong>reuni\u00f3n de aproximaci\u00f3n.<\/strong><\/p>\n\n\n\n<p><\/p>\n\n\n\n<p>Sin una <strong>oferta concreta,<\/strong> las partes hicieron \u201c<strong>un an\u00e1lisis de los \u00edndices de inflaci\u00f3n, del impacto en el salario docente y de la situaci\u00f3n compleja que en particular atraviesa nuestro sector\u201d<\/strong> indicaron desde el <strong>Frente de Unidad Docente Bonaerense (FUDB).<\/strong><\/p>\n\n\n\n<p><\/p>\n\n\n\n<blockquote class=\"wp-block-quote is-layout-flow wp-block-quote-is-layout-flow\">\n<p>Seg\u00fan informaron los sindicatos, el Gobierno les expres\u00f3 las dificultades financieras que enfrenta la Provincia \u201ccomo resultado de medidas tomadas por el Ejecutivo Nacional\u201d.<\/p>\n<\/blockquote>\n\n\n\n<p><\/p>\n\n\n\n<p>En especial hicieron referencia a la <strong>deuda nacional con la provincia<\/strong>, que de acuerdo a lo informado por el ministro Carlos Bianco en conferencia de prensa, es de <strong>ahora $12 billones.<\/strong><\/p>\n\n\n\n<p><\/p>\n\n\n\n<p>Los gremios docentes plantearon <strong><em>\u201cla necesidad de fortalecer el poder adquisitivo del salario docente estableciendo un incremento salarial para el mes de agosto, dado que se est\u00e1 cobrando en esta semana el incremento del mes de julio. Y de este modo se le d\u00e9 continuidad a la recuperaci\u00f3n salarial\u201d<\/em><\/strong> consideraron.<\/p>\n\n\n\n<p><\/p>\n\n\n\n<p>Agregaron que el Ejecutivo provincial \u201ctom\u00f3 nota de los requerimientos del FUDB\u201d y, mediante un cuarto intermedio, <strong>convoc\u00f3 a una pr\u00f3xima reuni\u00f3n para el viernes 8 de agosto<\/strong> con el objetivo de dar continuidad a la mesa paritaria.<\/p>\n\n\n\n<p><\/p>\n\n\n\n<h2 class=\"wp-block-heading\">Los estatales tambi\u00e9n iniciaron las conversaciones<\/h2>\n\n\n\n<p>En tanto, desde las 12:30 se llevaron a cabo las<strong> negociaciones con los trabajadores de la administraci\u00f3n p\u00fablica<\/strong> encuadrados en la Ley 10.430. En ese marco, ATE bonaerense se reuni\u00f3 con funcionarios de la provincia en el ministerio de Trabajo con el objetivo de alcanzar un acuerdo salarial que recupere el poder adquisitivo en general, pero <strong>haciendo hincapi\u00e9 en los que menos ganan.<\/strong><\/p>\n\n\n\n<p><\/p>\n\n\n\n<p>Representantes de ATE plantearon <strong><em>\u201cla necesidad de un salario de emergencia, el pase a planta permanente de todos los temporarios, incluso los que ingresaron 2025 y cualquier ingreso que haya desde la fecha en adelante\u201d.<\/em><\/strong><\/p>\n\n\n\n<p><\/p>\n\n\n\n<blockquote class=\"wp-block-quote is-layout-flow wp-block-quote-is-layout-flow\">\n<p>En el sector salud se solicit\u00f3 el pase de becas de capacitaci\u00f3n a contingencia con fecha cierta 1\u00b0 de septiembre y una mesa de seguimiento de pase a planta transitoria de becarios de contingencia.<\/p>\n<\/blockquote>\n\n\n\n<p><\/p>\n\n\n\n<p>Otro tema central fue poner en debate <strong>\u201cla reducci\u00f3n de la jornada laboral de 40 a 30 horas sin p\u00e9rdida de poder adquisitivo, as\u00ed como las recategorizaciones y la discusi\u00f3n del Convenio Colectivo de Trabajo\u201d<\/strong> dijeron.<\/p>\n\n\n\n<p><\/p>\n\n\n\n<p>En tanto, desde UPCN exigieron que el ofrecimiento incluya un<strong> aumento salarial en agosto<\/strong> y anticiparon que la provincia analiza un incremento en dos cuotas pero para los meses de septiembre y octubre.<\/p>\n\n\n\n<p><\/p>\n\n\n\n<p>Cabe recordar que en la previa al reinicio de las conversaciones, autoridades provinciales anticiparon que<strong> las negociaciones \u201cvan a llevar varios d\u00edas<\/strong>\u201d y prometieron\u00a0 que la gesti\u00f3n de Axel Kicillof <strong><em>\u201cseguir\u00e1 haciendo un esfuerzo muy grande para asegurar que no caiga el poder adquisitivo de los salarios\u201d.<\/em><\/strong><\/p>\n\n\n\n<p><\/p>\n\n\n\n<p>Fuente: DIB <\/p>\n\n\n\n<p><\/p>\n","protected":false},"excerpt":{"rendered":"<p>El Gobierno de la Provincia de Buenos Aires reabri\u00f3 formalmente este martes las discusiones paritarias con los sindicatos docentes y<\/p>\n","protected":false},"author":6,"featured_media":178617,"comment_status":"closed","ping_status":"closed","sticky":false,"template":"","format":"standard","meta":{"_jetpack_memberships_contains_paid_content":false,"footnotes":""},"categories":[6,1],"tags":[],"class_list":["post-178599","post","type-post","status-publish","format-standard","has-post-thumbnail","hentry","category-nacionales","category-portada"],"jetpack_featured_media_url":"https:\/\/i0.wp.com\/cdnoticias.com\/wp-content\/uploads\/2025\/08\/paritarias-encuentro-.jpg?fit=900%2C599&ssl=1","jetpack_sharing_enabled":true,"_links":{"self":[{"href":"https:\/\/cdnoticias.com\/index.php\/wp-json\/wp\/v2\/posts\/178599","targetHints":{"allow":["GET"]}}],"collection":[{"href":"https:\/\/cdnoticias.com\/index.php\/wp-json\/wp\/v2\/posts"}],"about":[{"href":"https:\/\/cdnoticias.com\/index.php\/wp-json\/wp\/v2\/types\/post"}],"author":[{"embeddable":true,"href":"https:\/\/cdnoticias.com\/index.php\/wp-json\/wp\/v2\/users\/6"}],"replies":[{"embeddable":true,"href":"https:\/\/cdnoticias.com\/index.php\/wp-json\/wp\/v2\/comments?post=178599"}],"version-history":[{"count":0,"href":"https:\/\/cdnoticias.com\/index.php\/wp-json\/wp\/v2\/posts\/178599\/revisions"}],"wp:featuredmedia":[{"embeddable":true,"href":"https:\/\/cdnoticias.com\/index.php\/wp-json\/wp\/v2\/media\/178617"}],"wp:attachment":[{"href":"https:\/\/cdnoticias.com\/index.php\/wp-json\/wp\/v2\/media?parent=178599"}],"wp:term":[{"taxonomy":"category","embeddable":true,"href":"https:\/\/cdnoticias.com\/index.php\/wp-json\/wp\/v2\/categories?post=178599"},{"taxonomy":"post_tag","embeddable":true,"href":"https:\/\/cdnoticias.com\/index.php\/wp-json\/wp\/v2\/tags?post=178599"}],"curies":[{"name":"wp","href":"https:\/\/api.w.org\/{rel}","templated":true}]}}