{"id":178554,"date":"2025-08-06T16:09:09","date_gmt":"2025-08-06T19:09:09","guid":{"rendered":"https:\/\/cdnoticias.com\/?p=178554"},"modified":"2025-08-06T19:24:04","modified_gmt":"2025-08-06T22:24:04","slug":"la-baja-natalidad-nacional-tambien-se-ve-en-olavarria","status":"publish","type":"post","link":"https:\/\/cdnoticias.com\/index.php\/2025\/08\/06\/la-baja-natalidad-nacional-tambien-se-ve-en-olavarria\/","title":{"rendered":"La baja natalidad nacional tambi\u00e9n se ve en Olavarr\u00eda"},"content":{"rendered":"<p>Los datos del Ministerio de Salud demuestran un cambio rotundo. El pediatra Gast\u00f3n Seambelar asegur\u00f3 que el fen\u00f3meno se advierte como una realidad local.<!--more--><\/p>\n<hr \/>\n<p><em>Por Roc\u00edo Vergara \u2013 para Agencia Comunica<\/em><\/p>\n<p><strong>El Hospital Municipal es testigo de lo que sucede en Olavarr\u00eda: un descenso en la cantidad de nacimientos.<\/strong> En los pasillos los llantos no se escuchan con frecuencia y muchas de las mujeres no vuelven a casa con un beb\u00e9 en brazos.<\/p>\n<blockquote><p>El Dr. Gast\u00f3n Seambelar, m\u00e9dico pediatra, afirma que \u201cel descenso de la natalidad se da en todos los \u00e1mbitos, tanto en el p\u00fablico como en el privado. Sucede en todo el pa\u00eds, en el mundo y Olavarr\u00eda no escapa a esa realidad\u201d.<\/p><\/blockquote>\n<p><strong>En Argentina hubo un total de 460.902 nacimientos en 2023.<\/strong> En comparativa con el 2014, se visualiz\u00f3 una <strong>baja de la fecundidad del 40%.<\/strong> El desarrollo personal de las mujeres ha demostrado un empoderamiento en ellas lo que se ve reflejado en la baja natalidad, pero esto no es algo que sucede en el 2025, porque \u201cviene de un periodo m\u00e1s largo de tiempo de por ah\u00ed tres, cuatro a\u00f1os para atr\u00e1s aunque en este a\u00f1o se ha profundizado\u201d.<\/p>\n<p><strong>En solo nueve a\u00f1os la tasa de natalidad disminuy\u00f3 de 2,3% a 1,33% de hijos por mujer<\/strong>, seg\u00fan datos del Ministerio de Salud. \u201cEs francamente palpable en la actividad diaria. <strong>En las guardias y en la actividad del servicio de pediatr\u00eda, se observa un descenso significativo en los partos, en las ces\u00e1reas\u201d<\/strong>.<\/p>\n<h3>Una maternidad no romantizada<\/h3>\n<blockquote><p>\u201cHoy encontramos que mujeres un poco m\u00e1s grandes que no han tenido hijos, tienen esta vocaci\u00f3n de buscar hijos a pesar del transcurso de los a\u00f1os\u201d, se\u00f1a el m\u00e9dico. Seg\u00fan datos del Instituto de Estad\u00edstica y Censos porte\u00f1o (IDECBA), la mayor concentraci\u00f3n de nacimientos se refleja en mujeres de 30 a 39 a\u00f1os.<\/p><\/blockquote>\n<p><strong>En 2023 la tasa de fecundidad adolescente fue de 11,5, es decir que un 64% menor<\/strong> en relaci\u00f3n con el a\u00f1o 2005, un dato que para los profesionales indica que esto implica <em>mayores oportunidades para que los adolescentes puedan desarrollarse educativamente<\/em>.<\/p>\n<p>Esto demuestra que <strong>se ha frenado el incremento del embarazo adolescente<\/strong>, debido a que \u201cen los en los servicios territoriales se trabaja con la <strong>promoci\u00f3n y prevenci\u00f3n del embarazo adolescente, otorgando m\u00e9todos anticonceptivos<\/strong> a las chicas, implementando la <strong>educaci\u00f3n sexual integral<\/strong> que se da en las escuelas\u201d.<\/p>\n<h3>Un nuevo futuro<\/h3>\n<p><strong>La baja no se percibe como una mala noticia<\/strong>, sino que evidencia que <strong>las mujeres pueden decidir por sus cuerpos<\/strong>, que toman iniciativas sobre su futuro, sobre sus proyectos y carreras profesionales. La alarma no se enciende, porque la feminidades eligen c\u00f3mo quieren construir su vida m\u00e1s all\u00e1 de la reproducci\u00f3n o \u201cel mantenimiento de la sociedad\u201d. El cambio en los n\u00fameros muestra las <strong>nuevas prioridades de las generaciones, las maternidades deseadas, de infancias y nacimientos planificados<\/strong> con tiempo, con recursos y el deseo real. Las mujeres no son solo madres, tambi\u00e9n son y pueden ser trabajadoras, estudiantes, viajeras, militantes, creadoras, artistas. Porque tambi\u00e9n son sujetos con deseos y con decisiones individuales.<\/p>\n<blockquote><p>Qued\u00f3 atr\u00e1s el mandato tradicional donde las mujeres eran el \u201ccentro\u201d de la familia, como \u00fanica posibilidad de la vitalidad. Entonces es que \u201cse habla en muchos lugares del peligro que puede traer esto en cuanto a la disminuci\u00f3n de la poblaci\u00f3n, habr\u00e1 que ver en el tiempo y ver esos efectos secundarios, si aparecen, c\u00f3mo abordarlos\u2026 Volver atr\u00e1s en derechos adquiridos por parte de la mujer, no es algo viable\u201d, dice el Dr. Seambelar.<\/p><\/blockquote>\n<p>El descenso de la natalidad es el significado del <strong>nacimiento de un nuevo tipo de vida<\/strong>: uno donde cada nacimiento es decidido con deseo y con sentimientos. Aunque en los pasillos ya no se escuchan llantos, no significa que no haya vida, sino otra manera de habitarla.<\/p>\n","protected":false},"excerpt":{"rendered":"<p>Los datos del Ministerio de Salud demuestran un cambio rotundo. El pediatra Gast\u00f3n Seambelar asegur\u00f3 que el fen\u00f3meno se advierte<\/p>\n","protected":false},"author":4,"featured_media":178557,"comment_status":"closed","ping_status":"closed","sticky":false,"template":"","format":"standard","meta":{"_jetpack_memberships_contains_paid_content":false,"footnotes":""},"categories":[5,1],"tags":[],"class_list":["post-178554","post","type-post","status-publish","format-standard","has-post-thumbnail","hentry","category-informacion-general","category-portada"],"jetpack_featured_media_url":"https:\/\/i0.wp.com\/cdnoticias.com\/wp-content\/uploads\/2025\/08\/cuna-vacia.jpg?fit=800%2C445&ssl=1","jetpack_sharing_enabled":true,"_links":{"self":[{"href":"https:\/\/cdnoticias.com\/index.php\/wp-json\/wp\/v2\/posts\/178554","targetHints":{"allow":["GET"]}}],"collection":[{"href":"https:\/\/cdnoticias.com\/index.php\/wp-json\/wp\/v2\/posts"}],"about":[{"href":"https:\/\/cdnoticias.com\/index.php\/wp-json\/wp\/v2\/types\/post"}],"author":[{"embeddable":true,"href":"https:\/\/cdnoticias.com\/index.php\/wp-json\/wp\/v2\/users\/4"}],"replies":[{"embeddable":true,"href":"https:\/\/cdnoticias.com\/index.php\/wp-json\/wp\/v2\/comments?post=178554"}],"version-history":[{"count":0,"href":"https:\/\/cdnoticias.com\/index.php\/wp-json\/wp\/v2\/posts\/178554\/revisions"}],"wp:featuredmedia":[{"embeddable":true,"href":"https:\/\/cdnoticias.com\/index.php\/wp-json\/wp\/v2\/media\/178557"}],"wp:attachment":[{"href":"https:\/\/cdnoticias.com\/index.php\/wp-json\/wp\/v2\/media?parent=178554"}],"wp:term":[{"taxonomy":"category","embeddable":true,"href":"https:\/\/cdnoticias.com\/index.php\/wp-json\/wp\/v2\/categories?post=178554"},{"taxonomy":"post_tag","embeddable":true,"href":"https:\/\/cdnoticias.com\/index.php\/wp-json\/wp\/v2\/tags?post=178554"}],"curies":[{"name":"wp","href":"https:\/\/api.w.org\/{rel}","templated":true}]}}