{"id":178473,"date":"2025-08-07T17:23:51","date_gmt":"2025-08-07T20:23:51","guid":{"rendered":"https:\/\/cdnoticias.com\/?p=178473"},"modified":"2025-08-07T18:12:08","modified_gmt":"2025-08-07T21:12:08","slug":"conoce-el-cronograma-del-ciclo-de-jornadas-de-salud-sexual-y-reproductiva","status":"publish","type":"post","link":"https:\/\/cdnoticias.com\/index.php\/2025\/08\/07\/conoce-el-cronograma-del-ciclo-de-jornadas-de-salud-sexual-y-reproductiva\/","title":{"rendered":"Conoc\u00e9 el cronograma del ciclo de jornadas de Salud Sexual y Reproductiva"},"content":{"rendered":"\n<p>En las jornadas se realizar\u00e1n controles ginecol\u00f3gicos, toma de muestra para PAP, consejer\u00eda en salud sexual y reproductiva, colocaci\u00f3n de m\u00e9todos anticonceptivos de larga duraci\u00f3n y actualizaci\u00f3n de calendario de vacunaci\u00f3n (vacunas para todas las edades). Se solicita concurrir con DNI, Libreta Sanitaria y Carnet Hospitalario.<\/p>\n\n\n\n<hr class=\"wp-block-separator aligncenter has-alpha-channel-opacity\"\/>\n\n\n\n<p>Desde el <strong>9 de agosto,<\/strong> contin\u00faa el ciclo de <strong>jornadas de Salud Sexual y Reproductiva<\/strong> con sede en los <strong>distintos Servicios Municipales Territoriales.<\/strong>&nbsp;<\/p>\n\n\n\n<p><\/p>\n\n\n\n<p>Las jornadas, organizadas por territorio, <strong>son abiertas a la comunidad en general. <\/strong>Cuentan con la participaci\u00f3n de personal del Programa de Salud Sexual, Atenci\u00f3n Primaria de&nbsp; la Salud, Servicio de Ginecolog\u00eda, Residencia de Medicina General, Residencia de Enfermer\u00eda Comunitaria y Promotores de Salud.<\/p>\n\n\n\n<p><\/p>\n\n\n\n<p><strong>Cronograma correspondiente a los meses de agosto y septiembre<\/strong><\/p>\n\n\n\n<ul class=\"wp-block-list\">\n<li>09 de agosto: Territorial N.\u00ba 2 ubicado en Alberdi y Coronel Su\u00e1rez, de 9 a 14 horas.<\/li>\n\n\n\n<li>23 de agosto: Territorial N\u00b0 4 ubicado en Rufino Fal y Berutti, de 9 a 13 horas.<\/li>\n\n\n\n<li>9 de septiembre:\u00a0 Hospital Municipal de Espigas, de 9 a 13 horas.<\/li>\n\n\n\n<li>13 de septiembre: CIC ubicado en calle 113 bis 601, de 9 a 13 horas. <\/li>\n<\/ul>\n\n\n\n<p><\/p>\n\n\n\n<p>En las jornadas se realizar\u00e1n <strong>controles ginecol\u00f3gicos, toma de muestra para PAP, consejer\u00eda en salud sexual y reproductiva, colocaci\u00f3n de m\u00e9todos anticonceptivos de larga duraci\u00f3n y actualizaci\u00f3n de calendario de vacunaci\u00f3n<\/strong> (vacunas para todas las edades). Se solicita <strong>concurrir con DNI, Libreta Sanitaria y Carnet Hospitalario.<\/strong><\/p>\n\n\n\n<p><\/p>\n","protected":false},"excerpt":{"rendered":"<p>En las jornadas se realizar\u00e1n controles ginecol\u00f3gicos, toma de muestra para PAP, consejer\u00eda en salud sexual y reproductiva, colocaci\u00f3n de<\/p>\n","protected":false},"author":6,"featured_media":178475,"comment_status":"closed","ping_status":"closed","sticky":false,"template":"","format":"standard","meta":{"_jetpack_memberships_contains_paid_content":false,"footnotes":""},"categories":[5,1],"tags":[],"class_list":["post-178473","post","type-post","status-publish","format-standard","has-post-thumbnail","hentry","category-informacion-general","category-portada"],"jetpack_featured_media_url":"https:\/\/i0.wp.com\/cdnoticias.com\/wp-content\/uploads\/2025\/08\/jornadas-sanitarias1.jpg?fit=900%2C506&ssl=1","jetpack_sharing_enabled":true,"_links":{"self":[{"href":"https:\/\/cdnoticias.com\/index.php\/wp-json\/wp\/v2\/posts\/178473","targetHints":{"allow":["GET"]}}],"collection":[{"href":"https:\/\/cdnoticias.com\/index.php\/wp-json\/wp\/v2\/posts"}],"about":[{"href":"https:\/\/cdnoticias.com\/index.php\/wp-json\/wp\/v2\/types\/post"}],"author":[{"embeddable":true,"href":"https:\/\/cdnoticias.com\/index.php\/wp-json\/wp\/v2\/users\/6"}],"replies":[{"embeddable":true,"href":"https:\/\/cdnoticias.com\/index.php\/wp-json\/wp\/v2\/comments?post=178473"}],"version-history":[{"count":0,"href":"https:\/\/cdnoticias.com\/index.php\/wp-json\/wp\/v2\/posts\/178473\/revisions"}],"wp:featuredmedia":[{"embeddable":true,"href":"https:\/\/cdnoticias.com\/index.php\/wp-json\/wp\/v2\/media\/178475"}],"wp:attachment":[{"href":"https:\/\/cdnoticias.com\/index.php\/wp-json\/wp\/v2\/media?parent=178473"}],"wp:term":[{"taxonomy":"category","embeddable":true,"href":"https:\/\/cdnoticias.com\/index.php\/wp-json\/wp\/v2\/categories?post=178473"},{"taxonomy":"post_tag","embeddable":true,"href":"https:\/\/cdnoticias.com\/index.php\/wp-json\/wp\/v2\/tags?post=178473"}],"curies":[{"name":"wp","href":"https:\/\/api.w.org\/{rel}","templated":true}]}}