{"id":178426,"date":"2025-08-04T11:16:21","date_gmt":"2025-08-04T14:16:21","guid":{"rendered":"https:\/\/cdnoticias.com\/?p=178426"},"modified":"2025-08-04T11:16:22","modified_gmt":"2025-08-04T14:16:22","slug":"leonor-esther-irazar-viuda-de-humberto-abue-leo-q-e-p-d","status":"publish","type":"post","link":"https:\/\/cdnoticias.com\/index.php\/2025\/08\/04\/leonor-esther-irazar-viuda-de-humberto-abue-leo-q-e-p-d\/","title":{"rendered":"Leonor Esther Irazar viuda de Humberto &#8220;Abue Leo&#8221; (Q.E.P.D.)"},"content":{"rendered":"<p>Falleci\u00f3 en Olavarr\u00eda el 4 de agosto de 2025 a los 93 a\u00f1os.<\/p>\n<p>Sus hijos Jorge y Ra\u00fal Humberto. Sus hijas pol\u00edticas M\u00f3nica e Hilda. Sus nietos Pablo, Pamela, Jorgelina, Mar\u00eda, Laura, Juan, Roc\u00edo y Mart\u00edn, y dem\u00e1s deudos participan su fallecimiento.<\/p>\n<p>Sus restos ser\u00e1n velados en la Sala de Espa\u00f1a 2942 departamento \u201cD\u201d desde las 12 horas hasta las 23 horas, y cremados en el Crematorio Pinos de Paz en d\u00eda y horario a confirmar. Responso en la Capilla Ardiente. Servicio adherido a Coopelectric.<\/p>\n<p>Nacida en Olavarr\u00eda, vecina de barrio San Vicente, jubilada y pensionada.<\/p>\n","protected":false},"excerpt":{"rendered":"<p>Falleci\u00f3 en Olavarr\u00eda el 4 de agosto de 2025 a los 93 a\u00f1os. Sus hijos Jorge y Ra\u00fal Humberto. Sus<\/p>\n","protected":false},"author":4,"featured_media":51544,"comment_status":"closed","ping_status":"closed","sticky":false,"template":"","format":"standard","meta":{"_jetpack_memberships_contains_paid_content":false,"footnotes":""},"categories":[10],"tags":[],"class_list":["post-178426","post","type-post","status-publish","format-standard","has-post-thumbnail","hentry","category-necrologicas"],"jetpack_featured_media_url":"https:\/\/i0.wp.com\/cdnoticias.com\/wp-content\/uploads\/2022\/04\/necrologicas-390-x-240.jpg?fit=390%2C240&ssl=1","jetpack_sharing_enabled":true,"_links":{"self":[{"href":"https:\/\/cdnoticias.com\/index.php\/wp-json\/wp\/v2\/posts\/178426","targetHints":{"allow":["GET"]}}],"collection":[{"href":"https:\/\/cdnoticias.com\/index.php\/wp-json\/wp\/v2\/posts"}],"about":[{"href":"https:\/\/cdnoticias.com\/index.php\/wp-json\/wp\/v2\/types\/post"}],"author":[{"embeddable":true,"href":"https:\/\/cdnoticias.com\/index.php\/wp-json\/wp\/v2\/users\/4"}],"replies":[{"embeddable":true,"href":"https:\/\/cdnoticias.com\/index.php\/wp-json\/wp\/v2\/comments?post=178426"}],"version-history":[{"count":0,"href":"https:\/\/cdnoticias.com\/index.php\/wp-json\/wp\/v2\/posts\/178426\/revisions"}],"wp:featuredmedia":[{"embeddable":true,"href":"https:\/\/cdnoticias.com\/index.php\/wp-json\/wp\/v2\/media\/51544"}],"wp:attachment":[{"href":"https:\/\/cdnoticias.com\/index.php\/wp-json\/wp\/v2\/media?parent=178426"}],"wp:term":[{"taxonomy":"category","embeddable":true,"href":"https:\/\/cdnoticias.com\/index.php\/wp-json\/wp\/v2\/categories?post=178426"},{"taxonomy":"post_tag","embeddable":true,"href":"https:\/\/cdnoticias.com\/index.php\/wp-json\/wp\/v2\/tags?post=178426"}],"curies":[{"name":"wp","href":"https:\/\/api.w.org\/{rel}","templated":true}]}}