{"id":178422,"date":"2025-08-04T11:02:58","date_gmt":"2025-08-04T14:02:58","guid":{"rendered":"https:\/\/cdnoticias.com\/?p=178422"},"modified":"2025-08-04T12:04:00","modified_gmt":"2025-08-04T15:04:00","slug":"repudio-al-veto-a-la-ley-de-emergencia-en-discapacidad-pedimos-a-nuestros-representantes-que-nos-vean","status":"publish","type":"post","link":"https:\/\/cdnoticias.com\/index.php\/2025\/08\/04\/repudio-al-veto-a-la-ley-de-emergencia-en-discapacidad-pedimos-a-nuestros-representantes-que-nos-vean\/","title":{"rendered":"Repudio al veto a la Ley de Emergencia en Discapacidad: \u201cPedimos a nuestros representantes que nos vean\u201d"},"content":{"rendered":"<p>Lo expres\u00f3 la Asociaci\u00f3n Civil Familias TDAH Olavarr\u00eda que remarc\u00f3 su intenci\u00f3n: \u201cbuscamos que se cumplan los derechos\u201d. Dejaron un mensaje para los legisladores nacionales: \u201cno sean indiferentes, vetar esta ley es abandonarnos\u201d.<!--more--><\/p>\n<hr \/>\n<p>La Asociaci\u00f3n Civil Familias TDAH Olavarr\u00eda se expres\u00f3 en rechazo a la <a href=\"https:\/\/cdnoticias.com\/index.php\/2025\/08\/02\/el-gobierno-veto-las-leyes-de-jubilaciones-y-discapacidad-y-apuesta-a-bloquear-su-rechazo-en-diputados\/\" target=\"_blank\" rel=\"noopener\">decisi\u00f3n presidencial de vetar la Ley de Emergencia en Discapacidad<\/a> que hab\u00eda sido <a href=\"https:\/\/cdnoticias.com\/index.php\/2025\/07\/10\/el-senado-aprobo-aumentos-a-jubilaciones-extension-de-la-moratoria-y-emergencia-en-discapacidad\/\" target=\"_blank\" rel=\"noopener\">aprobada por el Congreso de la Naci\u00f3n<\/a>.<\/p>\n<blockquote><p>A trav\u00e9s de un comunicado, la entidad manifest\u00f3 su \u201crepudio\u201d y defini\u00f3 \u201cle pedimos a nuestros representantes que nos vean, no somos invisibles, y se comprometan con una causa que no distingue ni banderas, ni partidos, ni religi\u00f3n\u201d.<\/p><\/blockquote>\n<p>La nota lleva las firmas de<strong> Maite Salerno y Romina Rodr\u00edguez, presidenta y secretaria respectivamente de la Asociaci\u00f3n Civil Familias TDAH Olavarr\u00eda<\/strong>. Sostuvieron que <strong>\u201ctenemos necesidades y derechos que nos amparan.<\/strong> No buscamos festejar una ley,<strong> buscamos que se cumplan los derechos<\/strong>. Para quienes no conviven con la discapacidad solo a modo r\u00e1pido e informativo les contamos que <strong>nuestro d\u00eda a d\u00eda es dif\u00edcil, terapias, medicaci\u00f3n y acompa\u00f1amiento terap\u00e9utico (ronda la hora de un AT entre $5000 y $7000, lo que ser\u00eda por semana m\u00ednimo $100.000)<\/strong>\u201d.<\/p>\n<p>Adem\u00e1s de la referencia del costo del servicio de Ayudante Terap\u00e9utico, la agrupaci\u00f3n advirti\u00f3 por los<strong> costos de otros servicios como psicolog\u00eda, fonoaudiolog\u00eda, terapia ocupacional, psicopedagog\u00eda, control m\u00e9dico profesional<\/strong>. A ello a\u00f1adieron costos de <strong>medicaci\u00f3n<\/strong>, \u201cmuchos tomamos m\u00e1s de tres medicamentos al d\u00eda\u201d. En ese sentido se se\u00f1al\u00f3 que \u201cmuchas familias hacemos m\u00e1s de 5 terapias por semana\u201d a los que acceden gracias a<strong> \u201cestos derechos que otorga un CUD\u201d<\/strong>.<\/p>\n<p>M\u00e1s adelante se manifestaron en <strong>apoyo al reclamo de los prestadores de salud: \u201clamentablemente los nomencladores no se actualizan desde hace m\u00e1s de un a\u00f1o<\/strong>. C\u00f3mo familias estamos agradecidos de su compromiso, dedicaci\u00f3n y profesionalismo valorando que en la mayor\u00eda de las veces excede los 40 minutos de una terapia y pasan a escucharnos y acompa\u00f1arnos 24 x 7 los 365 d\u00edas del a\u00f1o\u201d.<\/p>\n<blockquote><p>Familias TDAH subray\u00f3 que \u201cnosotros s\u00ed reconocemos su trabajo y es dif\u00edcil sostener tambi\u00e9n sus gastos sin actualizaciones lo que conlleva a que dejen de trabajar por obras sociales y a nosotros nos quedemos sin la cobertura por no poder afrontar estos gastos\u201d.<\/p><\/blockquote>\n<blockquote class=\"instagram-media\" data-instgrm-permalink=\"https:\/\/www.instagram.com\/p\/DM7uaRYOS0q\/?utm_source=ig_embed&amp;utm_campaign=loading\" data-instgrm-version=\"14\" style=\" background:#FFF; border:0; border-radius:3px; box-shadow:0 0 1px 0 rgba(0,0,0,0.5),0 1px 10px 0 rgba(0,0,0,0.15); margin: 1px; max-width:540px; min-width:326px; padding:0; width:99.375%; width:-webkit-calc(100% - 2px); width:calc(100% - 2px);\">\n<div style=\"padding:16px;\"> <a href=\"https:\/\/www.instagram.com\/p\/DM7uaRYOS0q\/?utm_source=ig_embed&amp;utm_campaign=loading\" style=\" background:#FFFFFF; line-height:0; padding:0 0; text-align:center; text-decoration:none; width:100%;\" target=\"_blank\"> <\/p>\n<div style=\" display: flex; flex-direction: row; align-items: center;\">\n<div style=\"background-color: #F4F4F4; border-radius: 50%; flex-grow: 0; height: 40px; margin-right: 14px; width: 40px;\"><\/div>\n<div style=\"display: flex; flex-direction: column; flex-grow: 1; justify-content: center;\">\n<div style=\" background-color: #F4F4F4; border-radius: 4px; flex-grow: 0; height: 14px; margin-bottom: 6px; width: 100px;\"><\/div>\n<div style=\" background-color: #F4F4F4; border-radius: 4px; flex-grow: 0; height: 14px; width: 60px;\"><\/div>\n<\/div>\n<\/div>\n<div style=\"padding: 19% 0;\"><\/div>\n<div style=\"display:block; height:50px; margin:0 auto 12px; width:50px;\"><svg width=\"50px\" height=\"50px\" viewBox=\"0 0 60 60\" version=\"1.1\" xmlns=\"https:\/\/www.w3.org\/2000\/svg\" xmlns:xlink=\"https:\/\/www.w3.org\/1999\/xlink\"><g stroke=\"none\" stroke-width=\"1\" fill=\"none\" fill-rule=\"evenodd\"><g transform=\"translate(-511.000000, -20.000000)\" fill=\"#000000\"><g><path d=\"M556.869,30.41 C554.814,30.41 553.148,32.076 553.148,34.131 C553.148,36.186 554.814,37.852 556.869,37.852 C558.924,37.852 560.59,36.186 560.59,34.131 C560.59,32.076 558.924,30.41 556.869,30.41 M541,60.657 C535.114,60.657 530.342,55.887 530.342,50 C530.342,44.114 535.114,39.342 541,39.342 C546.887,39.342 551.658,44.114 551.658,50 C551.658,55.887 546.887,60.657 541,60.657 M541,33.886 C532.1,33.886 524.886,41.1 524.886,50 C524.886,58.899 532.1,66.113 541,66.113 C549.9,66.113 557.115,58.899 557.115,50 C557.115,41.1 549.9,33.886 541,33.886 M565.378,62.101 C565.244,65.022 564.756,66.606 564.346,67.663 C563.803,69.06 563.154,70.057 562.106,71.106 C561.058,72.155 560.06,72.803 558.662,73.347 C557.607,73.757 556.021,74.244 553.102,74.378 C549.944,74.521 548.997,74.552 541,74.552 C533.003,74.552 532.056,74.521 528.898,74.378 C525.979,74.244 524.393,73.757 523.338,73.347 C521.94,72.803 520.942,72.155 519.894,71.106 C518.846,70.057 518.197,69.06 517.654,67.663 C517.244,66.606 516.755,65.022 516.623,62.101 C516.479,58.943 516.448,57.996 516.448,50 C516.448,42.003 516.479,41.056 516.623,37.899 C516.755,34.978 517.244,33.391 517.654,32.338 C518.197,30.938 518.846,29.942 519.894,28.894 C520.942,27.846 521.94,27.196 523.338,26.654 C524.393,26.244 525.979,25.756 528.898,25.623 C532.057,25.479 533.004,25.448 541,25.448 C548.997,25.448 549.943,25.479 553.102,25.623 C556.021,25.756 557.607,26.244 558.662,26.654 C560.06,27.196 561.058,27.846 562.106,28.894 C563.154,29.942 563.803,30.938 564.346,32.338 C564.756,33.391 565.244,34.978 565.378,37.899 C565.522,41.056 565.552,42.003 565.552,50 C565.552,57.996 565.522,58.943 565.378,62.101 M570.82,37.631 C570.674,34.438 570.167,32.258 569.425,30.349 C568.659,28.377 567.633,26.702 565.965,25.035 C564.297,23.368 562.623,22.342 560.652,21.575 C558.743,20.834 556.562,20.326 553.369,20.18 C550.169,20.033 549.148,20 541,20 C532.853,20 531.831,20.033 528.631,20.18 C525.438,20.326 523.257,20.834 521.349,21.575 C519.376,22.342 517.703,23.368 516.035,25.035 C514.368,26.702 513.342,28.377 512.574,30.349 C511.834,32.258 511.326,34.438 511.181,37.631 C511.035,40.831 511,41.851 511,50 C511,58.147 511.035,59.17 511.181,62.369 C511.326,65.562 511.834,67.743 512.574,69.651 C513.342,71.625 514.368,73.296 516.035,74.965 C517.703,76.634 519.376,77.658 521.349,78.425 C523.257,79.167 525.438,79.673 528.631,79.82 C531.831,79.965 532.853,80.001 541,80.001 C549.148,80.001 550.169,79.965 553.369,79.82 C556.562,79.673 558.743,79.167 560.652,78.425 C562.623,77.658 564.297,76.634 565.965,74.965 C567.633,73.296 568.659,71.625 569.425,69.651 C570.167,67.743 570.674,65.562 570.82,62.369 C570.966,59.17 571,58.147 571,50 C571,41.851 570.966,40.831 570.82,37.631\"><\/path><\/g><\/g><\/g><\/svg><\/div>\n<div style=\"padding-top: 8px;\">\n<div style=\" color:#3897f0; font-family:Arial,sans-serif; font-size:14px; font-style:normal; font-weight:550; line-height:18px;\">Ver esta publicaci\u00f3n en Instagram<\/div>\n<\/div>\n<div style=\"padding: 12.5% 0;\"><\/div>\n<div style=\"display: flex; flex-direction: row; margin-bottom: 14px; align-items: center;\">\n<div>\n<div style=\"background-color: #F4F4F4; border-radius: 50%; height: 12.5px; width: 12.5px; transform: translateX(0px) translateY(7px);\"><\/div>\n<div style=\"background-color: #F4F4F4; height: 12.5px; transform: rotate(-45deg) translateX(3px) translateY(1px); width: 12.5px; flex-grow: 0; margin-right: 14px; margin-left: 2px;\"><\/div>\n<div style=\"background-color: #F4F4F4; border-radius: 50%; height: 12.5px; width: 12.5px; transform: translateX(9px) translateY(-18px);\"><\/div>\n<\/div>\n<div style=\"margin-left: 8px;\">\n<div style=\" background-color: #F4F4F4; border-radius: 50%; flex-grow: 0; height: 20px; width: 20px;\"><\/div>\n<div style=\" width: 0; height: 0; border-top: 2px solid transparent; border-left: 6px solid #f4f4f4; border-bottom: 2px solid transparent; transform: translateX(16px) translateY(-4px) rotate(30deg)\"><\/div>\n<\/div>\n<div style=\"margin-left: auto;\">\n<div style=\" width: 0px; border-top: 8px solid #F4F4F4; border-right: 8px solid transparent; transform: translateY(16px);\"><\/div>\n<div style=\" background-color: #F4F4F4; flex-grow: 0; height: 12px; width: 16px; transform: translateY(-4px);\"><\/div>\n<div style=\" width: 0; height: 0; border-top: 8px solid #F4F4F4; border-left: 8px solid transparent; transform: translateY(-4px) translateX(8px);\"><\/div>\n<\/div>\n<\/div>\n<div style=\"display: flex; flex-direction: column; flex-grow: 1; justify-content: center; margin-bottom: 24px;\">\n<div style=\" background-color: #F4F4F4; border-radius: 4px; flex-grow: 0; height: 14px; margin-bottom: 6px; width: 224px;\"><\/div>\n<div style=\" background-color: #F4F4F4; border-radius: 4px; flex-grow: 0; height: 14px; width: 144px;\"><\/div>\n<\/div>\n<p><\/a><\/p>\n<p style=\" color:#c9c8cd; font-family:Arial,sans-serif; font-size:14px; line-height:17px; margin-bottom:0; margin-top:8px; overflow:hidden; padding:8px 0 7px; text-align:center; text-overflow:ellipsis; white-space:nowrap;\"><a href=\"https:\/\/www.instagram.com\/p\/DM7uaRYOS0q\/?utm_source=ig_embed&amp;utm_campaign=loading\" style=\" color:#c9c8cd; font-family:Arial,sans-serif; font-size:14px; font-style:normal; font-weight:normal; line-height:17px; text-decoration:none;\" target=\"_blank\">Una publicaci\u00f3n compartida por Familias TDAH Olavarr\u00eda \ud83e\udde1 (@familiastdaholavarria)<\/a><\/p>\n<\/div>\n<\/blockquote>\n<p><script async src=\"\/\/www.instagram.com\/embed.js\"><\/script><\/p>\n<p>Asimismo, se expresaron sobre los talleres protegidos:<strong> \u201cno dejamos de reconocer tambi\u00e9n el reclamo y la necesidad de los talleres protegidos<\/strong> que sus sueldos son inferiores a $30.000 y su labor es igual a la de cualquier trabajador\u201d.<\/p>\n<p>\u201cNo es nuestra culpa la discapacidad. No es cortar por el m\u00e1s d\u00e9bil.<strong> Es acompa\u00f1ar, crear pol\u00edticas p\u00fablicas que ayuden a quien m\u00e1s lo necesita y no cortar derechos a los m\u00e1s vulnerables<\/strong>. Entendemos que todo caso que tenga irregularidad debe ser auditado, y de no corresponder que se sancione como se debe. Pero no cortar el hilo por el que no solo m\u00e1s lo necesita y tiene un derecho real\u201d defini\u00f3 el grupo olavarriense.<\/p>\n<blockquote><p>Por \u00faltimo, dejaron su mensaje para los legisladores nacionales que ahora deber\u00e1n volver a tratar la normativa con el veto presidencial promulgado: \u201cpedimos a todos los legisladores que tengan la empat\u00eda de acompa\u00f1ar ni m\u00e1s ni menos a quienes les dimos el voto para que nos representen y digan no al veto de la emergencia en discapacidad. No sean indiferentes, vetar esta ley es abandonarnos\u201d.<\/p><\/blockquote>\n<blockquote class=\"wp-embedded-content\" data-secret=\"urntrybdCa\"><p><a href=\"https:\/\/cdnoticias.com\/index.php\/2025\/08\/01\/preocupacion-de-colegios-especiales-por-el-desfinanciamiento-en-el-area-de-discapacidad\/\">Preocupaci\u00f3n de colegios especiales por el desfinanciamiento en el \u00e1rea de discapacidad\u00a0<\/a><\/p><\/blockquote>\n<p><iframe loading=\"lazy\" class=\"wp-embedded-content\" sandbox=\"allow-scripts\" security=\"restricted\" style=\"position: absolute; visibility: hidden;\" title=\"&#8220;Preocupaci\u00f3n de colegios especiales por el desfinanciamiento en el \u00e1rea de discapacidad\u00a0&#8221; &#8212; Central de Noticias | Olavarr\u00eda\" src=\"https:\/\/cdnoticias.com\/index.php\/2025\/08\/01\/preocupacion-de-colegios-especiales-por-el-desfinanciamiento-en-el-area-de-discapacidad\/embed\/#?secret=ctKEmxtEUB#?secret=urntrybdCa\" data-secret=\"urntrybdCa\" width=\"600\" height=\"338\" frameborder=\"0\" marginwidth=\"0\" marginheight=\"0\" scrolling=\"no\"><\/iframe><\/p>\n<blockquote class=\"wp-embedded-content\" data-secret=\"uefm5ByhaF\"><p><a href=\"https:\/\/cdnoticias.com\/index.php\/2025\/08\/02\/el-gobierno-veto-las-leyes-de-jubilaciones-y-discapacidad-y-apuesta-a-bloquear-su-rechazo-en-diputados\/\">El Gobierno vet\u00f3 las leyes de jubilaciones y discapacidad y apuesta a bloquear su rechazo en Diputados<\/a><\/p><\/blockquote>\n<p><iframe loading=\"lazy\" class=\"wp-embedded-content\" sandbox=\"allow-scripts\" security=\"restricted\" style=\"position: absolute; visibility: hidden;\" title=\"&#8220;El Gobierno vet\u00f3 las leyes de jubilaciones y discapacidad y apuesta a bloquear su rechazo en Diputados&#8221; &#8212; Central de Noticias | Olavarr\u00eda\" src=\"https:\/\/cdnoticias.com\/index.php\/2025\/08\/02\/el-gobierno-veto-las-leyes-de-jubilaciones-y-discapacidad-y-apuesta-a-bloquear-su-rechazo-en-diputados\/embed\/#?secret=qauX2XKnwO#?secret=uefm5ByhaF\" data-secret=\"uefm5ByhaF\" width=\"600\" height=\"338\" frameborder=\"0\" marginwidth=\"0\" marginheight=\"0\" scrolling=\"no\"><\/iframe><\/p>\n","protected":false},"excerpt":{"rendered":"<p>Lo expres\u00f3 la Asociaci\u00f3n Civil Familias TDAH Olavarr\u00eda que remarc\u00f3 su intenci\u00f3n: \u201cbuscamos que se cumplan los derechos\u201d. Dejaron un<\/p>\n","protected":false},"author":4,"featured_media":178423,"comment_status":"closed","ping_status":"closed","sticky":false,"template":"","format":"standard","meta":{"_jetpack_memberships_contains_paid_content":false,"footnotes":""},"categories":[5,1],"tags":[],"class_list":["post-178422","post","type-post","status-publish","format-standard","has-post-thumbnail","hentry","category-informacion-general","category-portada"],"jetpack_featured_media_url":"https:\/\/i0.wp.com\/cdnoticias.com\/wp-content\/uploads\/2025\/08\/familias-TDAH-discapacidad-en-emergencia.jpg?fit=800%2C445&ssl=1","jetpack_sharing_enabled":true,"_links":{"self":[{"href":"https:\/\/cdnoticias.com\/index.php\/wp-json\/wp\/v2\/posts\/178422","targetHints":{"allow":["GET"]}}],"collection":[{"href":"https:\/\/cdnoticias.com\/index.php\/wp-json\/wp\/v2\/posts"}],"about":[{"href":"https:\/\/cdnoticias.com\/index.php\/wp-json\/wp\/v2\/types\/post"}],"author":[{"embeddable":true,"href":"https:\/\/cdnoticias.com\/index.php\/wp-json\/wp\/v2\/users\/4"}],"replies":[{"embeddable":true,"href":"https:\/\/cdnoticias.com\/index.php\/wp-json\/wp\/v2\/comments?post=178422"}],"version-history":[{"count":0,"href":"https:\/\/cdnoticias.com\/index.php\/wp-json\/wp\/v2\/posts\/178422\/revisions"}],"wp:featuredmedia":[{"embeddable":true,"href":"https:\/\/cdnoticias.com\/index.php\/wp-json\/wp\/v2\/media\/178423"}],"wp:attachment":[{"href":"https:\/\/cdnoticias.com\/index.php\/wp-json\/wp\/v2\/media?parent=178422"}],"wp:term":[{"taxonomy":"category","embeddable":true,"href":"https:\/\/cdnoticias.com\/index.php\/wp-json\/wp\/v2\/categories?post=178422"},{"taxonomy":"post_tag","embeddable":true,"href":"https:\/\/cdnoticias.com\/index.php\/wp-json\/wp\/v2\/tags?post=178422"}],"curies":[{"name":"wp","href":"https:\/\/api.w.org\/{rel}","templated":true}]}}