{"id":17839,"date":"2021-04-04T09:30:04","date_gmt":"2021-04-04T12:30:04","guid":{"rendered":"http:\/\/www.centraldenoticias.com.ar\/?p=17839"},"modified":"2021-04-04T10:45:38","modified_gmt":"2021-04-04T13:45:38","slug":"los-bancos-vuelven-a-atender-en-el-horario-habitual-de-10-a-15","status":"publish","type":"post","link":"https:\/\/cdnoticias.com\/index.php\/2021\/04\/04\/los-bancos-vuelven-a-atender-en-el-horario-habitual-de-10-a-15\/","title":{"rendered":"Los bancos vuelven a atender en el horario habitual de 10 a 15"},"content":{"rendered":"<p>A partir del lunes las entidades financieras bonaerenses retomar\u00e1n la atenci\u00f3n al p\u00fablico en la franja 10 a 15. Termina con ello el horario especial de verano que fue de 8 a 13.<!--more--><\/p>\n<hr \/>\n<p>Tras el fin del horario de verano que arranc\u00f3 en diciembre \u00faltimo,<strong> las entidades financieras abrir\u00e1n desde el lunes en el horario habitual de 10 a 15 en todo el territorio provincial<\/strong>. De esta manera Banco Provincia unificar\u00e1 la atenci\u00f3n en sus 420 sucursales.<\/p>\n<p>&nbsp;<\/p>\n<p>La novedad se confirm\u00f3 a <strong>Central de Noticias<\/strong> a trav\u00e9s del <strong>secretario general de la Asociaci\u00f3n Bancaria regional Azul, Jos\u00e9 Luis Iturralde<\/strong>.<\/p>\n<p>&nbsp;<\/p>\n<p>Se aclar\u00f3 asimismo que el cambio de horario <strong>no generar\u00e1 modificaci\u00f3n en los turnos asignados<\/strong>, ya que los pedidos de abril en adelante fueron otorgados de acuerdo con la franja de 10 a 15.<\/p>\n<p><img data-recalc-dims=\"1\" loading=\"lazy\" decoding=\"async\" class=\"aligncenter wp-image-17853 size-full\" src=\"https:\/\/i0.wp.com\/cdnoticias.com\/wp-content\/uploads\/2021\/04\/banco-provincia-00.jpg?resize=800%2C445&#038;ssl=1\" alt=\"\" width=\"800\" height=\"445\" srcset=\"https:\/\/i0.wp.com\/cdnoticias.com\/wp-content\/uploads\/2021\/04\/banco-provincia-00.jpg?w=800&amp;ssl=1 800w, https:\/\/i0.wp.com\/cdnoticias.com\/wp-content\/uploads\/2021\/04\/banco-provincia-00.jpg?resize=300%2C167&amp;ssl=1 300w, https:\/\/i0.wp.com\/cdnoticias.com\/wp-content\/uploads\/2021\/04\/banco-provincia-00.jpg?resize=768%2C427&amp;ssl=1 768w\" sizes=\"auto, (max-width: 800px) 100vw, 800px\" \/><\/p>\n<p>&nbsp;<\/p>\n<p>El <a href=\"https:\/\/cdnoticias.com\/index.php\/2020\/11\/30\/desde-este-martes-cambiaran-los-horarios-de-atencion-de-bancos\/\" target=\"_blank\" rel=\"noopener\">horario de verano se estableci\u00f3 el 30 de noviembre<\/a> \u00faltimo a trav\u00e9s del decreto 1085 del Poder Ejecutivo bonaerense, que dispuso la apertura de los bancos entre las 8 y las 13 en m\u00e1s de 90 distritos del interior de la Provincia.<\/p>\n<p>&nbsp;<\/p>\n<p><strong>La medida fue impulsada por la Asociaci\u00f3n Bancaria<\/strong>, que en octubre pasado hab\u00eda pedido modificar los horarios de apertura y cierre, as\u00ed como tambi\u00e9n los de atenci\u00f3n al p\u00fablico de las entidades bancarias, &#8220;reestableci\u00e9ndose el horario de funcionamiento estival, con la finalidad de evitar la exposici\u00f3n de los usuarios a las altas temperaturas estacionales en todo el territorio bonaerense&#8221;.<\/p>\n<p>&nbsp;<\/p>\n<p>Cabe recordar que las sucursales bancarias no abrieron el 1 y 2 de abril \u2013este jueves y viernes- debido a la festividad religiosa.<\/p>\n","protected":false},"excerpt":{"rendered":"<p>A partir del lunes las entidades financieras bonaerenses retomar\u00e1n la atenci\u00f3n al p\u00fablico en la franja 10 a 15. Termina<\/p>\n","protected":false},"author":4,"featured_media":17852,"comment_status":"closed","ping_status":"closed","sticky":false,"template":"","format":"standard","meta":{"_jetpack_memberships_contains_paid_content":false,"footnotes":""},"categories":[5,1],"tags":[],"class_list":["post-17839","post","type-post","status-publish","format-standard","has-post-thumbnail","hentry","category-informacion-general","category-portada"],"jetpack_featured_media_url":"https:\/\/i0.wp.com\/cdnoticias.com\/wp-content\/uploads\/2021\/04\/banco-provincia-01.jpg?fit=800%2C445&ssl=1","jetpack_sharing_enabled":true,"_links":{"self":[{"href":"https:\/\/cdnoticias.com\/index.php\/wp-json\/wp\/v2\/posts\/17839","targetHints":{"allow":["GET"]}}],"collection":[{"href":"https:\/\/cdnoticias.com\/index.php\/wp-json\/wp\/v2\/posts"}],"about":[{"href":"https:\/\/cdnoticias.com\/index.php\/wp-json\/wp\/v2\/types\/post"}],"author":[{"embeddable":true,"href":"https:\/\/cdnoticias.com\/index.php\/wp-json\/wp\/v2\/users\/4"}],"replies":[{"embeddable":true,"href":"https:\/\/cdnoticias.com\/index.php\/wp-json\/wp\/v2\/comments?post=17839"}],"version-history":[{"count":0,"href":"https:\/\/cdnoticias.com\/index.php\/wp-json\/wp\/v2\/posts\/17839\/revisions"}],"wp:featuredmedia":[{"embeddable":true,"href":"https:\/\/cdnoticias.com\/index.php\/wp-json\/wp\/v2\/media\/17852"}],"wp:attachment":[{"href":"https:\/\/cdnoticias.com\/index.php\/wp-json\/wp\/v2\/media?parent=17839"}],"wp:term":[{"taxonomy":"category","embeddable":true,"href":"https:\/\/cdnoticias.com\/index.php\/wp-json\/wp\/v2\/categories?post=17839"},{"taxonomy":"post_tag","embeddable":true,"href":"https:\/\/cdnoticias.com\/index.php\/wp-json\/wp\/v2\/tags?post=17839"}],"curies":[{"name":"wp","href":"https:\/\/api.w.org\/{rel}","templated":true}]}}