{"id":178297,"date":"2025-08-02T17:41:09","date_gmt":"2025-08-02T20:41:09","guid":{"rendered":"https:\/\/cdnoticias.com\/?p=178297"},"modified":"2025-08-03T10:02:05","modified_gmt":"2025-08-03T13:02:05","slug":"un-centro-deportivo-y-recreativo-para-cumplir-el-sueno-de-tantos","status":"publish","type":"post","link":"https:\/\/cdnoticias.com\/index.php\/2025\/08\/02\/un-centro-deportivo-y-recreativo-para-cumplir-el-sueno-de-tantos\/","title":{"rendered":"Un centro deportivo y recreativo para cumplir \u201cel sue\u00f1o de tantos\u201d"},"content":{"rendered":"\n<p>Lleva el nombre de Diego Armando Maradona y desde el Municipio se destac\u00f3 que busca contener la historia y los deseos de ni\u00f1os y adultos de un sector de la ciudad tantas veces postergado.<\/p>\n\n\n\n<hr class=\"wp-block-separator has-alpha-channel-opacity\"\/>\n\n\n\n<p>Este s\u00e1bado por la tarde se llev\u00f3 a cabo la <strong>inauguraci\u00f3n del Centro Deportivo y Recreativo Diego Armando Maradona,<\/strong> ubicado en el predio del ex Matadero Municipal.<\/p>\n\n\n\n<p><\/p>\n\n\n\n<p>Cientos de personas se acercaron al lugar para participar del evento pautado para las 14 horas. En los alrededores del edificio, se dispusieron propuestas pensadas para todas las edades, adem\u00e1s de la presentaci\u00f3n del periodista y escritor Alejando Apo, quien encabez\u00f3 una charla en homenaje al \u201c10\u201d.<\/p>\n\n\n\n<figure class=\"wp-block-image size-full\"><img data-recalc-dims=\"1\" loading=\"lazy\" decoding=\"async\" width=\"800\" height=\"531\" src=\"https:\/\/i0.wp.com\/cdnoticias.com\/wp-content\/uploads\/2025\/08\/Inauguracion-Centro-Recreativo-DAM-25.jpg?resize=800%2C531&#038;ssl=1\" alt=\"\" class=\"wp-image-178326\" srcset=\"https:\/\/i0.wp.com\/cdnoticias.com\/wp-content\/uploads\/2025\/08\/Inauguracion-Centro-Recreativo-DAM-25.jpg?w=1024&amp;ssl=1 1024w, https:\/\/i0.wp.com\/cdnoticias.com\/wp-content\/uploads\/2025\/08\/Inauguracion-Centro-Recreativo-DAM-25.jpg?resize=300%2C199&amp;ssl=1 300w, https:\/\/i0.wp.com\/cdnoticias.com\/wp-content\/uploads\/2025\/08\/Inauguracion-Centro-Recreativo-DAM-25.jpg?resize=768%2C510&amp;ssl=1 768w, https:\/\/i0.wp.com\/cdnoticias.com\/wp-content\/uploads\/2025\/08\/Inauguracion-Centro-Recreativo-DAM-25.jpg?resize=272%2C182&amp;ssl=1 272w\" sizes=\"auto, (max-width: 800px) 100vw, 800px\" \/><\/figure>\n\n\n\n<figure class=\"wp-block-image size-full\"><img data-recalc-dims=\"1\" loading=\"lazy\" decoding=\"async\" width=\"800\" height=\"531\" src=\"https:\/\/i0.wp.com\/cdnoticias.com\/wp-content\/uploads\/2025\/08\/Inauguracion-Centro-Recreativo-DAM-11.jpg?resize=800%2C531&#038;ssl=1\" alt=\"\" class=\"wp-image-178312\" srcset=\"https:\/\/i0.wp.com\/cdnoticias.com\/wp-content\/uploads\/2025\/08\/Inauguracion-Centro-Recreativo-DAM-11.jpg?w=1024&amp;ssl=1 1024w, https:\/\/i0.wp.com\/cdnoticias.com\/wp-content\/uploads\/2025\/08\/Inauguracion-Centro-Recreativo-DAM-11.jpg?resize=300%2C199&amp;ssl=1 300w, https:\/\/i0.wp.com\/cdnoticias.com\/wp-content\/uploads\/2025\/08\/Inauguracion-Centro-Recreativo-DAM-11.jpg?resize=768%2C510&amp;ssl=1 768w, https:\/\/i0.wp.com\/cdnoticias.com\/wp-content\/uploads\/2025\/08\/Inauguracion-Centro-Recreativo-DAM-11.jpg?resize=272%2C182&amp;ssl=1 272w\" sizes=\"auto, (max-width: 800px) 100vw, 800px\" \/><\/figure>\n\n\n\n<p>Las paredes del edificio <strong>se destacaron tanto por la conservaci\u00f3n de su fachada original como por los murales de grandes dimensiones con im\u00e1genes del deportista.<\/strong> Nadie quiso perderse la foto con alguna de las pinturas de Maradona. Incluso, un espacio ofici\u00f3 de altar para el deportista argentino que trascendi\u00f3 todas las fronteras y generaciones.<\/p>\n\n\n\n<figure class=\"wp-block-image size-full\"><img data-recalc-dims=\"1\" loading=\"lazy\" decoding=\"async\" width=\"800\" height=\"531\" src=\"https:\/\/i0.wp.com\/cdnoticias.com\/wp-content\/uploads\/2025\/08\/Inauguracion-Centro-Recreativo-DAM-04.jpg?resize=800%2C531&#038;ssl=1\" alt=\"\" class=\"wp-image-178305\" srcset=\"https:\/\/i0.wp.com\/cdnoticias.com\/wp-content\/uploads\/2025\/08\/Inauguracion-Centro-Recreativo-DAM-04.jpg?w=1024&amp;ssl=1 1024w, https:\/\/i0.wp.com\/cdnoticias.com\/wp-content\/uploads\/2025\/08\/Inauguracion-Centro-Recreativo-DAM-04.jpg?resize=300%2C199&amp;ssl=1 300w, https:\/\/i0.wp.com\/cdnoticias.com\/wp-content\/uploads\/2025\/08\/Inauguracion-Centro-Recreativo-DAM-04.jpg?resize=768%2C510&amp;ssl=1 768w, https:\/\/i0.wp.com\/cdnoticias.com\/wp-content\/uploads\/2025\/08\/Inauguracion-Centro-Recreativo-DAM-04.jpg?resize=272%2C182&amp;ssl=1 272w\" sizes=\"auto, (max-width: 800px) 100vw, 800px\" \/><\/figure>\n\n\n\n<p>El intendente Maximiliano Wesner, rodeado de parte de su gabinete y del candidato a concejal Leo Yunger, destac\u00f3 la obra destinada a familias del barrio Isaura, Eucaliptus, Bel\u00e9n, Matadero, Cuarteles, Perito Moreno.<\/p>\n\n\n\n<figure class=\"wp-block-image size-full\"><img data-recalc-dims=\"1\" loading=\"lazy\" decoding=\"async\" width=\"800\" height=\"531\" src=\"https:\/\/i0.wp.com\/cdnoticias.com\/wp-content\/uploads\/2025\/08\/Inauguracion-Centro-Recreativo-DAM-17.jpg?resize=800%2C531&#038;ssl=1\" alt=\"\" class=\"wp-image-178318\" srcset=\"https:\/\/i0.wp.com\/cdnoticias.com\/wp-content\/uploads\/2025\/08\/Inauguracion-Centro-Recreativo-DAM-17.jpg?w=1024&amp;ssl=1 1024w, https:\/\/i0.wp.com\/cdnoticias.com\/wp-content\/uploads\/2025\/08\/Inauguracion-Centro-Recreativo-DAM-17.jpg?resize=300%2C199&amp;ssl=1 300w, https:\/\/i0.wp.com\/cdnoticias.com\/wp-content\/uploads\/2025\/08\/Inauguracion-Centro-Recreativo-DAM-17.jpg?resize=768%2C510&amp;ssl=1 768w, https:\/\/i0.wp.com\/cdnoticias.com\/wp-content\/uploads\/2025\/08\/Inauguracion-Centro-Recreativo-DAM-17.jpg?resize=272%2C182&amp;ssl=1 272w\" sizes=\"auto, (max-width: 800px) 100vw, 800px\" \/><\/figure>\n\n\n\n<p>\u201cVen\u00edamos diciendo que era necesario abrazar a Olavarr\u00eda de adentro hacia afuera, y vaya si lo hicimos y lo estamos gestando\u201d, indic\u00f3 el intendente.<\/p>\n\n\n\n<figure class=\"wp-block-image size-full\"><img data-recalc-dims=\"1\" loading=\"lazy\" decoding=\"async\" width=\"800\" height=\"531\" src=\"https:\/\/i0.wp.com\/cdnoticias.com\/wp-content\/uploads\/2025\/08\/Inauguracion-Centro-Recreativo-DAM-21.jpg?resize=800%2C531&#038;ssl=1\" alt=\"\" class=\"wp-image-178322\" srcset=\"https:\/\/i0.wp.com\/cdnoticias.com\/wp-content\/uploads\/2025\/08\/Inauguracion-Centro-Recreativo-DAM-21.jpg?w=1024&amp;ssl=1 1024w, https:\/\/i0.wp.com\/cdnoticias.com\/wp-content\/uploads\/2025\/08\/Inauguracion-Centro-Recreativo-DAM-21.jpg?resize=300%2C199&amp;ssl=1 300w, https:\/\/i0.wp.com\/cdnoticias.com\/wp-content\/uploads\/2025\/08\/Inauguracion-Centro-Recreativo-DAM-21.jpg?resize=768%2C510&amp;ssl=1 768w, https:\/\/i0.wp.com\/cdnoticias.com\/wp-content\/uploads\/2025\/08\/Inauguracion-Centro-Recreativo-DAM-21.jpg?resize=272%2C182&amp;ssl=1 272w\" sizes=\"auto, (max-width: 800px) 100vw, 800px\" \/><\/figure>\n\n\n\n<p>\u201cCreemos que no solo alcanza con iluminar la emblem\u00e1tica avenida Emiliozzi para garantizar transitabilidad, seguridad, y un pedido a gritos de este sector de la ciudad. Por eso pensamos y proyectamos -y qu\u00e9 mejor con este nombre- el Centro Deportivo y Recreativo Diego Armando Maradona, porque si hay algo que nos atraviesa es ese nombre y ese apellido, de esa persona, de ese patriota, que en la gramilla y a trav\u00e9s del traslado, del pase, de empujarla a la red cumpli\u00f3 un sue\u00f1o y cumpli\u00f3 el sue\u00f1o de tantos\u201d, sintetiz\u00f3 Wesner.<\/p>\n\n\n\n<p><\/p>\n\n\n\n<p><strong>La palabra de los vecinos y vecinas<\/strong><\/p>\n\n\n\n<p><\/p>\n\n\n\n<p>Mientras se realizaba la apertura formal del edificio, vecinos y vecinas de distintas edades expresaron su opini\u00f3n sobre el nuevo espacio barrial.<\/p>\n\n\n\n<figure class=\"wp-block-image size-full\"><img data-recalc-dims=\"1\" loading=\"lazy\" decoding=\"async\" width=\"800\" height=\"531\" src=\"https:\/\/i0.wp.com\/cdnoticias.com\/wp-content\/uploads\/2025\/08\/Inauguracion-Centro-Recreativo-DAM-29.jpg?resize=800%2C531&#038;ssl=1\" alt=\"\" class=\"wp-image-178330\" srcset=\"https:\/\/i0.wp.com\/cdnoticias.com\/wp-content\/uploads\/2025\/08\/Inauguracion-Centro-Recreativo-DAM-29.jpg?w=1024&amp;ssl=1 1024w, https:\/\/i0.wp.com\/cdnoticias.com\/wp-content\/uploads\/2025\/08\/Inauguracion-Centro-Recreativo-DAM-29.jpg?resize=300%2C199&amp;ssl=1 300w, https:\/\/i0.wp.com\/cdnoticias.com\/wp-content\/uploads\/2025\/08\/Inauguracion-Centro-Recreativo-DAM-29.jpg?resize=768%2C510&amp;ssl=1 768w, https:\/\/i0.wp.com\/cdnoticias.com\/wp-content\/uploads\/2025\/08\/Inauguracion-Centro-Recreativo-DAM-29.jpg?resize=272%2C182&amp;ssl=1 272w\" sizes=\"auto, (max-width: 800px) 100vw, 800px\" \/><\/figure>\n\n\n\n<p><strong>\u201cMe parece muy buena la obra para que los chicos de este barrio tengan una contenci\u00f3n, lo necesit\u00e1bamos\u201d <\/strong>se\u00f1al\u00f3 una vecina que vive a pocos metros del nuevo centro deportivo y recreativo. Adem\u00e1s, indic\u00f3 que \u201chay m\u00e1s iluminaci\u00f3n y de a poquito est\u00e1 cambiando\u201d.<\/p>\n\n\n\n<p><\/p>\n\n\n\n<p><strong>Una de las ni\u00f1as<\/strong> que asisti\u00f3 al evento cont\u00f3: \u201cvoy a venir a las actividades\u201d y dese\u00f3 que haya espacio para la danza, puntualmente asegur\u00f3 que <strong>\u201cme gusta el reggaet\u00f3n\u201d.<\/strong><\/p>\n\n\n\n<p><\/p>\n\n\n\n<p>En tanto, <strong>Mar\u00eda, vecina del barrio Isaura <\/strong>tambi\u00e9n manifest\u00f3 su deseo de contar con <strong>\u201czumba o alguna gimnasia para damas\u201d y agreg\u00f3: \u201cse ve muy lindo y con estos dibujos espectaculares que han hecho para el barrio eso ya es muy lindo\u201d.<\/strong><\/p>\n\n\n\n<p><\/p>\n\n\n\n<p><strong>Otra de las vecinas, cuya casa queda frente al edificio<\/strong>, destac\u00f3 todo el proceso de recuperaci\u00f3n y que \u201cqued\u00f3 muy lindo, hicieron algo para los chicos. <strong>Mis hijos y mi nieta van a venir<\/strong>\u201d.<\/p>\n\n\n\n<figure class=\"wp-block-image size-full\"><img data-recalc-dims=\"1\" loading=\"lazy\" decoding=\"async\" width=\"800\" height=\"531\" src=\"https:\/\/i0.wp.com\/cdnoticias.com\/wp-content\/uploads\/2025\/08\/Inauguracion-Centro-Recreativo-DAM-27.jpg?resize=800%2C531&#038;ssl=1\" alt=\"\" class=\"wp-image-178328\" srcset=\"https:\/\/i0.wp.com\/cdnoticias.com\/wp-content\/uploads\/2025\/08\/Inauguracion-Centro-Recreativo-DAM-27.jpg?w=1024&amp;ssl=1 1024w, https:\/\/i0.wp.com\/cdnoticias.com\/wp-content\/uploads\/2025\/08\/Inauguracion-Centro-Recreativo-DAM-27.jpg?resize=300%2C199&amp;ssl=1 300w, https:\/\/i0.wp.com\/cdnoticias.com\/wp-content\/uploads\/2025\/08\/Inauguracion-Centro-Recreativo-DAM-27.jpg?resize=768%2C510&amp;ssl=1 768w, https:\/\/i0.wp.com\/cdnoticias.com\/wp-content\/uploads\/2025\/08\/Inauguracion-Centro-Recreativo-DAM-27.jpg?resize=272%2C182&amp;ssl=1 272w\" sizes=\"auto, (max-width: 800px) 100vw, 800px\" \/><\/figure>\n\n\n\n<p>Tambi\u00e9n <strong>vecinos de otros sectores de la ciudad<\/strong> se acercaron para ser parte de la inauguraci\u00f3n y resaltaron que \u201cme gust\u00f3, muy sentido todo, desde la bendici\u00f3n del cura, el intendente muy emocionado y <strong>me gusta que se gestiones y se tenga en cuenta a los barrios pobres<\/strong>\u201d.<\/p>\n\n\n\n<p><\/p>\n\n\n\n<p><strong>La obra<\/strong><\/p>\n\n\n\n<p><\/p>\n\n\n\n<p>Los trabajos realizados comprenden <strong>230 metros cuadrados remodelados cubiertos en el edificio principal, 26 metros cuadrados remodelados cubiertos en puesto policial y un plaz\u00f3n deportivo de 420 metros cuadrados.<\/strong><\/p>\n\n\n\n<figure class=\"wp-block-image size-full\"><img data-recalc-dims=\"1\" loading=\"lazy\" decoding=\"async\" width=\"800\" height=\"531\" src=\"https:\/\/i0.wp.com\/cdnoticias.com\/wp-content\/uploads\/2025\/08\/Inauguracion-Centro-Recreativo-DAM-32.jpg?resize=800%2C531&#038;ssl=1\" alt=\"\" class=\"wp-image-178333\" srcset=\"https:\/\/i0.wp.com\/cdnoticias.com\/wp-content\/uploads\/2025\/08\/Inauguracion-Centro-Recreativo-DAM-32.jpg?w=1024&amp;ssl=1 1024w, https:\/\/i0.wp.com\/cdnoticias.com\/wp-content\/uploads\/2025\/08\/Inauguracion-Centro-Recreativo-DAM-32.jpg?resize=300%2C199&amp;ssl=1 300w, https:\/\/i0.wp.com\/cdnoticias.com\/wp-content\/uploads\/2025\/08\/Inauguracion-Centro-Recreativo-DAM-32.jpg?resize=768%2C510&amp;ssl=1 768w, https:\/\/i0.wp.com\/cdnoticias.com\/wp-content\/uploads\/2025\/08\/Inauguracion-Centro-Recreativo-DAM-32.jpg?resize=272%2C182&amp;ssl=1 272w\" sizes=\"auto, (max-width: 800px) 100vw, 800px\" \/><\/figure>\n\n\n\n<p>Adem\u00e1s, el espacio cuenta con <strong>dos canchas de f\u00fatbol, dos nuevos ingresos, dos canchas de f\u00fatbol tenis, juegos para chicos y espacio con mesas y sombra <\/strong>para disfrutar del lugar.<\/p>\n\n\n\n<p><\/p>\n\n\n\n<p>Antes de la inauguraci\u00f3n, <a href=\"https:\/\/cdnoticias.com\/index.php\/2025\/07\/31\/respetamos-la-esencia-de-lo-que-ha-sido-este-edificio\/\" data-type=\"link\" data-id=\"https:\/\/cdnoticias.com\/index.php\/2025\/07\/31\/respetamos-la-esencia-de-lo-que-ha-sido-este-edificio\/\">el secretario de Obras P\u00fablicas e Infraestructura, Orfel Fari\u00f1a, destac\u00f3 el trabajo realizado<\/a> con los vecinos y vecinas desde el inicio del proyecto.<\/p>\n\n\n\n<p><\/p>\n\n\n\n<p>\u201c<strong>Empezamos con una bater\u00eda de encuentros con gente de la barriada y con las \u00e1reas propias del municipio<\/strong>. Empezaron a plantearnos sus deseos. As\u00ed fue empezando a gestarse este edificio, escuchando, como hemos hecho siempre\u201d, se\u00f1al\u00f3 Fari\u00f1a.<\/p>\n\n\n\n<p><\/p>\n\n\n\n<p>Adem\u00e1s, valor\u00f3 el<strong> respeto por la identidad del edificio y la apropiaci\u00f3n del espacio que desde antes de la inauguraci\u00f3n hicieron muchos vecinos del sector. <\/strong>\u201cEl piber\u00edo del barrio ya lo est\u00e1 usando, los juegos que tenemos ya instalados en el exterior del edificio est\u00e1n sucios de barro. Y esta es la mejor noticia que nos pueden dar\u201d, concluy\u00f3.<\/p>\n\n\n\n<p><\/p>\n","protected":false},"excerpt":{"rendered":"<p>Lleva el nombre de Diego Armando Maradona y desde el Municipio se destac\u00f3 que busca contener la historia y los<\/p>\n","protected":false},"author":5,"featured_media":178316,"comment_status":"closed","ping_status":"closed","sticky":false,"template":"","format":"standard","meta":{"_jetpack_memberships_contains_paid_content":false,"footnotes":""},"categories":[5,1],"tags":[],"class_list":["post-178297","post","type-post","status-publish","format-standard","has-post-thumbnail","hentry","category-informacion-general","category-portada"],"jetpack_featured_media_url":"https:\/\/i0.wp.com\/cdnoticias.com\/wp-content\/uploads\/2025\/08\/Inauguracion-Centro-Recreativo-DAM-15.jpg?fit=1024%2C680&ssl=1","jetpack_sharing_enabled":true,"_links":{"self":[{"href":"https:\/\/cdnoticias.com\/index.php\/wp-json\/wp\/v2\/posts\/178297","targetHints":{"allow":["GET"]}}],"collection":[{"href":"https:\/\/cdnoticias.com\/index.php\/wp-json\/wp\/v2\/posts"}],"about":[{"href":"https:\/\/cdnoticias.com\/index.php\/wp-json\/wp\/v2\/types\/post"}],"author":[{"embeddable":true,"href":"https:\/\/cdnoticias.com\/index.php\/wp-json\/wp\/v2\/users\/5"}],"replies":[{"embeddable":true,"href":"https:\/\/cdnoticias.com\/index.php\/wp-json\/wp\/v2\/comments?post=178297"}],"version-history":[{"count":0,"href":"https:\/\/cdnoticias.com\/index.php\/wp-json\/wp\/v2\/posts\/178297\/revisions"}],"wp:featuredmedia":[{"embeddable":true,"href":"https:\/\/cdnoticias.com\/index.php\/wp-json\/wp\/v2\/media\/178316"}],"wp:attachment":[{"href":"https:\/\/cdnoticias.com\/index.php\/wp-json\/wp\/v2\/media?parent=178297"}],"wp:term":[{"taxonomy":"category","embeddable":true,"href":"https:\/\/cdnoticias.com\/index.php\/wp-json\/wp\/v2\/categories?post=178297"},{"taxonomy":"post_tag","embeddable":true,"href":"https:\/\/cdnoticias.com\/index.php\/wp-json\/wp\/v2\/tags?post=178297"}],"curies":[{"name":"wp","href":"https:\/\/api.w.org\/{rel}","templated":true}]}}